{"id":2123897,"date":"2026-08-26T11:46:02","date_gmt":"2026-08-26T08:46:02","guid":{"rendered":"https:\/\/analyse.optim.biz\/?p=2123897"},"modified":"2026-08-26T11:46:02","modified_gmt":"2026-08-26T08:46:02","slug":"suspecta-de-coruptie-intr-un-dosar-dna-cristina-traila-demisioneaza-din-guvernul-bolojan","status":"publish","type":"post","link":"https:\/\/analyse.optim.biz\/?p=2123897","title":{"rendered":"Suspect\u0103 de corup\u021bie \u00eentr-un dosar DNA, Cristina Tr\u0103il\u0103 demisioneaz\u0103 din Guvernul Bolojan!"},"content":{"rendered":"<p>[analyse_image type=&#8221;featured&#8221; src=&#8221;https:\/\/cdn.expressdebanat.ro\/wp-content\/uploads\/2026\/08\/traila_cristina_demisie_guvern-scaled.jpg&#8221;]<\/p>\n<div id=\"post-area\" class=\"post-981765 post type-post status-publish format-standard has-post-thumbnail hentry category-justitie category-national category-politica tag-coruptie tag-cristina-traila tag-demisie tag-dna tag-express-de-banat tag-ilie-bolojan tag-important tag-pnl tag-secretar-general-adjunct-guvern\">\n<div id=\"social-box\">\n<ul class=\"post-social\">\n<li class=\"social-share-button\">\n<li class=\"social-share-button\">\n<li class=\"social-share-button\"><\/ul>\n<\/div>\n<div id=\"content-area\">\n<div class=\"post-image\"><img loading=\"lazy\" decoding=\"async\" width=\"620\" height=\"400\" src=\"https:\/\/cdn.expressdebanat.ro\/wp-content\/uploads\/2026\/08\/traila_cristina_demisie_guvern-620x400.jpg\" class=\"attachment-post-thumb size-post-thumb wp-post-image perfmatters-lazy\" alt=\"traila cristina demisie guvern\"><img loading=\"lazy\" decoding=\"async\" width=\"620\" height=\"400\" src=\"https:\/\/cdn.expressdebanat.ro\/wp-content\/uploads\/2026\/08\/traila_cristina_demisie_guvern-620x400.jpg\" class=\"attachment-post-thumb size-post-thumb wp-post-image\" alt=\"traila cristina demisie guvern\"><\/div>\n<p><strong>Cristina Tr\u0103il\u0103 a anun\u021bat c\u0103 \u0219i-a dat demisia din func\u021bia de secretar general adjunct al Guvernului. Ea este anchetat\u0103 de DNA \u00eentr-un dosar de corup\u021bie, al\u0103turi de un alt liberal, Mihai Barbu.<\/strong><\/p>\n<p>Om de \u00eencredere al premierului Ilie Bolojan, Cristina Tr\u0103il\u0103 face insinu\u0103ri deosebit de grave la adresa DNA, d\u00e2nd de \u00een\u021beles c\u0103 procurorii anticorup\u021bie a inventat un dosar penal care s\u0103 poat\u0103 fi valorificat mediatic de opozi\u021bia Guvernului Bolojan.<\/p>\n<p><em>\u201eSunt total nevinovat\u0103 \u0219i nu am nici cea mai mic\u0103 \u00eendoial\u0103 c\u0103 acest lucru va fi l\u0103murit \u00eenc\u0103 din faza de urm\u0103rire penal\u0103. Sunt de asemenea con\u0219tient\u0103 c\u0103 acest scandal mediatic este unul artificial, deloc \u00eent\u00e2mpl\u0103tor \u0219i care este f\u0103r\u0103 \u00eendoial\u0103 speculat \u00een detrimentul imaginii premierului Ilie Bolojan, a Guvernului Rom\u00e2niei \u0219i a PNL. Ca atare, am decis s\u0103 demisionez din func\u021bia de Secretar General Adjunct al Guvernului,\u201d<\/em> este declara\u021bia revolt\u0103toare postat\u0103 de Cristina Tr\u0103il\u0103 pe platforma Facebook.<\/p>\n<p>\u00a0<\/p>\n<p>FOTO: Inquam Photos \/<a href=\"https:\/\/inquamphotos.com\/user\/octav-ganea\">Octav\u00a0Ganea<\/a><\/p>\n<p>\u00a0<\/p>\n<\/div>\n<div id=\"social-box\">\n<ul class=\"post-social\">\n<li class=\"fb-line\">\n<li><a href=\"http:\/\/twitter.com\/share\" class=\"twitter-share-button\" data-lang=\"en\" data-count=\"horizontal\">Tweet<\/a><\/li>\n<li>\n<li><a href=\"http:\/\/pinterest.com\/pin\/create\/button\/?url=https%3A%2F%2Fexpressdebanat.ro%2Fsuspecta-de-coruptie-intr-un-dosar-dna-cristina-traila-demisioneaza-din-guvernul-bolojan%2F&amp;media=https:\/\/cdn.expressdebanat.ro\/wp-content\/uploads\/2026\/08\/traila_cristina_demisie_guvern-scaled.jpg&amp;description=Suspect%C4%83%20de%20corup%C8%9Bie%20%C3%AEntr-un%20dosar%20DNA,%20Cristina%20Tr%C4%83il%C4%83%20demisioneaz%C4%83%20din%20Guvernul%20Bolojan!\" class=\"pin-it-button\">Pin It<\/a><\/li>\n<\/ul>\n<\/div>\n<\/div>\n<div id=\"content-area\">\n<div class=\"post-image\"><img loading=\"lazy\" decoding=\"async\" width=\"620\" height=\"400\" src=\"https:\/\/cdn.expressdebanat.ro\/wp-content\/uploads\/2026\/08\/traila_cristina_demisie_guvern-620x400.jpg\" class=\"attachment-post-thumb size-post-thumb wp-post-image perfmatters-lazy\" alt=\"traila cristina demisie guvern\"><img loading=\"lazy\" decoding=\"async\" width=\"620\" height=\"400\" src=\"https:\/\/cdn.expressdebanat.ro\/wp-content\/uploads\/2026\/08\/traila_cristina_demisie_guvern-620x400.jpg\" class=\"attachment-post-thumb size-post-thumb wp-post-image\" alt=\"traila cristina demisie guvern\"><\/div>\n<p><strong>Cristina Tr\u0103il\u0103 a anun\u021bat c\u0103 \u0219i-a dat demisia din func\u021bia de secretar general adjunct al Guvernului. Ea este anchetat\u0103 de DNA \u00eentr-un dosar de corup\u021bie, al\u0103turi de un alt liberal, Mihai Barbu.<\/strong><\/p>\n<p>Om de \u00eencredere al premierului Ilie Bolojan, Cristina Tr\u0103il\u0103 face insinu\u0103ri deosebit de grave la adresa DNA, d\u00e2nd de \u00een\u021beles c\u0103 procurorii anticorup\u021bie a inventat un dosar penal care s\u0103 poat\u0103 fi valorificat mediatic de opozi\u021bia Guvernului Bolojan.<\/p>\n<p><em>\u201eSunt total nevinovat\u0103 \u0219i nu am nici cea mai mic\u0103 \u00eendoial\u0103 c\u0103 acest lucru va fi l\u0103murit \u00eenc\u0103 din faza de urm\u0103rire penal\u0103. Sunt de asemenea con\u0219tient\u0103 c\u0103 acest scandal mediatic este unul artificial, deloc \u00eent\u00e2mpl\u0103tor \u0219i care este f\u0103r\u0103 \u00eendoial\u0103 speculat \u00een detrimentul imaginii premierului Ilie Bolojan, a Guvernului Rom\u00e2niei \u0219i a PNL. Ca atare, am decis s\u0103 demisionez din func\u021bia de Secretar General Adjunct al Guvernului,\u201d<\/em> este declara\u021bia revolt\u0103toare postat\u0103 de Cristina Tr\u0103il\u0103 pe platforma Facebook.<\/p>\n<p>\u00a0<\/p>\n<p>FOTO: Inquam Photos \/<a href=\"https:\/\/inquamphotos.com\/user\/octav-ganea\">Octav\u00a0Ganea<\/a><\/p>\n<p>\u00a0<\/p>\n<\/div>\n<p>[analyse_source url=&#8221;https:\/\/expressdebanat.ro\/suspecta-de-coruptie-intr-un-dosar-dna-cristina-traila-demisioneaza-din-guvernul-bolojan\/&#8221;]<\/p>\n","protected":false},"excerpt":{"rendered":"<p>[analyse_image type=&#8221;featured&#8221; src=&#8221;https:\/\/cdn.expressdebanat.ro\/wp-content\/uploads\/2026\/08\/traila_cristina_demisie_guvern-scaled.jpg&#8221;] Cristina Tr\u0103il\u0103 a anun\u021bat c\u0103 \u0219i-a dat demisia din func\u021bia de secretar general adjunct al Guvernului. Ea este anchetat\u0103 de DNA \u00eentr-un dosar de corup\u021bie, al\u0103turi de un alt liberal, Mihai Barbu. Om de \u00eencredere al premierului Ilie Bolojan, Cristina Tr\u0103il\u0103 face insinu\u0103ri deosebit de grave la adresa DNA, d\u00e2nd de \u00een\u021beles [&hellip;]<\/p>\n","protected":false},"author":1,"featured_media":0,"comment_status":"open","ping_status":"","sticky":false,"template":"","format":"standard","meta":{"footnotes":""},"categories":[89],"tags":[226,196],"class_list":["post-2123897","post","type-post","status-publish","format-standard","hentry","category-romania","tag-crawlmanager","tag-expressdebanat-ro"],"_links":{"self":[{"href":"https:\/\/analyse.optim.biz\/index.php?rest_route=\/wp\/v2\/posts\/2123897","targetHints":{"allow":["GET"]}}],"collection":[{"href":"https:\/\/analyse.optim.biz\/index.php?rest_route=\/wp\/v2\/posts"}],"about":[{"href":"https:\/\/analyse.optim.biz\/index.php?rest_route=\/wp\/v2\/types\/post"}],"author":[{"embeddable":true,"href":"https:\/\/analyse.optim.biz\/index.php?rest_route=\/wp\/v2\/users\/1"}],"replies":[{"embeddable":true,"href":"https:\/\/analyse.optim.biz\/index.php?rest_route=%2Fwp%2Fv2%2Fcomments&post=2123897"}],"version-history":[{"count":0,"href":"https:\/\/analyse.optim.biz\/index.php?rest_route=\/wp\/v2\/posts\/2123897\/revisions"}],"wp:attachment":[{"href":"https:\/\/analyse.optim.biz\/index.php?rest_route=%2Fwp%2Fv2%2Fmedia&parent=2123897"}],"wp:term":[{"taxonomy":"category","embeddable":true,"href":"https:\/\/analyse.optim.biz\/index.php?rest_route=%2Fwp%2Fv2%2Fcategories&post=2123897"},{"taxonomy":"post_tag","embeddable":true,"href":"https:\/\/analyse.optim.biz\/index.php?rest_route=%2Fwp%2Fv2%2Ftags&post=2123897"}],"curies":[{"name":"wp","href":"https:\/\/api.w.org\/{rel}","templated":true}]}}