{"id":2123855,"date":"2026-09-01T18:51:43","date_gmt":"2026-09-01T15:51:43","guid":{"rendered":"https:\/\/analyse.optim.biz\/?p=2123855"},"modified":"2026-09-01T18:51:43","modified_gmt":"2026-09-01T15:51:43","slug":"nicusor-dan-a-semnat-eliberarea-din-functie-a-lui-vasile-draghici-unul-dintre-procurorii-din-dosarul","status":"publish","type":"post","link":"https:\/\/analyse.optim.biz\/?p=2123855","title":{"rendered":"Nicu\u0219or Dan a semnat eliberarea din func\u021bie a lui Vasile Dr\u0103ghici, unul dintre procurorii din dosarul&#8230;"},"content":{"rendered":"<p>[analyse_image type=&#8221;featured&#8221; src=&#8221;https:\/\/cdn.adh.reperio.news\/image-8\/88dd16ce-78cf-44f0-a8dd-f4108a475f1f\/index.jpeg?p=f%3Djpeg%26w%3D1200%26h%3D630%26r%3Dcover&#8221;]<\/p>\n<article class=\"svelte-x63bga\">\n<nav>\n<ul class=\"breadcrump svelte-1pk9a69\">\n<li class=\"svelte-1pk9a69\"><a href=\"https:\/\/adevarul.ro\/\" title=\"Adev\u0103rul\" class=\"svelte-1pk9a69\">Home<\/a><\/li>\n<li class=\"svelte-1pk9a69\"><a href=\"https:\/\/adevarul.ro\/stiri-interne\" class=\"svelte-1pk9a69\">\u0218tiri Interne<\/a><\/li>\n<li class=\"svelte-1pk9a69\"><a href=\"https:\/\/adevarul.ro\/stiri-interne\/evenimente\" class=\"svelte-1pk9a69\">Evenimente<\/a><\/li>\n<li class=\"svelte-1pk9a69\"><a href=\"https:\/\/adevarul.ro\/stiri-interne\/evenimente\/nicusor-dan-a-semnat-eliberarea-din-functie-a-lui-2553496.html\" class=\"svelte-1pk9a69\">Nicu\u0219or Dan a semnat eliberarea din func\u021bie a lui Vasile Dr\u0103ghici, unul dintre procurorii din dosarul \u201eFlota\u201d, \u00een care a fost trimis \u00een judecat\u0103 Traian B\u0103sescu<\/a><\/li>\n<\/ul>\n<\/nav>\n<p><main class=\"svelte-x63bga\"><\/p>\n<p>Pre\u0219edintele Nicu\u0219or Dan a semnat mar\u021bi nou\u0103 decrete de eliberare din func\u021bie prin pensionare, pentru cinci judec\u0103tori \u0219i patru procurori. Printre cei viza\u021bi se num\u0103r\u0103 \u0219i Vasile Dr\u0103ghici, magistrat al Parchetului de pe l\u00e2ng\u0103 Curtea de Apel Constan\u021ba \u0219i unul dintre procurorii care au semnat rechizitoriul din dosarul \u201eFlota\u201d, \u00een care a fost trimis \u00een judecat\u0103 Traian B\u0103sescu.<\/p>\n<div class=\"container-image  svelte-1xbw4f3\"><source type=\"image\/webp\" srcset=\"https:\/\/cdn.adh.reperio.news\/image-8\/88dd16ce-78cf-44f0-a8dd-f4108a475f1f\/index.jpeg?p=a%3D1%26co%3D1.05%26w%3D1400%26h%3D750%26r%3Dcontain%26f%3Dwebp 1400w\" media=\"(min-width: 1400px)\" \/><\/p>\n<div class=\"caption svelte-1xbw4f3\"><span class=\"captionText svelte-1xbw4f3\">Pre\u0219edintele a semnat nou\u0103 decrete de eliberare din func\u021bie <span class=\"source svelte-1xbw4f3\">Foto: Inquam Photos \/ Octav Ganea<\/span><\/span><\/div>\n<\/div>\n<p>Potrivit decretului preziden\u021bial, eliberarea sa din func\u021bie a procurorului Vasile Dr\u0103ghici a intrat \u00een vigoare la data de 1 septembrie 2026:\u00a0<\/p>\n<p>Pre\u0219edintele Rom\u00e2niei, Nicu\u0219or Dan, a semnat mar\u021bi \u201e<i>decretul privind eliberarea din func\u021bia de procuror a domnului Dr\u0103ghici Vasile, procuror \u00een cadrul Parchetului de pe l\u00e2ng\u0103 Curtea de Apel Constan\u021ba, delegat \u00een func\u021bia de procuror-\u0219ef Sec\u021bie urm\u0103rire penal\u0103 la aceea\u0219i unitate de parchet, cu grad profesional corespunz\u0103tor Parchetului de pe l\u00e2ng\u0103 \u00cenalta Curte de Casa\u021bie \u0219i Justi\u021bie\u201d, <\/i>se arat\u0103 \u00eentr-un comunicat al Administra\u021biei preziden\u021biale<\/p>\n<h2>Numele lui Vasile Dr\u0103ghici este legat de dosarul \u201eFlota\u201d<\/h2>\n<p>Vasile Dr\u0103ghici este unul dintre cei mai cunoscu\u021bi procurori ai sistemului judiciar const\u0103n\u021bean. De-a lungul carierei, a ocupat func\u021bii de conducere \u00een Ministerul Public, inclusiv \u00een cadrul fostului Parchet Na\u021bional Anticorup\u021bie (PNA), actuala DNA.<\/p>\n<p>Magistratul a devenit cunoscut la nivel na\u021bional \u00een 2004, c\u00e2nd, al\u0103turi de procurorul Ioan O\u021bel, a semnat rechizitoriul din celebrul dosar \u201eFlota\u201d, cauz\u0103 \u00een care au fost trimi\u0219i \u00een judecat\u0103 zeci de inculpa\u021bi, printre care \u0219i fostul pre\u0219edinte, ex-ministru al Transporturilor, Traian B\u0103sescu.<\/p>\n<p>Ancheta viza modul \u00een care au fost \u00eenstr\u0103inate nave din patrimoniul companiei CNM Petromin, procurorii estim\u00e2nd la acel moment un prejudiciu de sute de milioane de dolari.<\/p>\n<p>\u00cen 2011, cel\u0103lalt procuror,\u00a0<a href=\"https:\/\/adevarul.ro\/stiri-locale\/constanta\/procurorul-care-l-a-trimis-in-judecata-pe-traian-1036385.html\">Ioan O\u0163el, fostul \u015fef al Direc\u0163iei Na\u0163ionale Anticorup\u0163ie Constan\u0163a, a fost g\u0103sit mort. \u00een locuin\u0163a sa.\u00a0<\/a><\/p>\n<p>Amintim c\u0103, \u00een 2015, <a href=\"https:\/\/adevarul.ro\/stiri-interne\/evenimente\/traian-basescu-si-dosarul-flota-dna-a-clasat-1594660.html\">procurorii Direc\u0163iei Na\u0163ionale Anticorup\u0163ie (DNA) au decis clasarea dosarului \u201eFlota\u201d.<\/a><\/p>\n<p>Potrivit DNA, infrac\u0163iunea de abuz \u00een serviciu, de care era acuzat Traian B\u0103sescu \u00een dosarul Flota, nu exist\u0103, deoarece prin exercitarea func\u0163iilor de decizie \u00een cadrul Ministerului Transporturilor \u00een perioada 1990-1992 \u015fi 1996-2000, B\u0103sescu nu a produs \u015fi nu a determinat producerea vreunui prejudiciu \u00een patrimoniul CNM Petromin SA Constan\u0163a.\u00a0<\/p>\n<p>\u00cen ultimii ani, Vasile Dr\u0103ghici a activat la Parchetul de pe l\u00e2ng\u0103 Curtea de Apel Constan\u021ba \u0219i a fost implicat inclusiv \u00een activit\u0103\u021bi de formare profesional\u0103 \u00een cadrul Institutului Na\u021bional al Magistraturii.<\/p>\n<h2>Al\u021bi opt magistra\u021bi ies la pensie<\/h2>\n<p>De asemenea, pre\u0219edintele Nicu\u0219or Dan a semnat \u0219i decretele privind eliberarea din func\u021bie a procurorilor Cornelia Dumitrescu, Venera-Gra\u021biela L\u0103zureanu \u0219i Lauren\u021biu Bratosin, to\u021bi trei activ\u00e2nd \u00een cadrul Parchetului de pe l\u00e2ng\u0103 Curtea de Apel Constan\u021ba \u0219i av\u00e2nd grad profesional corespunz\u0103tor Parchetului de pe l\u00e2ng\u0103 \u00cenalta Curte de Casa\u021bie \u0219i Justi\u021bie.<\/p>\n<p>Prin decretele semnate de \u0219eful statului au fost elibera\u021bi din func\u021bie, prin pensionare, \u0219i urm\u0103torii judec\u0103tori:<\/p>\n<p>Ionu\u021b Scarlat-Com\u0103nescu, judec\u0103tor la Curtea de Apel Pite\u0219ti;<\/p>\n<p>Ion-Cosmin Sima, judec\u0103tor la Tribunalul Mehedin\u021bi \u0219i vicepre\u0219edinte delegat al instan\u021bei;<\/p>\n<p>Manuela-Cristina Istrate, judec\u0103tor la Tribunalul D\u00e2mbovi\u021ba;<\/p>\n<p>Iuliana-Alina Neam\u021b, judec\u0103tor la Tribunalul Cluj;<\/p>\n<p>Carmen-Nicoleta Bo\u0219ca-Mati\u0219, judec\u0103tor la Tribunalul Arad.<\/p>\n<p><\/p>\n<p><\/main><\/p>\n<footer class=\"svelte-x63bga\">\n<div class=\"related-wrap related-footer svelte-78g0vl\"><span class=\"related-label svelte-78g0vl\">Cite\u0219te \u0219i<\/span><a class=\"related svelte-78g0vl\" data-gtrack=\"{&quot;event&quot;:&quot;utm_click&quot;,&quot;data&quot;:{&quot;event_category&quot;:&quot;article_related&quot;}}\" href=\"https:\/\/adevarul.ro\/stiri-locale\/constanta\/procurorul-care-l-a-trimis-in-judecata-pe-traian-1036385.html\" title=\"Alt articol de interes pentru tine\"><img decoding=\"async\" class=\"thumb svelte-78g0vl\" src=\"https:\/\/cdn.adh.reperio.news\/image-6\/69b309e3-7071-4b63-8e08-ef3c1e0551bb\/index.png?p=f%3Dwebp%26w%3D120%26h%3D80%26r%3Dcover%26a%3D0\" alt loading=\"lazy\" width=\"80\" height=\"54\"><span class=\"title svelte-78g0vl\">Procurorul care l-a trimis \u00een judecat\u0103 pe Traian B\u0103sescu \u00een dosarul \u201eFlota\u201c, g\u0103sit mort dup\u0103 trei zile UPDATE<\/span><\/a><a class=\"related svelte-78g0vl\" data-gtrack=\"{&quot;event&quot;:&quot;utm_click&quot;,&quot;data&quot;:{&quot;event_category&quot;:&quot;article_related&quot;}}\" href=\"https:\/\/adevarul.ro\/stiri-locale\/constanta\/update-inca-o-lopata-de-pamant-peste-dosarul-1042216.html\" title=\"Alt articol de interes pentru tine\"><img decoding=\"async\" class=\"thumb svelte-78g0vl\" src=\"https:\/\/cdn.adh.reperio.news\/image-6\/69b309e3-7071-4b63-8e08-ef3c1e0551bb\/index.png?p=f%3Dwebp%26w%3D120%26h%3D80%26r%3Dcover%26a%3D0\" alt loading=\"lazy\" width=\"80\" height=\"54\"><span class=\"title svelte-78g0vl\">UPDATE \u00cenc\u0103 o lopat\u0103 de p\u0103m\u00e2nt peste dosarul Flota: procurorul O\u0163el, \u00eenmorm\u00e2ntat \u00een grab\u0103 FOTOGALERIE<\/span><\/a><a class=\"related svelte-78g0vl\" data-gtrack=\"{&quot;event&quot;:&quot;utm_click&quot;,&quot;data&quot;:{&quot;event_category&quot;:&quot;article_related&quot;}}\" href=\"https:\/\/adevarul.ro\/stiri-interne\/evenimente\/traian-basescu-si-dosarul-flota-dna-a-clasat-1594660.html\" title=\"Alt articol de interes pentru tine\"><img decoding=\"async\" class=\"thumb svelte-78g0vl\" src=\"https:\/\/cdn.adh.reperio.news\/image-6\/69b309e3-7071-4b63-8e08-ef3c1e0551bb\/index.png?p=f%3Dwebp%26w%3D120%26h%3D80%26r%3Dcover%26a%3D0\" alt loading=\"lazy\" width=\"80\" height=\"54\"><span class=\"title svelte-78g0vl\">Traian B\u0103sescu \u015fi dosarul Flota: DNA a clasat dosarul \u00een care fostul \u015fef al statului era acuzat de mai multe fapte de corup\u0163ie<\/span><\/a><\/div>\n<div class=\"meta svelte-x63bga\">\n<div class=\"authors svelte-x63bga\"><span class=\"names svelte-x63bga\"><a href=\"https:\/\/adevarul.ro\/author\/1228\" rel=\"author\" class=\"svelte-x63bga\">Cristina Stancu<\/a><\/span><\/p>\n<div class=\"_hydratable\" data-props=\"%7B%22showLive%22%3Atrue%7D\" data-context=\"%7B%22parentBlockColumnCount%22%3A%7B%22value%22%3A0%2C%22type%22%3A%22store%2Freadable%22%7D%2C%22parentBlockBackgroundColor%22%3A%7B%22type%22%3A%22store%2Freadable%22%7D%7D\" data-component=\"ShareButton\">\n<div class=\"shareButtons svelte-itwbrr\">\n<div class=\"liveSessions metaFont svelte-1maxmbf\"><span class=\"value svelte-1maxmbf\">1<\/span> live <\/div>\n<\/div>\n<\/div>\n<\/div>\n<div class=\"tags svelte-1l3vwp1\"><span class=\"tags-label metaFont svelte-1l3vwp1\">Cite\u0219te mai multe despre<\/span><\/p>\n<div class=\"tags-list svelte-1l3vwp1\"><a href=\"https:\/\/adevarul.ro\/tag\/nicu%C8%99or%20dan\" title=\"Ultimele \u0219tiri despre nicu\u0219or dan\" class=\"tag-pill svelte-1l3vwp1\">nicu\u0219or dan<\/a><a href=\"https:\/\/adevarul.ro\/tag\/dosarul%20flota\" title=\"Ultimele \u0219tiri despre dosarul flota\" class=\"tag-pill svelte-1l3vwp1\">dosarul flota<\/a><\/div>\n<\/div>\n<\/div>\n<p><a class=\"moreFromCategory svelte-x63bga\" href=\"https:\/\/adevarul.ro\/stiri-interne\/evenimente\" title=\"Evenimente\">Mai multe din <strong class=\"svelte-x63bga\">Evenimente<\/strong> \u203a<\/a><\/footer>\n<\/article>\n<p>[analyse_source url=&#8221;https:\/\/adevarul.ro\/stiri-interne\/evenimente\/nicusor-dan-a-semnat-eliberarea-din-functie-a-lui-2553496.html&#8221;]<\/p>\n","protected":false},"excerpt":{"rendered":"<p>[analyse_image type=&#8221;featured&#8221; src=&#8221;https:\/\/cdn.adh.reperio.news\/image-8\/88dd16ce-78cf-44f0-a8dd-f4108a475f1f\/index.jpeg?p=f%3Djpeg%26w%3D1200%26h%3D630%26r%3Dcover&#8221;] Home \u0218tiri Interne Evenimente Nicu\u0219or Dan a semnat eliberarea din func\u021bie a lui Vasile Dr\u0103ghici, unul dintre procurorii din dosarul \u201eFlota\u201d, \u00een care a fost trimis \u00een judecat\u0103 Traian B\u0103sescu Pre\u0219edintele Nicu\u0219or Dan a semnat mar\u021bi nou\u0103 decrete de eliberare din func\u021bie prin pensionare, pentru cinci judec\u0103tori \u0219i patru procurori. Printre cei [&hellip;]<\/p>\n","protected":false},"author":1,"featured_media":0,"comment_status":"open","ping_status":"","sticky":false,"template":"","format":"standard","meta":{"footnotes":""},"categories":[89],"tags":[19,226],"class_list":["post-2123855","post","type-post","status-publish","format-standard","hentry","category-romania","tag-adevarul","tag-crawlmanager"],"_links":{"self":[{"href":"https:\/\/analyse.optim.biz\/index.php?rest_route=\/wp\/v2\/posts\/2123855","targetHints":{"allow":["GET"]}}],"collection":[{"href":"https:\/\/analyse.optim.biz\/index.php?rest_route=\/wp\/v2\/posts"}],"about":[{"href":"https:\/\/analyse.optim.biz\/index.php?rest_route=\/wp\/v2\/types\/post"}],"author":[{"embeddable":true,"href":"https:\/\/analyse.optim.biz\/index.php?rest_route=\/wp\/v2\/users\/1"}],"replies":[{"embeddable":true,"href":"https:\/\/analyse.optim.biz\/index.php?rest_route=%2Fwp%2Fv2%2Fcomments&post=2123855"}],"version-history":[{"count":0,"href":"https:\/\/analyse.optim.biz\/index.php?rest_route=\/wp\/v2\/posts\/2123855\/revisions"}],"wp:attachment":[{"href":"https:\/\/analyse.optim.biz\/index.php?rest_route=%2Fwp%2Fv2%2Fmedia&parent=2123855"}],"wp:term":[{"taxonomy":"category","embeddable":true,"href":"https:\/\/analyse.optim.biz\/index.php?rest_route=%2Fwp%2Fv2%2Fcategories&post=2123855"},{"taxonomy":"post_tag","embeddable":true,"href":"https:\/\/analyse.optim.biz\/index.php?rest_route=%2Fwp%2Fv2%2Ftags&post=2123855"}],"curies":[{"name":"wp","href":"https:\/\/api.w.org\/{rel}","templated":true}]}}