{"id":2123850,"date":"2026-09-02T06:56:29","date_gmt":"2026-09-02T03:56:29","guid":{"rendered":"https:\/\/analyse.optim.biz\/?p=2123850"},"modified":"2026-09-02T06:56:29","modified_gmt":"2026-09-02T03:56:29","slug":"un-zmeu-la-inceput-de-septembrie","status":"publish","type":"post","link":"https:\/\/analyse.optim.biz\/?p=2123850","title":{"rendered":"Un zmeu la \u00eenceput de septembrie"},"content":{"rendered":"<p>[analyse_image type=&#8221;featured&#8221; src=&#8221;https:\/\/cdn.adh.reperio.news\/image-3\/348a5bc7-c074-4541-a88c-e6ef7b7e4a06\/index.jpeg?p=f%3Djpeg%26w%3D1200%26h%3D630%26r%3Dcover&#8221;]<\/p>\n<article class=\"svelte-x63bga\">\n<nav>\n<ul class=\"breadcrump svelte-1pk9a69\">\n<li class=\"svelte-1pk9a69\"><a href=\"https:\/\/adevarul.ro\/\" title=\"Adev\u0103rul\" class=\"svelte-1pk9a69\">Home<\/a><\/li>\n<li class=\"svelte-1pk9a69\"><a href=\"https:\/\/adevarul.ro\/blogurile-adevarul\" class=\"svelte-1pk9a69\">Opinii<\/a><\/li>\n<li class=\"svelte-1pk9a69\"><a href=\"https:\/\/adevarul.ro\/blogurile-adevarul\/un-zmeu-la-inceput-de-septembrie-2553500.html\" class=\"svelte-1pk9a69\">Un zmeu la \u00eenceput de septembrie<\/a><\/li>\n<\/ul>\n<\/nav>\n<p><main class=\"svelte-x63bga\"><\/p>\n<p>C\u00e2nd vara se sub\u021biaz\u0103, dar toamna \u00eenc\u0103 nu \u0219i-a intrat \u00een drepturi, adeseori m\u0103 g\u00e2ndesc la un zmeu. Nu unul furios \u0219i nici pus pe r\u0103piri, ci un zmeu preocupat de propria \u00eenf\u0103\u021bi\u0219are. Cu el \u00eencep o serie despre imaginarul balcanic \u0219i despre figurile lui uimitoare. <\/p>\n<div class=\"container-image  svelte-1xbw4f3\"><source type=\"image\/webp\" srcset=\"https:\/\/cdn.adh.reperio.news\/image-9\/904eb6e9-f61d-4f71-822e-526ea459e698\/index.jpeg?p=a%3D1%26co%3D1.05%26w%3D1400%26h%3D750%26r%3Dcontain%26f%3Dwebp 1400w\" media=\"(min-width: 1400px)\" \/><\/p>\n<div class=\"caption svelte-1xbw4f3\"><span class=\"captionText svelte-1xbw4f3\">Zmeul la rom\u00e2ni <span class=\"source svelte-1xbw4f3\">Foto: Doina Ru\u0219ti<\/span><\/span><\/div>\n<\/div>\n<p>Dintre multele pove\u0219ti cu zmei face parte \u0219i una care ascunde o dram\u0103. Este un text scurt, cu un subiect memorabil, demn de un roman.<\/p>\n<p>Cutreier\u00e2nd Valea Prahovei, zmeul s-a \u00eent\u00e2lnit la un moment dat cu un om care, de frica lui, s-a f\u0103cut \u0219i mai mic dec\u00e2t era. Dar, \u00een loc s\u0103-l amenin\u021be sau s\u0103-l ucid\u0103, zmeul i-a cerut o consulta\u021bie bizar\u0103:<\/p>\n<p>\u2014 Spune-mi, te rog, omule, \u021bi se pare c\u0103 sunt frumos?<\/p>\n<p>Nu-l \u00eentreba \u00een general despre zmei, ci era interesat doar de sine. Voia s\u0103 \u0219tie ce p\u0103rere avea acel om banal despre \u00eenf\u0103\u021bi\u0219area sa de zmeu. Voia s\u0103 afle dac\u0103 \u00eel considera ar\u0103tos. Dac\u0103 \u00eei st\u00e2rnea admira\u021bia sau nu.<\/p>\n<p>Omul, \u00eencol\u021bit de zmeu cu o \u00eentrebare at\u00e2t de categoric\u0103, s-a ar\u0103tat mai \u00eent\u00e2i politicos \u0219i s-a repezit s\u0103-l complimenteze, l\u0103ud\u00e2ndu-i frumuse\u021bea:<\/p>\n<p>\u2014 Ochii \u00ee\u021bi sunt ca ni\u0219te ferestre, solzii str\u0103lucesc \u00een lumina soarelui, iar aripile sunt de un cenu\u0219iu perfect. E\u0219ti, de departe, cel mai frumos zmeu pe care l-am \u00eent\u00e2lnit, a min\u021bit omul, care nu mai v\u0103zuse niciodat\u0103 un zmeu.<\/p>\n<p>\u00cens\u0103 zmeul a z\u00e2mbit cu oarecare nemul\u021bumire:<\/p>\n<p>\u2014 Haide, omule, nu te sfii, spune-mi dac\u0103 exist\u0103 cumva \u0219i aspecte mai pu\u021bin reu\u0219ite! Vreau s\u0103 aud tot-tot!<\/p>\n<p>Cuprins pe nea\u0219teptate de scrupule, omul recunoscu c\u0103 existau \u0219i defecte:<\/p>\n<p>\u2014 Urechile sunt cam cl\u0103p\u0103uge, iar coada stric\u0103 aproape totul\u2026<\/p>\n<p>\u2014 Ce are coada mea? a vrut zmeul s\u0103 \u0219tie.<\/p>\n<p>Omul a ezitat din nou, dar, cuprins dintr-odat\u0103 de credin\u021ba c\u0103 vorbele sale \u00eel vor face pe zmeu s\u0103 vad\u0103 adev\u0103rul, a continuat cu glas lin:<\/p>\n<p>\u2014 Coada este prea lung\u0103 \u0219i seam\u0103n\u0103 cu a unui c\u00e2ine.<\/p>\n<p>Prin urmare, faptul c\u0103 avea coad\u0103 ar mai fi fost cum ar mai fi fost. Dar ea nici m\u0103car nu era una de zmeu.<\/p>\n<p>\u00cen jur s-a l\u0103sat t\u0103cerea. Omul privea obidit v\u00e2rful tremur\u0103tor al cozii, iar secundele au trecut unele dup\u0103 altele, p\u00e2n\u0103 c\u00e2nd zmeul a scos dintr-o mi\u0219care securea \u0219i a \u00eentins-o spre criticul s\u0103u, poruncindu-i:<\/p>\n<p>\u2014 Love\u0219te-m\u0103! Love\u0219te cu toat\u0103 puterea, uite aici, dup\u0103 ceaf\u0103!<\/p>\n<p>Ini\u021bial, omul nu s-a clintit, dar, \u00eencurajat de insisten\u021ba zmeului, a pus m\u00e2na pe secure \u0219i i-a f\u0103cut o t\u0103ietur\u0103 ad\u00e2nc\u0103.<\/p>\n<p>Cu s\u00e2ngele \u0219iroind, zmeul a disp\u0103rut pe drumul pe care venise. \u0218i nimeni nu l-a mai v\u0103zut timp de un an.<\/p>\n<p>\u00centr-o diminea\u021b\u0103, omul s-a pomenit cu zmeul \u00een poart\u0103.<\/p>\n<p>\u2014 Uite-te bine: aceasta este cicatricea f\u0103cut\u0103 de tine!<\/p>\n<p>Omul a vrut s\u0103 se apere, dar zmeul i-a f\u0103cut semn s\u0103 asculte.<\/p>\n<p>\u2014 Rana care p\u0103rea at\u00e2t de grav\u0103 acum un an, \u00eentre timp s-a vindecat. Abia dac\u0103 a mai r\u0103mas o urm\u0103 ne\u00eensemnat\u0103. Pe c\u00e2t\u0103 vreme cuvintele tale\u2026 Ei bine, omule, cuvintele pe care mi le-ai spus \u00eenc\u0103 sap\u0103 \u00een sufletul meu r\u0103nit.<\/p>\n<p>N-au fost ni\u0219te vorbe u\u0219or de uitat. Zmeul continuase s\u0103 se g\u00e2ndeasc\u0103 zi de zi la imaginea pe care i-o dezv\u0103luise omul. \u00cen mintea lui, coada care \u00eel f\u0103cea s\u0103 semene cu un c\u00e2ine luase propor\u021bii. Orice-ar fi f\u0103cut, \u00een fa\u021ba ochilor \u00eei f\u00e2lf\u00e2ia jalnic nu coada sa, ci aceea pe care i-o descrisese omul.<\/p>\n<p>\u2014 Exist\u0103 o singur\u0103 cale de a vindeca rana sufletului, spuse zmeul, iar omul speriat se preg\u0103ti s\u0103 aprobe orice-ar fi fost.<\/p>\n<p>\u2014 Va trebui s\u0103 te omor, pentru ca, odat\u0103 cu tine, s\u0103 dispar\u0103 \u0219i coada de c\u00e2ine care se hr\u0103ne\u0219te din mintea ta!<\/p>\n<p>\u0218i, f\u0103r\u0103 s\u0103 stea prea mult pe g\u00e2nduri, scoase sabia \u0219i \u00eel ucise pe omul care \u00eel f\u0103cuse s\u0103 sufere un an \u00eentreg.<\/p>\n<p>Acest om \u00ee\u0219i imaginase c\u0103 zmeul, care, ori\u0219ic\u00e2t, era zmeu, chiar avea nevoie de opinia lui! Or, ca orice fiin\u021b\u0103, acesta nu-\u0219i dorise dec\u00e2t s\u0103 fie apreciat de un om.<\/p>\n<p>Ceea ce r\u0103m\u00e2ne un mister pentru mine este \u00eencrederea pe care zmeul o are \u00een cuv\u00e2ntul unui om oarecare. El nu pune nicio clip\u0103 la \u00eendoial\u0103 gustul estetic al acestuia. \u00cei acord\u0103 credit total \u0219i nici nu-\u0219i pune problema c\u0103 aceast\u0103 viziune s-ar putea schimba dup\u0103 aceea. Ve\u021bi zice c\u0103 aceasta este limita \u0219i drama sa. <\/p>\n<p>\u00cen orice fiin\u021b\u0103 criticat\u0103, pe drept sau pe nedrept, p\u00e2n\u0103 la urm\u0103 cre\u0219te un astfel de zmeu.<\/p>\n<p><i>Doina Ru\u0219ti<\/i><\/p>\n<p>dup\u0103 un text cules de Hasdeu.<\/p>\n<p><\/main><\/p>\n<footer class=\"svelte-x63bga\">\n<div class=\"meta svelte-x63bga\">\n<div class=\"authors svelte-x63bga\"><span class=\"names svelte-x63bga\"><a href=\"https:\/\/adevarul.ro\/author\/1805\" rel=\"author\" class=\"svelte-x63bga\">Doina Ru\u0219ti<\/a><\/span><\/p>\n<div class=\"_hydratable\" data-props=\"%7B%22showLive%22%3Atrue%7D\" data-context=\"%7B%22parentBlockColumnCount%22%3A%7B%22value%22%3A0%2C%22type%22%3A%22store%2Freadable%22%7D%2C%22parentBlockBackgroundColor%22%3A%7B%22type%22%3A%22store%2Freadable%22%7D%7D\" data-component=\"ShareButton\">\n<div class=\"shareButtons svelte-itwbrr\">\n<div class=\"liveSessions metaFont svelte-1maxmbf\"><span class=\"value svelte-1maxmbf\">1<\/span> live <\/div>\n<\/div>\n<\/div>\n<\/div>\n<div class=\"tags svelte-1l3vwp1\"><span class=\"tags-label metaFont svelte-1l3vwp1\">Cite\u0219te mai multe despre<\/span><\/p>\n<div class=\"tags-list svelte-1l3vwp1\"><a href=\"https:\/\/adevarul.ro\/tag\/doina%20ru%C8%99ti\" title=\"Ultimele \u0219tiri despre doina ru\u0219ti\" class=\"tag-pill svelte-1l3vwp1\">doina ru\u0219ti<\/a><a href=\"https:\/\/adevarul.ro\/tag\/zmeu\" title=\"Ultimele \u0219tiri despre zmeu\" class=\"tag-pill svelte-1l3vwp1\">zmeu<\/a><a href=\"https:\/\/adevarul.ro\/tag\/balcanic\" title=\"Ultimele \u0219tiri despre balcanic\" class=\"tag-pill svelte-1l3vwp1\">balcanic<\/a><\/div>\n<\/div>\n<\/div>\n<p><a class=\"moreFromCategory svelte-x63bga\" href=\"https:\/\/adevarul.ro\/blogurile-adevarul\" title=\"Opinii\">Mai multe din <strong class=\"svelte-x63bga\">Opinii<\/strong> \u203a<\/a><\/footer>\n<\/article>\n<p>[analyse_source url=&#8221;https:\/\/adevarul.ro\/blogurile-adevarul\/un-zmeu-la-inceput-de-septembrie-2553500.html&#8221;]<\/p>\n","protected":false},"excerpt":{"rendered":"<p>[analyse_image type=&#8221;featured&#8221; src=&#8221;https:\/\/cdn.adh.reperio.news\/image-3\/348a5bc7-c074-4541-a88c-e6ef7b7e4a06\/index.jpeg?p=f%3Djpeg%26w%3D1200%26h%3D630%26r%3Dcover&#8221;] Home Opinii Un zmeu la \u00eenceput de septembrie C\u00e2nd vara se sub\u021biaz\u0103, dar toamna \u00eenc\u0103 nu \u0219i-a intrat \u00een drepturi, adeseori m\u0103 g\u00e2ndesc la un zmeu. Nu unul furios \u0219i nici pus pe r\u0103piri, ci un zmeu preocupat de propria \u00eenf\u0103\u021bi\u0219are. Cu el \u00eencep o serie despre imaginarul balcanic \u0219i despre figurile [&hellip;]<\/p>\n","protected":false},"author":1,"featured_media":0,"comment_status":"open","ping_status":"","sticky":false,"template":"","format":"standard","meta":{"footnotes":""},"categories":[89],"tags":[19,226],"class_list":["post-2123850","post","type-post","status-publish","format-standard","hentry","category-romania","tag-adevarul","tag-crawlmanager"],"_links":{"self":[{"href":"https:\/\/analyse.optim.biz\/index.php?rest_route=\/wp\/v2\/posts\/2123850","targetHints":{"allow":["GET"]}}],"collection":[{"href":"https:\/\/analyse.optim.biz\/index.php?rest_route=\/wp\/v2\/posts"}],"about":[{"href":"https:\/\/analyse.optim.biz\/index.php?rest_route=\/wp\/v2\/types\/post"}],"author":[{"embeddable":true,"href":"https:\/\/analyse.optim.biz\/index.php?rest_route=\/wp\/v2\/users\/1"}],"replies":[{"embeddable":true,"href":"https:\/\/analyse.optim.biz\/index.php?rest_route=%2Fwp%2Fv2%2Fcomments&post=2123850"}],"version-history":[{"count":0,"href":"https:\/\/analyse.optim.biz\/index.php?rest_route=\/wp\/v2\/posts\/2123850\/revisions"}],"wp:attachment":[{"href":"https:\/\/analyse.optim.biz\/index.php?rest_route=%2Fwp%2Fv2%2Fmedia&parent=2123850"}],"wp:term":[{"taxonomy":"category","embeddable":true,"href":"https:\/\/analyse.optim.biz\/index.php?rest_route=%2Fwp%2Fv2%2Fcategories&post=2123850"},{"taxonomy":"post_tag","embeddable":true,"href":"https:\/\/analyse.optim.biz\/index.php?rest_route=%2Fwp%2Fv2%2Ftags&post=2123850"}],"curies":[{"name":"wp","href":"https:\/\/api.w.org\/{rel}","templated":true}]}}