{"id":2123847,"date":"2026-09-01T17:55:25","date_gmt":"2026-09-01T14:55:25","guid":{"rendered":"https:\/\/analyse.optim.biz\/?p=2123847"},"modified":"2026-09-01T17:55:25","modified_gmt":"2026-09-01T14:55:25","slug":"surse-pe-cine-vrea-nicusor-dan-la-externe-si-aparare-usr-din-nou-in-fata-unei-mari-dileme","status":"publish","type":"post","link":"https:\/\/analyse.optim.biz\/?p=2123847","title":{"rendered":"SURSE Pe cine vrea Nicu\u0219or Dan la Externe \u0219i Ap\u0103rare. USR, din nou \u00een fa\u021ba unei mari dileme"},"content":{"rendered":"<p>[analyse_image type=&#8221;featured&#8221; src=&#8221;https:\/\/cdn.adh.reperio.news\/image-c\/c1e73cf2-8a1a-40b7-a920-4524f77aad53\/index.jpeg?p=f%3Djpeg%26w%3D1200%26h%3D630%26r%3Dcover&#8221;]<\/p>\n<article class=\"svelte-x63bga\">\n<nav>\n<ul class=\"breadcrump svelte-1pk9a69\">\n<li class=\"svelte-1pk9a69\"><a href=\"https:\/\/adevarul.ro\/\" title=\"Adev\u0103rul\" class=\"svelte-1pk9a69\">Home<\/a><\/li>\n<li class=\"svelte-1pk9a69\"><a href=\"https:\/\/adevarul.ro\/politica\" class=\"svelte-1pk9a69\">Politic\u0103<\/a><\/li>\n<li class=\"svelte-1pk9a69\"><a href=\"https:\/\/adevarul.ro\/politica\/surse-pe-cine-vrea-nicusor-dan-la-externe-si-2553344.html\" class=\"svelte-1pk9a69\">SURSE Pe cine vrea Nicu\u0219or Dan la Externe \u0219i Ap\u0103rare. USR, din nou \u00een fa\u021ba unei mari dileme <\/a><\/li>\n<\/ul>\n<\/nav>\n<p><main class=\"svelte-x63bga\"><\/p>\n<p>Indiferent de numele viitorului prim-ministru, pre\u0219edintele Nicu\u0219or Dan va alege titularii de la Externe \u0219i Ap\u0103rare, dou\u0103 portofolii aflate \u00eentr-o rela\u021bie str\u00e2ns\u0103 cu atribu\u021biile pre\u0219edintelui &#8211; \u0219ef al diploma\u021biei \u0219i comandant suprem al Armatei.<\/p>\n<div class=\"container-image  svelte-1xbw4f3\"><source type=\"image\/webp\" srcset=\"https:\/\/cdn.adh.reperio.news\/image-c\/c1e73cf2-8a1a-40b7-a920-4524f77aad53\/index.jpeg?p=a%3D1%26co%3D1.05%26w%3D1400%26h%3D750%26r%3Dcontain%26f%3Dwebp 1400w\" media=\"(min-width: 1400px)\" \/><\/p>\n<div class=\"caption svelte-1xbw4f3\"><span class=\"captionText svelte-1xbw4f3\">Ca alternativa, Nicusor Dan se gandeste la doi fosti ambasadori  <span class=\"source svelte-1xbw4f3\">Foto: INQUAM<\/span><\/span><\/div>\n<\/div>\n<p>Nicu\u0219or Dan \u00eencearc\u0103 \u00een aceste zile s\u0103 o conving\u0103 pe Oana \u021aoiu s\u0103 continue ca ministru de Externe \u0219i \u00een viitorul Executiv, chiar daca\u0306 USR va trece \u00een opozi\u021bie, sus\u021bin surse politice pentru Adev\u0103rul. \u00cen ultimul an, Nicu\u0219or Dan \u0219i Oana \u021aoiu au avut o colaborare foarte bun\u0103, explic\u0103 surse din conducerea USR. <\/p>\n<p>\u00cens\u0103 Oana \u021aoiu nu vrea, momentan, s\u0103 se dezic\u0103 de USR, partid aflat \u00eentr-o rela\u021bie complicat\u0103 cu \u0219eful statului. Pe de o parte, <a href=\"https:\/\/adevarul.ro\/alegeri-prezidentiale-2025\/elena-lasconi-demisioneaza-din-functia-de-2440824.html\">USR \u201ca sacrificat-o\u201d pe Elena Lasconi<\/a> pentru a-l sus\u021bine pe Nicu\u0219or Dan \u00een cursa preziden\u021bial\u0103. Apoi, Nicu\u0219or Dan a impus USR la guvernare, dar parteneriatul s-a rupt dup\u0103 amendamentul depus de PSD care l-a l\u0103sat pe Dominic Fritz f\u0103r\u0103 mandat de primar cu doi ani \u00eenainte de alegeri.<\/p>\n<div class=\"container-image  svelte-1xbw4f3\"><source type=\"image\/webp\" srcset=\"https:\/\/cdn.adh.reperio.news\/image-3\/3cb77ff1-6ae3-4a0b-bf52-9c677f1babf2\/index.jpeg?p=a%3D1%26co%3D1.05%26w%3D1400%26h%3D750%26r%3Dcontain%26f%3Dwebp 1400w\" media=\"(min-width: 1400px)\" \/><\/p>\n<div class=\"caption svelte-1xbw4f3\"><span class=\"captionText svelte-1xbw4f3\">Luca Niculescu <span class=\"source svelte-1xbw4f3\">Foto: FB<\/span><\/span><\/div>\n<\/div>\n<p>\u00cen cazul \u00een care Oana \u021aoiu va refuza oferta pre\u0219edintelui de a continua ca ministru, Nicu\u0219or Dan \u00eel prefer\u0103 la Externe pe Luca Niculescu, fost ambasador al Rom\u00e2niei la Paris, \u00een prezent secretar de stat \u00een MAE \u0219i negociator pentru aderarea la OCDE. \u0218i Luca Niculescu a avut o rela\u021bie apropiat\u0103 cu \u0219eful statului \u00een ultimul an.<\/p>\n<p>De partea cealalt\u0103, la Ap\u0103rare, actualul ministru Radu Miru\u021b\u0103 este unul dintre apropia\u021bii pre\u0219edintelui Nicu\u0219or Dan. \u00cens\u0103, la fel ca Oana \u021aoiu, nici Radu Miru\u021b\u0103 nu vrea s\u0103 \u00eencalce direc\u021bia impus\u0103 de partid \u0219i e preg\u0103tit s\u0103 renun\u021be la func\u021bie. \u201e<i>Nicu\u0219or Dan pune presiune ca Miru\u021b\u0103 \u0219i \u021aoiu s\u0103 r\u0103m\u00e2ne mini\u0219tri, dar asta ar \u00eensemna o tr\u0103dare fa\u021b\u0103 de Fritz. E o ofert\u0103 otr\u0103vit\u0103. Nu cred c\u0103 cei doi vor accepta, de\u0219i sunt foarte apropia\u021bi de Nicu\u0219or Dan<\/i>\u201d, explic\u0103 surse din conducerea USR.<\/p>\n<div class=\"container-image  svelte-1xbw4f3\"><source type=\"image\/webp\" srcset=\"https:\/\/cdn.adh.reperio.news\/image-b\/b10578d9-cefd-441b-88fb-ba33bebd64cd\/index.jpeg?p=a%3D1%26co%3D1.05%26w%3D1400%26h%3D750%26r%3Dcontain%26f%3Dwebp 1400w\" media=\"(min-width: 1400px)\" \/><\/p>\n<div class=\"caption svelte-1xbw4f3\"><span class=\"captionText svelte-1xbw4f3\">Dan Necul\u0103escu <span class=\"source svelte-1xbw4f3\">Foto: MAE<\/span><\/span><\/div>\n<\/div>\n<p>\u00cen cazul \u00een care USR \u00ee\u0219i p\u0103streaz\u0103 decizia de a trece \u00een opozi\u021bie, alesul lui Nicu\u0219or Dan pentru func\u021bia de ministru al Ap\u0103r\u0103rii este Dan Necul\u0103escu, ambasadorul Rom\u00e2niei la NATO. De altfel, Necul\u0103escu a fost propus la Ap\u0103rare \u0219i \u00een Guvernul Ve\u0219tea, care \u00een final a picat la vot \u00een Parlament.<\/p>\n<h2>\u201eA fost o criz\u0103 politic\u0103 care ne-a dep\u0103\u0219it previziunile\u201d<\/h2>\n<p>Pre\u015fedintele Nicu\u015for Dan a recunoscut mar\u021bi, 1 septembrie, la Palatul Cotroceni, \u00een fa\u021ba \u015fefilor misiunilor diplomatice \u015fi ai oficiilor consulare rom\u00e2ne\u015fti din str\u0103in\u0103tate, afla\u0163i \u00een aceste zile la Bucure\u015fti, la Reuniunea Anual\u0103 a Diploma\u0163iei Rom\u00e2ne, c\u0103 actuala criz\u0103 politic\u0103 i-a dep\u0103\u0219it previziunile. \u201e<i>\u00cemi pare r\u0103u c\u0103 nu am reu\u0219it, a\u0219a cum ne-am fi dorit, s\u0103 realiz\u0103m rota\u021bia \u00een cursul acestei veri. A fost o criz\u0103 politic\u0103 care ne-a dep\u0103\u0219it previziunile \u0219i sper ca, \u00een rela\u021bia cu viitorul Guvern, oricare va fi el, s\u0103 reu\u0219im s\u0103 g\u0103sim pozi\u021bia potrivit\u0103 pentru Ministerul de Externe. Pentru c\u0103 exist\u0103, \u0219tim to\u021bi, exist\u0103 chestiuni logistice importante, am\u00e2nate, \u0219i pe partea de finan\u021bare, \u0219i pe partea de sedii administrative ale Rom\u00e2niei \u00een afar\u0103, \u0219i politic\u0103 extern\u0103, inclusiv din perspectiv\u0103 economic\u0103, este o zon\u0103 asupra c\u0103reia trebuie s\u0103 ne concentr\u0103m, deci sper c\u0103, pe partea administrativ\u0103, vom avea ni\u0219te progrese \u00een cursul anului care urmeaz\u0103\u201d,<\/i>\u00a0a spus pre\u0219edintele.<\/p>\n<p><\/main><\/p>\n<footer class=\"svelte-x63bga\">\n<div class=\"related-wrap related-footer svelte-78g0vl\"><span class=\"related-label svelte-78g0vl\">Cite\u0219te \u0219i<\/span><a class=\"related svelte-78g0vl\" data-gtrack=\"{&quot;event&quot;:&quot;utm_click&quot;,&quot;data&quot;:{&quot;event_category&quot;:&quot;article_related&quot;}}\" href=\"https:\/\/adevarul.ro\/politica\/de-ce-este-udmr-pol-de-influenta-in-plina-criza-2537744.html\" title=\"Alt articol de interes pentru tine\"><img decoding=\"async\" class=\"thumb svelte-78g0vl\" src=\"https:\/\/cdn.adh.reperio.news\/image-d\/dbc85358-ed88-4061-bbf0-7044f47c0bd7\/index.jpeg?p=f%3Dwebp%26w%3D120%26h%3D80%26r%3Dcover%26a%3D0\" alt loading=\"lazy\" width=\"80\" height=\"54\"><span class=\"title svelte-78g0vl\">De ce este UDMR pol de influen\u0163\u0103 \u00een plin\u0103 criz\u0103 guvernamental\u0103. Analist: \u201eAsta e o constant\u0103 a politicii postdecembriste\u201d<\/span><\/a><a class=\"related svelte-78g0vl\" data-gtrack=\"{&quot;event&quot;:&quot;utm_click&quot;,&quot;data&quot;:{&quot;event_category&quot;:&quot;article_related&quot;}}\" href=\"https:\/\/adevarul.ro\/politica\/george-simion-anunta-data-pana-la-care-nu-va-fi-2553163.html\" title=\"Alt articol de interes pentru tine\"><img decoding=\"async\" class=\"thumb svelte-78g0vl\" src=\"https:\/\/cdn.adh.reperio.news\/image-0\/082249bf-0062-41e3-83e0-c1f78532f452\/index.jpeg?p=f%3Dwebp%26w%3D120%26h%3D80%26r%3Dcover%26a%3D0\" alt loading=\"lazy\" width=\"80\" height=\"54\"><span class=\"title svelte-78g0vl\">George Simion anun\u021b\u0103 data p\u00e2n\u0103 la care nu va fi desemnat un nou premier. Liderul AUR cere alegeri anticipate<\/span><\/a><a class=\"related svelte-78g0vl\" data-gtrack=\"{&quot;event&quot;:&quot;utm_click&quot;,&quot;data&quot;:{&quot;event_category&quot;:&quot;article_related&quot;}}\" href=\"https:\/\/adevarul.ro\/stiri-interne\/evenimente\/a-fost-o-criza-politica-care-ne-a-depasit-2553305.html\" title=\"Alt articol de interes pentru tine\"><img decoding=\"async\" class=\"thumb svelte-78g0vl\" src=\"https:\/\/cdn.adh.reperio.news\/image-0\/039c2ca7-c91d-4545-a4e5-6dd0ee08f4d6\/index.jpeg?p=f%3Dwebp%26w%3D120%26h%3D80%26r%3Dcover%26a%3D0\" alt loading=\"lazy\" width=\"80\" height=\"54\"><span class=\"title svelte-78g0vl\">\u201eA fost o criz\u0103 politic\u0103 care ne-a dep\u0103\u0219it  previziunile\u201d. Nicu\u0219or Dan s-a adresat \u0219efilor misiunilor diplomatice<\/span><\/a><\/div>\n<div class=\"meta svelte-x63bga\">\n<div class=\"authors svelte-x63bga\"><span class=\"names svelte-x63bga\"><a href=\"https:\/\/adevarul.ro\/author\/2076\" rel=\"author\" class=\"svelte-x63bga\">Lucian Mironescu<\/a><\/span><\/p>\n<div class=\"_hydratable\" data-props=\"%7B%22showLive%22%3Atrue%7D\" data-context=\"%7B%22parentBlockColumnCount%22%3A%7B%22value%22%3A0%2C%22type%22%3A%22store%2Freadable%22%7D%2C%22parentBlockBackgroundColor%22%3A%7B%22type%22%3A%22store%2Freadable%22%7D%7D\" data-component=\"ShareButton\">\n<div class=\"shareButtons svelte-itwbrr\">\n<div class=\"liveSessions metaFont svelte-1maxmbf\"><span class=\"value svelte-1maxmbf\">1<\/span> live <\/div>\n<\/div>\n<\/div>\n<\/div>\n<div class=\"tags svelte-1l3vwp1\"><span class=\"tags-label metaFont svelte-1l3vwp1\">Cite\u0219te mai multe despre<\/span><\/p>\n<div class=\"tags-list svelte-1l3vwp1\"><a href=\"https:\/\/adevarul.ro\/tag\/nicusor%20dan\" title=\"Ultimele \u0219tiri despre nicusor dan\" class=\"tag-pill svelte-1l3vwp1\">nicusor dan<\/a><a href=\"https:\/\/adevarul.ro\/tag\/criza%20politica%202026\" title=\"Ultimele \u0219tiri despre criza politica 2026\" class=\"tag-pill svelte-1l3vwp1\">criza politica 2026<\/a><a href=\"https:\/\/adevarul.ro\/tag\/ministerul%20afacerilor%20externe\" title=\"Ultimele \u0219tiri despre ministerul afacerilor externe\" class=\"tag-pill svelte-1l3vwp1\">ministerul afacerilor externe<\/a><a href=\"https:\/\/adevarul.ro\/tag\/radu%20miru%C8%9B%C4%83\" title=\"Ultimele \u0219tiri despre radu miru\u021b\u0103\" class=\"tag-pill svelte-1l3vwp1\">radu miru\u021b\u0103<\/a><a href=\"https:\/\/adevarul.ro\/tag\/oana%20%C8%9Boiu\" title=\"Ultimele \u0219tiri despre oana \u021boiu\" class=\"tag-pill svelte-1l3vwp1\">oana \u021boiu<\/a><a href=\"https:\/\/adevarul.ro\/tag\/ministerul%20apararii%20nationale\" title=\"Ultimele \u0219tiri despre ministerul apararii nationale\" class=\"tag-pill svelte-1l3vwp1\">ministerul apararii nationale<\/a><a href=\"https:\/\/adevarul.ro\/tag\/negocieri%20guvern\" title=\"Ultimele \u0219tiri despre negocieri guvern\" class=\"tag-pill svelte-1l3vwp1\">negocieri guvern<\/a><a href=\"https:\/\/adevarul.ro\/tag\/luca%20niculescu\" title=\"Ultimele \u0219tiri despre luca niculescu\" class=\"tag-pill svelte-1l3vwp1\">luca niculescu<\/a><\/div>\n<\/div>\n<\/div>\n<p><a class=\"moreFromCategory svelte-x63bga\" href=\"https:\/\/adevarul.ro\/politica\" title=\"Politic\u0103\">Mai multe din <strong class=\"svelte-x63bga\">Politic\u0103<\/strong> \u203a<\/a><\/footer>\n<\/article>\n<p>[analyse_source url=&#8221;https:\/\/adevarul.ro\/politica\/surse-pe-cine-vrea-nicusor-dan-la-externe-si-2553344.html&#8221;]<\/p>\n","protected":false},"excerpt":{"rendered":"<p>[analyse_image type=&#8221;featured&#8221; src=&#8221;https:\/\/cdn.adh.reperio.news\/image-c\/c1e73cf2-8a1a-40b7-a920-4524f77aad53\/index.jpeg?p=f%3Djpeg%26w%3D1200%26h%3D630%26r%3Dcover&#8221;] Home Politic\u0103 SURSE Pe cine vrea Nicu\u0219or Dan la Externe \u0219i Ap\u0103rare. USR, din nou \u00een fa\u021ba unei mari dileme Indiferent de numele viitorului prim-ministru, pre\u0219edintele Nicu\u0219or Dan va alege titularii de la Externe \u0219i Ap\u0103rare, dou\u0103 portofolii aflate \u00eentr-o rela\u021bie str\u00e2ns\u0103 cu atribu\u021biile pre\u0219edintelui &#8211; \u0219ef al diploma\u021biei \u0219i comandant suprem [&hellip;]<\/p>\n","protected":false},"author":1,"featured_media":0,"comment_status":"open","ping_status":"","sticky":false,"template":"","format":"standard","meta":{"footnotes":""},"categories":[89],"tags":[19,226],"class_list":["post-2123847","post","type-post","status-publish","format-standard","hentry","category-romania","tag-adevarul","tag-crawlmanager"],"_links":{"self":[{"href":"https:\/\/analyse.optim.biz\/index.php?rest_route=\/wp\/v2\/posts\/2123847","targetHints":{"allow":["GET"]}}],"collection":[{"href":"https:\/\/analyse.optim.biz\/index.php?rest_route=\/wp\/v2\/posts"}],"about":[{"href":"https:\/\/analyse.optim.biz\/index.php?rest_route=\/wp\/v2\/types\/post"}],"author":[{"embeddable":true,"href":"https:\/\/analyse.optim.biz\/index.php?rest_route=\/wp\/v2\/users\/1"}],"replies":[{"embeddable":true,"href":"https:\/\/analyse.optim.biz\/index.php?rest_route=%2Fwp%2Fv2%2Fcomments&post=2123847"}],"version-history":[{"count":0,"href":"https:\/\/analyse.optim.biz\/index.php?rest_route=\/wp\/v2\/posts\/2123847\/revisions"}],"wp:attachment":[{"href":"https:\/\/analyse.optim.biz\/index.php?rest_route=%2Fwp%2Fv2%2Fmedia&parent=2123847"}],"wp:term":[{"taxonomy":"category","embeddable":true,"href":"https:\/\/analyse.optim.biz\/index.php?rest_route=%2Fwp%2Fv2%2Fcategories&post=2123847"},{"taxonomy":"post_tag","embeddable":true,"href":"https:\/\/analyse.optim.biz\/index.php?rest_route=%2Fwp%2Fv2%2Ftags&post=2123847"}],"curies":[{"name":"wp","href":"https:\/\/api.w.org\/{rel}","templated":true}]}}