{"id":212384,"date":"2014-02-14T16:37:39","date_gmt":"2014-02-14T13:37:39","guid":{"rendered":"https:\/\/analyse.optim.biz\/?p=212384"},"modified":"2014-02-14T16:37:39","modified_gmt":"2014-02-14T13:37:39","slug":"victor-ponta-am-ales-sa-pastram-usl-cea-mai-buna-formula-de-guvernare","status":"publish","type":"post","link":"https:\/\/analyse.optim.biz\/?p=212384","title":{"rendered":"Victor Ponta: Am ales s\u0103 p\u0103str\u0103m USL, cea mai bun\u0103 formul\u0103 de guvernare"},"content":{"rendered":"<div class=\"entry data-app-meta data-app-meta-article\" data-embed-base-url-canonical=\"https:\/\/www.digi24.ro\/embed\/stiri\/actualitate\/politica\/victor-ponta-am-ales-sa-pastram-usl-cea-mai-buna-formula-de-guvernare-200546\">\n<p data-index=\"1\">\u201e<em><strong>Am ales ! Am ales ca, \u00een 2014-2016, s\u0103 p\u0103str\u0103m formula de succes USL. Cred c\u0103 cea mai bun\u0103 formul\u0103 de guvernare este USL\u201d<\/strong><\/em>, a spus <strong>Victor Ponta<\/strong>, f\u0103r\u0103 s\u0103 r\u0103spund\u0103 la alte \u00eentreb\u0103ri pe aceast\u0103 tem\u0103, \u00een pofida insisten\u0163elor presei, informeaz\u0103 Mediafax.<\/p>\n<p data-index=\"2\">El nu a dorit nici s\u0103 precizeze dac\u0103 postul de pre\u015fedinte al Senatului apar\u0163ine, de fapt, PNL sau PC, conform protocolului de func\u0163ionare a USL.<\/p>\n<p data-index=\"3\">Pre\u015fedintele PNL,<strong> Crin Antonescu<\/strong>, declarase, joi, c\u0103 premierul Victor Ponta are de r\u0103spuns \u201ecet\u0103\u0163enilor din Rom\u00e2nia\u201e\u00a0p\u00e2n\u0103 luni dac\u0103 mai vrea s\u0103 fac\u0103 guvern cu PNL, cu <strong>Klaus Iohannis<\/strong> vicepremier, sau construie\u015fte alt\u0103 alian\u0163\u0103, cu<strong>\u00a0Gabriel Oprea<\/strong>,\u00a0<strong>Daniel Constantin<\/strong>\u00a0\u015fi\u00a0<strong>Dan Voiculescu<\/strong>. \u00a0<\/p>\n<p data-index=\"4\">Crin Antonescu\u00a0a mai precizat c\u0103<a href=\"https:\/\/www.digi24.ro\/Stiri\/Digi24\/Actualitate\/Politica\/Crin+Antonescu+la+Digi24+Domnul+Ponta+s-a+obisnuit+sa+vorbeasca+\" target=\"_blank\" data-skip-linkfix=\"1\" rel=\"noopener\"><strong> foarte mul\u021bi liberali sunt dezam\u0103gi\u021bi<\/strong><\/a> de maniera \u00een care, de la o zi la alta, partenerii din alian\u021b\u0103 \u0219i\u00a0Victor Ponta\u00a0se \u00eendep\u0103rteaz\u0103 de \u201espiritul, obiectivele \u0219i regulile\u201d USL.<\/p>\n<p data-index=\"5\">\u201e<span>\u00cen acela\u0219i timp, c\u0103ut\u0103m toate resursele \u00een ceea ce ne prive\u0219te de a merge mai departe. Nu mai depinde de noi, partenerii trebuie s\u0103 \u00een\u021beleag\u0103 c\u0103 mergem mai departe pe pozi\u021biile pe care am pornit, nu devenim altceva\u201d, a punctat pre\u0219edintele PNL.<\/span><\/p>\n<\/div>\n<p> Source URL: https:\/\/www.digi24.ro\/stiri\/actualitate\/politica\/victor-ponta-am-ales-sa-pastram-usl-cea-mai-buna-formula-de-guvernare-200546<\/p>\n","protected":false},"excerpt":{"rendered":"<p>\u201eAm ales ! Am ales ca, \u00een 2014-2016, s\u0103 p\u0103str\u0103m formula de succes USL. Cred c\u0103 cea mai bun\u0103 formul\u0103 de guvernare este USL\u201d, a spus Victor Ponta, f\u0103r\u0103 s\u0103 r\u0103spund\u0103 la alte \u00eentreb\u0103ri pe aceast\u0103 tem\u0103, \u00een pofida insisten\u0163elor presei, informeaz\u0103 Mediafax. El nu a dorit nici s\u0103 precizeze dac\u0103 postul de pre\u015fedinte al [&hellip;]<\/p>\n","protected":false},"author":1,"featured_media":212385,"comment_status":"open","ping_status":"","sticky":false,"template":"","format":"standard","meta":{"footnotes":""},"categories":[2],"tags":[11],"class_list":["post-212384","post","type-post","status-publish","format-standard","has-post-thumbnail","hentry","category-politics","tag-digi24"],"_links":{"self":[{"href":"https:\/\/analyse.optim.biz\/index.php?rest_route=\/wp\/v2\/posts\/212384","targetHints":{"allow":["GET"]}}],"collection":[{"href":"https:\/\/analyse.optim.biz\/index.php?rest_route=\/wp\/v2\/posts"}],"about":[{"href":"https:\/\/analyse.optim.biz\/index.php?rest_route=\/wp\/v2\/types\/post"}],"author":[{"embeddable":true,"href":"https:\/\/analyse.optim.biz\/index.php?rest_route=\/wp\/v2\/users\/1"}],"replies":[{"embeddable":true,"href":"https:\/\/analyse.optim.biz\/index.php?rest_route=%2Fwp%2Fv2%2Fcomments&post=212384"}],"version-history":[{"count":0,"href":"https:\/\/analyse.optim.biz\/index.php?rest_route=\/wp\/v2\/posts\/212384\/revisions"}],"wp:featuredmedia":[{"embeddable":true,"href":"https:\/\/analyse.optim.biz\/index.php?rest_route=\/wp\/v2\/media\/212385"}],"wp:attachment":[{"href":"https:\/\/analyse.optim.biz\/index.php?rest_route=%2Fwp%2Fv2%2Fmedia&parent=212384"}],"wp:term":[{"taxonomy":"category","embeddable":true,"href":"https:\/\/analyse.optim.biz\/index.php?rest_route=%2Fwp%2Fv2%2Fcategories&post=212384"},{"taxonomy":"post_tag","embeddable":true,"href":"https:\/\/analyse.optim.biz\/index.php?rest_route=%2Fwp%2Fv2%2Ftags&post=212384"}],"curies":[{"name":"wp","href":"https:\/\/api.w.org\/{rel}","templated":true}]}}