{"id":2123838,"date":"2026-09-01T23:00:25","date_gmt":"2026-09-01T20:00:25","guid":{"rendered":"https:\/\/analyse.optim.biz\/?p=2123838"},"modified":"2026-09-01T23:00:25","modified_gmt":"2026-09-01T20:00:25","slug":"vanzarile-producatorilor-de-alimente-au-scazut-cu-30-50-solutia-la-care-se-gandesc-acum","status":"publish","type":"post","link":"https:\/\/analyse.optim.biz\/?p=2123838","title":{"rendered":"V\u00e2nz\u0103rile produc\u0103torilor de alimente au sc\u0103zut cu 30-50%. Solu\u021bia la care se g\u00e2ndesc acum"},"content":{"rendered":"<p>[analyse_image type=&#8221;featured&#8221; src=&#8221;https:\/\/cdn.adh.reperio.news\/image-f\/f51fb1f9-befc-44f3-89f4-3e7c1681c167\/index.jpeg?p=f%3Djpeg%26w%3D1200%26h%3D630%26r%3Dcover&#8221;]<\/p>\n<article class=\"svelte-x63bga\">\n<nav>\n<ul class=\"breadcrump svelte-1pk9a69\">\n<li class=\"svelte-1pk9a69\"><a href=\"https:\/\/adevarul.ro\/\" title=\"Adev\u0103rul\" class=\"svelte-1pk9a69\">Home<\/a><\/li>\n<li class=\"svelte-1pk9a69\"><a href=\"https:\/\/adevarul.ro\/stiri-locale\" class=\"svelte-1pk9a69\">\u0218tiri locale<\/a><\/li>\n<li class=\"svelte-1pk9a69\"><a href=\"https:\/\/adevarul.ro\/stiri-locale\/slatina\" class=\"svelte-1pk9a69\">Slatina<\/a><\/li>\n<li class=\"svelte-1pk9a69\"><a href=\"https:\/\/adevarul.ro\/stiri-locale\/slatina\/vanzarile-producatorilor-de-alimente-au-scazut-cu-2553261.html\" class=\"svelte-1pk9a69\">V\u00e2nz\u0103rile produc\u0103torilor de alimente au sc\u0103zut cu 30-50%. Solu\u021bia la care se g\u00e2ndesc acum<\/a><\/li>\n<\/ul>\n<\/nav>\n<p><main class=\"svelte-x63bga\"><\/p>\n<p>Cererea este \u00eentr-o continu\u0103 sc\u0103dere, constat\u0103 produc\u0103torii de hran\u0103. De\u0219i v\u00e2nd la vechile pre\u021buri, mic\u0219or\u00e2ndu-\u0219i profitul p\u00e2n\u0103 la limita de a nu-\u0219i mai putea acoperi costurile, pr\u0103bu\u0219irea puterii de cump\u0103rare le pune micile afaceri \u00een pericol.<\/p>\n<div class=\"container-image  svelte-1xbw4f3\"><source type=\"image\/webp\" srcset=\"https:\/\/cdn.adh.reperio.news\/image-f\/f51fb1f9-befc-44f3-89f4-3e7c1681c167\/index.jpeg?p=a%3D1%26co%3D1.05%26w%3D1400%26h%3D750%26r%3Dcontain%26f%3Dwebp 1400w\" media=\"(min-width: 1400px)\" \/><\/p>\n<div class=\"caption svelte-1xbw4f3\"><span class=\"captionText svelte-1xbw4f3\">Cosmin M\u0103nndic\u0103 (st\u00e2nga) \u0219i Emil Dobre spun c\u0103 au sc\u0103zut \u00eengrijor\u0103tor v\u00e2nz\u0103rile <span class=\"source svelte-1xbw4f3\">Foto: Alina Mitran<\/span><\/span><\/div>\n<\/div>\n<p>Produc\u0103torii de hran\u0103 care \u00ee\u0219i desfac direct produsele c\u0103tre consumatori spun c\u0103, de\u0219i v\u00e2nd la acelea\u0219i pre\u021buri de anul trecut sau chiar de acum trei ani, desfac cu 30-50% mai pu\u021bin\u0103 marf\u0103 dec\u00e2t anul trecut. Puterea de cump\u0103rare \u00een picaj ar fi prima dintre cauze, cred ace\u0219tia, la care se adaug\u0103 schimbarea comportamentului cump\u0103r\u0103torilor.<\/p>\n<p>\u00cen pia\u021ba volant\u0103 din Slatina, din centrul ora\u0219ului, deschis\u0103 \u00een fiecare zi de duminic\u0103 pe perioada sezonului cald, clien\u021bii lipsesc aproape cu des\u0103v\u00e2r\u0219ire. Ultimele zile din august sunt deosebit de c\u0103lduroase, e \u0219i perioada concediilor, \u00eens\u0103 lipsa cump\u0103r\u0103torilor se explic\u0103 dincolo de cele dou\u0103 argumente. <\/p>\n<p>\u201e<i>\u0218i \u00een pia\u021b\u0103, ca \u0219i \u00een societate, ca \u0219i peste tot, se vede o anumit\u0103 crispare, o anumit\u0103 nesiguran\u021b\u0103, o anumit\u0103 precau\u021bie. Acum, pe domeniul meu, \u00eentotdeauna, \u00een iulie \u0219i august, au fost lunile cu un nivel al v\u00e2nz\u0103rilor extrem de redus. Consumul de miere la rom\u00e2ni este axat pe zona aceea de terapie. \u0218i tot timpul omul se g\u00e2nde\u0219te mai mult \u00een timpul iernii la aportul de vitamine\u201d,<\/i> spune Cosmin M\u0103ndic\u0103, un apicultor ale c\u0103rui produse au avut c\u0103utare \u00eenc\u0103 de c\u00e2nd a \u00eenceput s\u0103 v\u00e2nd\u0103 cu am\u0103nuntul. <\/p>\n<p>\u00centre timp a ajuns s\u0103 livreze \u0219i printr-un lan\u021b de supermarketuri, iar mierea \u0219i produsele sale apicole ajung acum \u0219i \u00een magazine din \u021bar\u0103. Cu toate acestea, \u021bine foarte mult s\u0103 ajung\u0103 \u00een continuare \u00een pie\u021be \u0219i t\u00e2rguri \u0219i s\u0103-\u0219i promoveze personal produsele. A\u0219a a devenit pia\u021ba un barometru al puterii de cump\u0103rare.  <\/p>\n<p>\u201e<i>Sunt sc\u0103deri mai mari dec\u00e2t \u00een anii preceden\u021bi. Oricum verile nu sunt punctul foarte al apicultorilor, pe v\u00e2nz\u0103ri, dar se vede o anumit\u0103 rezerv\u0103. La ce mod? Clien\u021bii mei care veneau \u0219i plecau cu c\u00e2te o saco\u0219\u0103 plin\u0103 acum sunt mai restrictivi. Cump\u0103r\u0103 un borcan, dou\u0103, trei borcane. \u0218i \u00een pia\u021ba asta a produc\u0103torilor se manifest\u0103 ceea ce se manifest\u0103 \u00een toat\u0103 societatea. O sc\u0103dere a puterii de cump\u0103rar &#8211; o sc\u0103dere a consumului, automat. Estimez o sc\u0103dere \u00eentre 20-30%, \u00een condi\u021biile \u00een care pre\u021burile sunt acelea\u0219i de 3 ani, chiar dac\u0103 nivelul infla\u021biei din ultimii ani s-a dus cu 50-60%\u201d, <\/i>mai spune apicultorul.<\/p>\n<p>Anul 2026, a\u0219a cum au constatat \u0219i legumicultorii \u0219i fermierii din cultura mare, a fost unul bun. La fel a fost \u0219i pentru apicultur\u0103, or efectul produc\u021biilor mari este de obicei sc\u0103derea pre\u021burilor. Apicultorul spune c\u0103, \u00een cazul s\u0103u, avantajul este c\u0103 nu produce o marf\u0103 perisabil\u0103, astfel c\u0103 \u00ee\u0219i permite \u00eenc\u0103 s\u0103 nu v\u00e2nd\u0103 sub costul de produc\u021bie.  <\/p>\n<p>\u201e<i>Exist\u0103 foarte mult\u0103 miere pe pia\u021b\u0103. A dus \u0219i la sc\u0103derea pre\u021burilor, e un fenomen economic, cerere \u0219i ofert\u0103. Sunt lucruri fire\u0219ti\u201d<\/i>, mai spune M\u0103ndic\u0103.<\/p>\n<h2>\u201e\u00cen weekendul de Sf\u00e2nta M\u0103rie v\u00e2nz\u0103rile au fost la sfert, anul acesta, fa\u021b\u0103 de anul trecut\u201d<\/h2>\n<p>Emil Dobre pune pe pia\u021b\u0103 o br\u00e2nz\u0103 de capr\u0103 apreciat\u0103 de consumatori. Are 500 de animale \u0219i, de\u0219i se g\u00e2ndea s\u0103 creasc\u0103 num\u0103rul lor, v\u00e2nz\u0103rile nu-l mai \u00eencurajeaz\u0103 s\u0103 fac\u0103 asta. Preg\u0103te\u0219te \u0219i specialit\u0103\u021bi, cu chimen, m\u0103rar \u0219i alte condimente alese cu grij\u0103, dar de ceva timp \u0219i aceste sortimente le vinde tot la pre\u021bul celei simple, de\u0219i anul trecut erau cu 5 lei\/kg mai scumpe. Chiar \u0219i a\u0219a, v\u00e2nz\u0103rile scad.  <\/p>\n<p>\u201e<i>Pot s\u0103 spun c\u0103 de la t\u00e2rgul de Cr\u0103ciun au sc\u0103zut v\u00e2nz\u0103rile. \u0218i a continuat fenomenul. Comparativ cu anul trecut, cam la jum\u0103tate sunt ast\u0103zi. Dac\u0103 ar fi s\u0103 lu\u0103m, a\u0219a, un exemplu concret, v\u00e2nz\u0103rile f\u0103cute \u00een weekend-ul de Sf\u00e2nt\u0103 M\u0103rie, anul acesta, au fost la sfert fa\u021b\u0103 de weekend-ul de Sf\u00e2nt\u0103 M\u0103rie de anul trecut.\u00a0Am notat atunci c\u00e2t am v\u00e2ndut \u0219i am f\u0103cut o compara\u021bie. Aceea\u0219i pia\u021b\u0103,  acelea\u0219i pre\u021buri. Oamenii nu-\u0219i mai permit la fel, nu-\u0219i mai permit! Dac\u0103 situa\u021bia economic\u0103 persist\u0103, dac\u0103 nu se \u00eembun\u0103t\u0103\u021be\u0219te nimic, anul viitor vom ajunge s\u0103 regret\u0103m anul \u0103sta\u201d<\/i>, spune produc\u0103torul din Icoana, Olt.<\/p>\n<p>\u0218i \u00een cazul s\u0103u avantajul a  fost faptul c\u0103, pe l\u00e2ng\u0103 v\u00e2nz\u0103rile cu am\u0103nuntul, livreaz\u0103 unei re\u021bele de retail. Volumul de marf\u0103 livrat\u0103 nu a sc\u0103zut, \u00eens\u0103 doar pentru c\u0103 acum produsele sale ajung \u00een mult mai multe magazine dec\u00e2t anul trecut. Din fiecare magazin se cump\u0103r\u0103 \u00een schimb mai pu\u021bin.  <\/p>\n<p>\u201e<i>Livrez chiar un volum un pic mai mare dec\u00e2t anul trecut, dar \u00een num\u0103r dublu de magazine fa\u021b\u0103 de anul trecut. Nu sunt \u00een situa\u021bia s\u0103 v\u00e2nd din animale, cum \u00ee\u0219i pun problema unii fermieri, dar dac\u0103 mai continu\u0103 situa\u021bia a\u0219a&#8230;\u201d<\/i>, mai spune Dobre.<\/p>\n<p><a class=\"related-inline svelte-78g0vl\" data-gtrack=\"{&quot;event&quot;:&quot;utm_click&quot;,&quot;data&quot;:{&quot;event_category&quot;:&quot;article_related&quot;}}\" href=\"https:\/\/adevarul.ro\/economie\/inflatia-a-erodat-salariile-cat-au-pierdut-2527970.html\" title=\"Alt articol de interes pentru tine\"><span class=\"inline-title svelte-78g0vl\">Infla\u021bia a erodat salariile: c\u00e2t au pierdut rom\u00e2nii \u00een ultimii doi ani<\/span><\/a><\/p>\n<h2>Din pia\u021b\u0103, \u00een online<\/h2>\n<p>Cei doi produc\u0103tori care au trecut testul calit\u0103\u021bii produselor livrate spun c\u0103 vor fi printre fermierii chema\u021bi s\u0103-\u0219i mute v\u00e2nz\u0103rile \u00een online. Se preg\u0103te\u0219te o platform\u0103 dedicat\u0103 produc\u0103torilor, care ar urma s\u0103 func\u021bioneze din octombrie. Produsele vor fi livrate oriunde \u00een \u021bar\u0103 \u00een 24 de ore, iar \u00een viitor \u0219i rom\u00e2nii de peste hotare ar putea avea acces la bucatele cu gust produse \u00een Rom\u00e2nia.<\/p>\n<p>Este visul multor fermieri, anume acela de a nu mai duce grija logisticii care st\u0103 \u00een spatele oric\u0103rei livr\u0103ri. A durat \u00eens\u0103 6 ani, primele \u00eencerc\u0103ri de a ajunge cu marfa direct la u\u0219a cump\u0103r\u0103torului fiind f\u0103cute \u00een pandemie.<\/p>\n<p>\u201e<i>\u00cen pandemie, eu am f\u0103cut personal livr\u0103ri \u00een Bucure\u0219ti. A mers foarte, foarte bine atunci. Dar am renun\u021bat c\u00e2nd a crescut motorina la \u0219apte lei \u0219i ceva. Acum, sub nicio form\u0103 n-a\u0219 mai putea s\u0103 sus\u021bin un astfel de sistem, la 10 lei \u0219i un pic litrul de motorin\u0103\u201d<\/i>, mai spune fermierul Emil Dobre.<\/p>\n<p>Ceea ce i-ar putea salva pe unii fermieri, cei care au dovedit constan\u021b\u0103 \u00een calitatea produselor livrate, nu este neap\u0103rat \u0219i o veste bun\u0103 pentru consumatorii cu venituri mici. Pre\u021burile la care vor fi disponibile produsele lor cresc, astfel \u00eenc\u00e2t s\u0103 poat\u0103 fi acoperite toate costurile.  Chiar \u0219i a\u0219a, pre\u021bul unui kilogram de telemea de capr\u0103 nu va dep\u0103\u0219i 75 lei\/kg, spune Emil Dobre, ceea ce este \u00een continuare sub pre\u021burile produselor v\u00e2ndute pe platforme similare.  <\/p>\n<p>\u201e<i>Pe online, nu se g\u0103se\u0219te sub 100 de lei\u201d<\/i>, mai spune fermierul. Acela\u0219i lucru \u0219i \u00een cazul mierii. \u201e<i>Nu am v\u0103zut pe nic\u0103ieri miere de salc\u00e2m sub 60 lei\u201d, <\/i>spune \u0219i Cosmin M\u0103ndic\u0103, or \u00een pia\u021b\u0103 mierea \u00eenc\u0103 este disponibil\u0103 la  pre\u021buri sub 40 lei\/kg.<\/p>\n<p>Cei doi fermieri au ceva emo\u021bii, pentru ei nimic nu se compar\u0103 cu experien\u021ba pe care cump\u0103r\u0103torul o are gust\u00e2nd mai \u00eent\u00e2i produsul \u0219i ulterior deciz\u00e2ndu-se ce anume cump\u0103r\u0103.<\/p>\n<h2>\u201eMarja de profit a sc\u0103zut mult\u201d<\/h2>\n<p>Emil Dobre explic\u0103 ce \u00eenseamn\u0103 men\u021binerea pre\u021burilor de anul trecut \u00een cazul s\u0103u. <i>\u201eMarja de profit a sc\u0103zut mult, pentru c\u0103 \u0219i combustibilul \u0219i for\u021ba de munc\u0103 \u00eenseamn\u0103 pentru mine costuri mai mari. Mai am 500 de capre, am mai redus pu\u021bin cu ce a ie\u0219it din ferm\u0103, cu reformele, mi-a fost team\u0103 s\u0103 mai re\u00eentineresc, am oprit strictul necesar pentru men\u021binerea produc\u021biei. P\u00e2n\u0103 nu va veni un semn clar de revigorare nu cresc nimic. For\u021ba de munc\u0103, input-urile, energia, toate au crescut. Am o ferm\u0103 mic\u0103, doar c\u00e2teva hectare de teren, pentru marea majoritate a furajelor fac achizi\u021bii. P\u0103\u0219unea o am \u00eenchiriat\u0103 de la prim\u0103rie, 40 de hectare, iar chiria a r\u0103mas aceea\u0219i, dar este o chirie foarte mare pentru jude\u021bul Olt, 450 lei\/hectar\/an. Fosta administra\u021bie a\u0219a a hot\u0103r\u00e2t, contractul este pe 10 ani, nu sunt, v\u0103 da\u021bi seama, \u0219anse s\u0103 scad\u0103, av\u00e2nd \u00een vedere ce foame de bani este la administra\u021biile locale. Iar br\u00e2nza o v\u00e2nd cu 50 de lei, la fel ca anul trecut\u201d, <\/i>a explicat produc\u0103torul de telemea de capr\u0103.<\/p>\n<p><a class=\"related-inline svelte-78g0vl\" data-gtrack=\"{&quot;event&quot;:&quot;utm_click&quot;,&quot;data&quot;:{&quot;event_category&quot;:&quot;article_related&quot;}}\" href=\"https:\/\/adevarul.ro\/stiri-locale\/slatina\/cultura-aleasa-masiv-de-fermieri-influenteaza-2531354.html\" title=\"Alt articol de interes pentru tine\"><span class=\"inline-title svelte-78g0vl\">Cultura aleas\u0103 masiv de fermieri influen\u021beaz\u0103 produc\u021bia de miere. Cum schimb\u0103 vremea profitul apicultorilor<\/span><\/a><\/p>\n<p>Apicultorul d\u0103 la r\u00e2ndul s\u0103u un exemplu: borcanul pe care-l achizi\u021biona anul trecut cu 0,95 lei e acum 1,4 lei.  La fel a crescut pre\u021bul la capace, plus combustibilul, iar fermierii au de f\u0103cut zilnic nenum\u0103rate drumuri, plus cre\u0219terile de pre\u021b la cutii, la faguri etc.<\/p>\n<p>\u201e<i>E o permanent\u0103 zbatere s\u0103 r\u0103m\u00e2i activ pe pia\u021b\u0103. Merg la t\u00e2rguri \u0219i pentru a lua pulsul. M-am \u00eent\u00e2lnit recent cu produc\u0103tori de br\u00e2nzeturi \u0219i cu legumicultori, dar \u0219i cu me\u0219teri care fac diverse lucruri, \u0219i to\u021bi spun acela\u0219i lucru, c\u0103 au sc\u0103zut la jum\u0103tate, cel pu\u021bin, v\u00e2nz\u0103rile fa\u021b\u0103 de anul trecut\u201d,<\/i> mai spun cei doi produc\u0103tori.<\/p>\n<p>Sc\u0103derea v\u00e2nz\u0103rilor ar putea avea ca efect inclusiv o prezen\u021b\u0103 mai pu\u021bin vizibil\u0103 a produc\u0103torilor \u00een locurile \u00een care \u00eei \u00eent\u00e2lnesc direct pe cump\u0103r\u0103tori, iar asta \u0219i pentru c\u0103, la\u00a0 costurile deja amintite, se mai adaug\u0103 \u0219i taxele pe care ei le achit\u0103 la diverse t\u00e2rguri. Nu e cazul pie\u021belor \u0219i t\u00e2rgurilor administrate de autorit\u0103\u021bile locale, \u00eens\u0103 cei doi produc\u0103tori locali vorbesc de taxe exorbitante la t\u00e2rgurile mari.<\/p>\n<p><i>\u201eA devenit \u0219i asta o industrie \u0219i costurile se maximizeaz\u0103. Ca mic produc\u0103tor, nu reu\u0219e\u0219ti s\u0103 vinzi at\u00e2t c\u00e2t s\u0103 s\u0103 r\u0103m\u00e2i cu ceva \u00een t\u00e2rgurile organizatorilor priva\u021bi. Ei \u021bin pasul cu scumpirile, ne cer ni\u0219te pre\u021buri&#8230; O loca\u021bie din Bucure\u0219ti, este foarte adev\u0103rat, zon\u0103 bun\u0103, 900 lei, 9 metri p\u0103tra\u021bi. Acum m-au contactat tot pentru un t\u00e2rg \u00een Bucure\u0219ti, mi-au zis 1.000 de euro. Oamenii, produc\u0103toriii, sunt avizi s\u0103 intre \u00een contact cu clientul, dar la pre\u021burile acestea nu mai reu\u0219im. Nu ai cum s\u0103 progresezi, s\u0103 mergi mai departe\u201d,<\/i> au mai semnalat produc\u0103torii.<\/p>\n<p><\/main><\/p>\n<footer class=\"svelte-x63bga\">\n<div class=\"related-wrap related-footer svelte-78g0vl\"><span class=\"related-label svelte-78g0vl\">Cite\u0219te \u0219i<\/span><a class=\"related svelte-78g0vl\" data-gtrack=\"{&quot;event&quot;:&quot;utm_click&quot;,&quot;data&quot;:{&quot;event_category&quot;:&quot;article_related&quot;}}\" href=\"https:\/\/adevarul.ro\/economie\/este-un-blocaj-companiile-aviatice-refuza-sa-2550868.html\" title=\"Alt articol de interes pentru tine\"><img decoding=\"async\" class=\"thumb svelte-78g0vl\" src=\"https:\/\/cdn.adh.reperio.news\/image-3\/3a3c4ef2-5cea-439f-9495-5b2eb01cf967\/index.jpeg?p=f%3Dwebp%26w%3D120%26h%3D80%26r%3Dcover%26a%3D0\" alt loading=\"lazy\" width=\"80\" height=\"54\"><span class=\"title svelte-78g0vl\">\u201eEste un blocaj\u201d. Companiile aviatice refuz\u0103 s\u0103 ieftineasc\u0103 zborurile, de\u0219i kerosenul s-a ieftinit<\/span><\/a><\/div>\n<div class=\"meta svelte-x63bga\">\n<div class=\"authors svelte-x63bga\"><span class=\"names svelte-x63bga\"><a href=\"https:\/\/adevarul.ro\/author\/462\" rel=\"author\" class=\"svelte-x63bga\">Alina Mitran<\/a><\/span><\/p>\n<div class=\"_hydratable\" data-props=\"%7B%22showLive%22%3Atrue%7D\" data-context=\"%7B%22parentBlockColumnCount%22%3A%7B%22value%22%3A0%2C%22type%22%3A%22store%2Freadable%22%7D%2C%22parentBlockBackgroundColor%22%3A%7B%22type%22%3A%22store%2Freadable%22%7D%7D\" data-component=\"ShareButton\">\n<div class=\"shareButtons svelte-itwbrr\">\n<div class=\"liveSessions metaFont svelte-1maxmbf\"><span class=\"value svelte-1maxmbf\">1<\/span> live <\/div>\n<\/div>\n<\/div>\n<\/div>\n<div class=\"tags svelte-1l3vwp1\"><span class=\"tags-label metaFont svelte-1l3vwp1\">Cite\u0219te mai multe despre<\/span><\/p>\n<div class=\"tags-list svelte-1l3vwp1\"><a href=\"https:\/\/adevarul.ro\/tag\/analiza\" title=\"Ultimele \u0219tiri despre analiza\" class=\"tag-pill svelte-1l3vwp1\">analiza<\/a><a href=\"https:\/\/adevarul.ro\/tag\/apicultur%C4%83\" title=\"Ultimele \u0219tiri despre apicultur\u0103\" class=\"tag-pill svelte-1l3vwp1\">apicultur\u0103<\/a><a href=\"https:\/\/adevarul.ro\/tag\/br%C3%A2nz%C4%83%20de%20capr%C4%83\" title=\"Ultimele \u0219tiri despre br\u00e2nz\u0103 de capr\u0103\" class=\"tag-pill svelte-1l3vwp1\">br\u00e2nz\u0103 de capr\u0103<\/a><\/div>\n<\/div>\n<\/div>\n<p><a class=\"moreFromCategory svelte-x63bga\" href=\"https:\/\/adevarul.ro\/stiri-locale\/slatina\" title=\"Slatina\">Mai multe din <strong class=\"svelte-x63bga\">Slatina<\/strong> \u203a<\/a><\/footer>\n<\/article>\n<p>[analyse_source url=&#8221;https:\/\/adevarul.ro\/stiri-locale\/slatina\/vanzarile-producatorilor-de-alimente-au-scazut-cu-2553261.html&#8221;]<\/p>\n","protected":false},"excerpt":{"rendered":"<p>[analyse_image type=&#8221;featured&#8221; src=&#8221;https:\/\/cdn.adh.reperio.news\/image-f\/f51fb1f9-befc-44f3-89f4-3e7c1681c167\/index.jpeg?p=f%3Djpeg%26w%3D1200%26h%3D630%26r%3Dcover&#8221;] Home \u0218tiri locale Slatina V\u00e2nz\u0103rile produc\u0103torilor de alimente au sc\u0103zut cu 30-50%. Solu\u021bia la care se g\u00e2ndesc acum Cererea este \u00eentr-o continu\u0103 sc\u0103dere, constat\u0103 produc\u0103torii de hran\u0103. De\u0219i v\u00e2nd la vechile pre\u021buri, mic\u0219or\u00e2ndu-\u0219i profitul p\u00e2n\u0103 la limita de a nu-\u0219i mai putea acoperi costurile, pr\u0103bu\u0219irea puterii de cump\u0103rare le pune micile afaceri [&hellip;]<\/p>\n","protected":false},"author":1,"featured_media":0,"comment_status":"open","ping_status":"","sticky":false,"template":"","format":"standard","meta":{"footnotes":""},"categories":[89],"tags":[19,226],"class_list":["post-2123838","post","type-post","status-publish","format-standard","hentry","category-romania","tag-adevarul","tag-crawlmanager"],"_links":{"self":[{"href":"https:\/\/analyse.optim.biz\/index.php?rest_route=\/wp\/v2\/posts\/2123838","targetHints":{"allow":["GET"]}}],"collection":[{"href":"https:\/\/analyse.optim.biz\/index.php?rest_route=\/wp\/v2\/posts"}],"about":[{"href":"https:\/\/analyse.optim.biz\/index.php?rest_route=\/wp\/v2\/types\/post"}],"author":[{"embeddable":true,"href":"https:\/\/analyse.optim.biz\/index.php?rest_route=\/wp\/v2\/users\/1"}],"replies":[{"embeddable":true,"href":"https:\/\/analyse.optim.biz\/index.php?rest_route=%2Fwp%2Fv2%2Fcomments&post=2123838"}],"version-history":[{"count":0,"href":"https:\/\/analyse.optim.biz\/index.php?rest_route=\/wp\/v2\/posts\/2123838\/revisions"}],"wp:attachment":[{"href":"https:\/\/analyse.optim.biz\/index.php?rest_route=%2Fwp%2Fv2%2Fmedia&parent=2123838"}],"wp:term":[{"taxonomy":"category","embeddable":true,"href":"https:\/\/analyse.optim.biz\/index.php?rest_route=%2Fwp%2Fv2%2Fcategories&post=2123838"},{"taxonomy":"post_tag","embeddable":true,"href":"https:\/\/analyse.optim.biz\/index.php?rest_route=%2Fwp%2Fv2%2Ftags&post=2123838"}],"curies":[{"name":"wp","href":"https:\/\/api.w.org\/{rel}","templated":true}]}}