{"id":2123828,"date":"2026-09-02T07:20:49","date_gmt":"2026-09-02T04:20:49","guid":{"rendered":"https:\/\/analyse.optim.biz\/?p=2123828"},"modified":"2026-09-02T07:20:49","modified_gmt":"2026-09-02T04:20:49","slug":"lucrarile-de-modernizare-la-barajul-ciresu-din-nou-amanate-desi-investitia-trebuie-finalizata-anul-acesta-care-este-motivul","status":"publish","type":"post","link":"https:\/\/analyse.optim.biz\/?p=2123828","title":{"rendered":"Lucr\u0103rile de modernizare la Barajul Cire\u0219u, din nou am\u00e2nate, de\u0219i investi\u021bia trebuie finalizat\u0103 anul acesta. Care este motivul"},"content":{"rendered":"<p>[analyse_image type=&#8221;featured&#8221; src=&#8221;https:\/\/sansanews.ro\/wp-content\/uploads\/2025\/09\/ciresu.jpghttps:\/\/sansanews.ro\/wp-content\/uploads\/2025\/09\/ciresu.jpg&#8221;]<\/p>\n<div class=\"entry-content herald-entry-content\">\n<div class=\"herald-ad herald-ad-above-single\"><a href=\"https:\/\/buzau.21k.ro\/\"><img loading=\"lazy\" decoding=\"async\" src=\"https:\/\/sansanews.ro\/wp-content\/uploads\/2026\/08\/300x300-k21.gif\" alt width=\"300\" height=\"300\" class=\"aligncenter size-full wp-image-124436\"><\/a><\/div>\n<p>Lucr\u0103rile de modernizare a Barajului Cire\u0219u, de unde este furnizat\u0103 apa potabil\u0103 \u00een localit\u0103\u021bile de pe Valea Sl\u0103nicului, sunt din nou am\u00e2nate. Constructorul nu poate interveni, dup\u0103 ce drumul de acces c\u0103tre baraj a fost blocat de st\u00e2nci c\u0103zute de pe versan\u021bi. Mai mult, nu se \u0219tie cui apar\u021bine drumul pentru a se putea interveni legal pentru deblocarea acestuia.<\/p>\n<p>Lucr\u0103rile la Barajul Cire\u0219u fac parte dintr-un proiect mai amplu, care prevede inclusiv \u00eenlocuirea vanei de golire de fund cu o stavil\u0103 electric\u0103 modern\u0103. \u201cAceast\u0103 component\u0103 este critic\u0103 pentru siguran\u021ba \u00een exploatare a barajului de pe p\u00e2r\u00e2ul Jgheab, sursa principal\u0103 de ap\u0103 brut\u0103 pentru sta\u021bia de tratare aval\u201d, arat\u0103 Compania de Ap\u0103. Lucr\u0103rile ar fi trebuit s\u0103 \u00eenceap\u0103 \u00eenc\u0103 din prim\u0103var\u0103. Ini\u021bial, termenul anun\u021bat a fost dup\u0103 Pa\u0219ti, \u00eens\u0103, la acel moment, interven\u021biile au fost am\u00e2nate pentru \u00eenceputul verii. Nici p\u00e2n\u0103 la sf\u00e2r\u0219itul lunii august nu au fost \u00eens\u0103 demarate. <\/p>\n<p>Problema a ap\u0103rut \u00een urma ploilor abundente din luna iulie. Cantit\u0103\u021bile mari de ap\u0103 au antrenat aluviuni \u0219i au provocat c\u0103deri de st\u00e2nci de pe versan\u021bi, iar accesul c\u0103tre baraj a fost blocat, spune directorul Companiei de Ap\u0103, Simona S\u0103vulescu.<\/p>\n<blockquote class=\"wp-block-quote\">\n<p>\u201cLucr\u0103rile de la barajul Cire\u0219u, deocamdat\u0103, nu pot fi executate pentru c\u0103, \u00een urma ploilor care au c\u0103zut \u00een luna iulie, drumul de acces la baraj este blocat de c\u0103deri de st\u00e2nci de pe versan\u021bi. O comisie format\u0103 din reprezentan\u021bii Ocolului Silvic, Apelor Rom\u00e2ne, Prim\u0103riei M\u00e2nz\u0103le\u0219ti a mers la fa\u021ba locului \u0219i a analizat ce se poate face pentru a debloca drumul de acces. Va trebui s\u0103 facem mai \u00eent\u00e2i opera\u021biuni de deblocare a c\u0103ii de acces \u0219i abia ulterior s\u0103 facem lucr\u0103rile.\u201d<\/p>\n<\/blockquote>\n<p>Problema este c\u0103 nu se poate interveni p\u00e2n\u0103 c\u00e2nd nu se va stabili exact \u00een proprietatea cui se afl\u0103 calea de acces. Abia dup\u0103 ce va fi clar regimul juridic al drumului investi\u021bia poate merge mai departe.<\/p>\n<blockquote class=\"wp-block-quote\">\n<p>\u201cTrebuie neap\u0103rat s\u0103 facem lucr\u0103rile anul acesta, trebuia s\u0103 le facem deja pentru c\u0103 sunt ultimele lucr\u0103ri care au r\u0103mas \u00een acest contract de lucr\u0103ri \u0219i constructorul nu poate s\u0103 stea la nesf\u00e2r\u0219it s\u0103-\u0219i termine contractul.<\/p>\n<p>Nu pot s\u0103 fac o estimare c\u00e2nd vom \u00eencepe lucr\u0103rile pentru c\u0103 la momentul acesta \u00eencerc\u0103m s\u0103 identific\u0103m cui apar\u021bine drumul respectiv, pentru c\u0103 nu poate s\u0103 fac\u0103 o ter\u021b\u0103 parte o cheltuial\u0103 pe o proprietate care nu \u00eei apar\u021bine. La momentul acesta asta \u00eencerc\u0103m, s\u0103 identific\u0103m al cui este acel drum de acces care s-a blocat.\u201d<\/p>\n<\/blockquote>\n<p>Barajul Cire\u0219u este administrat de Compania de Ap\u0103. Pus \u00een func\u021biune \u00een anul 1997, barajul a fost proiectat pentru alimentarea cu ap\u0103 a comunelor M\u00e2nz\u0103le\u0219ti \u0219i Vintil\u0103 Vod\u0103. Ulterior, sistemul a fost extins \u0219i \u00een alte localit\u0103\u021bi de pe Valea Sl\u0103nicului. \u00cen ultimii ani, asigurarea apei pe timpul verii \u00een toate satele arondate a devenit o mare problem\u0103, fiind necesare noi surse de ap\u0103 dar \u0219i modernizarea sistemului de furnizare. <\/p>\n<div class=\"meta-tags\"><span>Etichete<\/span><a href=\"https:\/\/sansanews.ro\/tag\/barajul-ciresu\/\" rel=\"tag\">barajul cire\u0219u<\/a><a href=\"https:\/\/sansanews.ro\/tag\/compania-de-apa\/\" rel=\"tag\">compania de apa<\/a><a href=\"https:\/\/sansanews.ro\/tag\/lucrari-de-modernizare-a-barajului-ciresu\/\" rel=\"tag\">lucr\u0103ri de modernizare a barajului cire\u0219u<\/a><a href=\"https:\/\/sansanews.ro\/tag\/valea-slanicului\/\" rel=\"tag\">valea sl\u0103nicului<\/a><\/div>\n<div class=\"herald-share-content\">\n<div class=\"meks_ess rectangle no-labels outline\"><a class=\"meks_ess-item socicon-facebook\" data-url=\"http:\/\/www.facebook.com\/sharer\/sharer.php?u=https%3A%2F%2Fsansanews.ro%2Flucrarile-de-modernizare-la-barajul-ciresu-din-nou-amanate-desi-investitia-trebuie-finalizata-anul-acesta-care-este-motivul%2F&amp;t=Lucr%C4%83rile%20de%20modernizare%20la%20Barajul%20Cire%C8%99u%2C%20din%20nou%20am%C3%A2nate%2C%20de%C8%99i%20investi%C8%9Bia%20trebuie%20finalizat%C4%83%20anul%20acesta.%20Care%20este%20motivul\"><span>Facebook<\/span><\/a><a href=\"https:\/\/api.whatsapp.com\/send?text=Lucr%C4%83rile%20de%20modernizare%20la%20Barajul%20Cire%C8%99u%2C%20din%20nou%20am%C3%A2nate%2C%20de%C8%99i%20investi%C8%9Bia%20trebuie%20finalizat%C4%83%20anul%20acesta.%20Care%20este%20motivul%20https%3A%2F%2Fsansanews.ro%2Flucrarile-de-modernizare-la-barajul-ciresu-din-nou-amanate-desi-investitia-trebuie-finalizata-anul-acesta-care-este-motivul%2F\" class=\"meks_ess-item socicon-whatsapp prevent-share-popup\"><span>WhatsApp<\/span><\/a><a class=\"meks_ess-item socicon-twitter\" data-url=\"http:\/\/twitter.com\/intent\/tweet?url=https%3A%2F%2Fsansanews.ro%2Flucrarile-de-modernizare-la-barajul-ciresu-din-nou-amanate-desi-investitia-trebuie-finalizata-anul-acesta-care-este-motivul%2F&amp;text=Lucr%C4%83rile%20de%20modernizare%20la%20Barajul%20Cire%C8%99u%2C%20din%20nou%20am%C3%A2nate%2C%20de%C8%99i%20investi%C8%9Bia%20trebuie%20finalizat%C4%83%20anul%20acesta.%20Care%20este%20motivul\"><span>Twitter<\/span><\/a><a class=\"meks_ess-item socicon-pinterest\" data-url=\"http:\/\/pinterest.com\/pin\/create\/button\/?url=https%3A%2F%2Fsansanews.ro%2Flucrarile-de-modernizare-la-barajul-ciresu-din-nou-amanate-desi-investitia-trebuie-finalizata-anul-acesta-care-este-motivul%2F&amp;media=https%3A%2F%2Fsansanews.ro%2Fwp-content%2Fuploads%2F2025%2F09%2Fciresu.jpg&amp;description=Lucr%C4%83rile%20de%20modernizare%20la%20Barajul%20Cire%C8%99u%2C%20din%20nou%20am%C3%A2nate%2C%20de%C8%99i%20investi%C8%9Bia%20trebuie%20finalizat%C4%83%20anul%20acesta.%20Care%20este%20motivul\"><span>Pinterest<\/span><\/a><\/div>\n<\/div>\n<\/div>\n<div class=\"entry-content herald-entry-content\">\n<div class=\"herald-ad herald-ad-above-single\"><a href=\"https:\/\/buzau.21k.ro\/\"><img loading=\"lazy\" decoding=\"async\" src=\"https:\/\/sansanews.ro\/wp-content\/uploads\/2026\/08\/300x300-k21.gif\" alt width=\"300\" height=\"300\" class=\"aligncenter size-full wp-image-124436\"><\/a><\/div>\n<p>Lucr\u0103rile de modernizare a Barajului Cire\u0219u, de unde este furnizat\u0103 apa potabil\u0103 \u00een localit\u0103\u021bile de pe Valea Sl\u0103nicului, sunt din nou am\u00e2nate. Constructorul nu poate interveni, dup\u0103 ce drumul de acces c\u0103tre baraj a fost blocat de st\u00e2nci c\u0103zute de pe versan\u021bi. Mai mult, nu se \u0219tie cui apar\u021bine drumul pentru a se putea interveni legal pentru deblocarea acestuia.<\/p>\n<p>Lucr\u0103rile la Barajul Cire\u0219u fac parte dintr-un proiect mai amplu, care prevede inclusiv \u00eenlocuirea vanei de golire de fund cu o stavil\u0103 electric\u0103 modern\u0103. \u201cAceast\u0103 component\u0103 este critic\u0103 pentru siguran\u021ba \u00een exploatare a barajului de pe p\u00e2r\u00e2ul Jgheab, sursa principal\u0103 de ap\u0103 brut\u0103 pentru sta\u021bia de tratare aval\u201d, arat\u0103 Compania de Ap\u0103. Lucr\u0103rile ar fi trebuit s\u0103 \u00eenceap\u0103 \u00eenc\u0103 din prim\u0103var\u0103. Ini\u021bial, termenul anun\u021bat a fost dup\u0103 Pa\u0219ti, \u00eens\u0103, la acel moment, interven\u021biile au fost am\u00e2nate pentru \u00eenceputul verii. Nici p\u00e2n\u0103 la sf\u00e2r\u0219itul lunii august nu au fost \u00eens\u0103 demarate. <\/p>\n<p>Problema a ap\u0103rut \u00een urma ploilor abundente din luna iulie. Cantit\u0103\u021bile mari de ap\u0103 au antrenat aluviuni \u0219i au provocat c\u0103deri de st\u00e2nci de pe versan\u021bi, iar accesul c\u0103tre baraj a fost blocat, spune directorul Companiei de Ap\u0103, Simona S\u0103vulescu.<\/p>\n<blockquote class=\"wp-block-quote\">\n<p>\u201cLucr\u0103rile de la barajul Cire\u0219u, deocamdat\u0103, nu pot fi executate pentru c\u0103, \u00een urma ploilor care au c\u0103zut \u00een luna iulie, drumul de acces la baraj este blocat de c\u0103deri de st\u00e2nci de pe versan\u021bi. O comisie format\u0103 din reprezentan\u021bii Ocolului Silvic, Apelor Rom\u00e2ne, Prim\u0103riei M\u00e2nz\u0103le\u0219ti a mers la fa\u021ba locului \u0219i a analizat ce se poate face pentru a debloca drumul de acces. Va trebui s\u0103 facem mai \u00eent\u00e2i opera\u021biuni de deblocare a c\u0103ii de acces \u0219i abia ulterior s\u0103 facem lucr\u0103rile.\u201d<\/p>\n<\/blockquote>\n<p>Problema este c\u0103 nu se poate interveni p\u00e2n\u0103 c\u00e2nd nu se va stabili exact \u00een proprietatea cui se afl\u0103 calea de acces. Abia dup\u0103 ce va fi clar regimul juridic al drumului investi\u021bia poate merge mai departe.<\/p>\n<blockquote class=\"wp-block-quote\">\n<p>\u201cTrebuie neap\u0103rat s\u0103 facem lucr\u0103rile anul acesta, trebuia s\u0103 le facem deja pentru c\u0103 sunt ultimele lucr\u0103ri care au r\u0103mas \u00een acest contract de lucr\u0103ri \u0219i constructorul nu poate s\u0103 stea la nesf\u00e2r\u0219it s\u0103-\u0219i termine contractul.<\/p>\n<p>Nu pot s\u0103 fac o estimare c\u00e2nd vom \u00eencepe lucr\u0103rile pentru c\u0103 la momentul acesta \u00eencerc\u0103m s\u0103 identific\u0103m cui apar\u021bine drumul respectiv, pentru c\u0103 nu poate s\u0103 fac\u0103 o ter\u021b\u0103 parte o cheltuial\u0103 pe o proprietate care nu \u00eei apar\u021bine. La momentul acesta asta \u00eencerc\u0103m, s\u0103 identific\u0103m al cui este acel drum de acces care s-a blocat.\u201d<\/p>\n<\/blockquote>\n<p>Barajul Cire\u0219u este administrat de Compania de Ap\u0103. Pus \u00een func\u021biune \u00een anul 1997, barajul a fost proiectat pentru alimentarea cu ap\u0103 a comunelor M\u00e2nz\u0103le\u0219ti \u0219i Vintil\u0103 Vod\u0103. Ulterior, sistemul a fost extins \u0219i \u00een alte localit\u0103\u021bi de pe Valea Sl\u0103nicului. \u00cen ultimii ani, asigurarea apei pe timpul verii \u00een toate satele arondate a devenit o mare problem\u0103, fiind necesare noi surse de ap\u0103 dar \u0219i modernizarea sistemului de furnizare. <\/p>\n<div class=\"meta-tags\"><span>Etichete<\/span><a href=\"https:\/\/sansanews.ro\/tag\/barajul-ciresu\/\" rel=\"tag\">barajul cire\u0219u<\/a><a href=\"https:\/\/sansanews.ro\/tag\/compania-de-apa\/\" rel=\"tag\">compania de apa<\/a><a href=\"https:\/\/sansanews.ro\/tag\/lucrari-de-modernizare-a-barajului-ciresu\/\" rel=\"tag\">lucr\u0103ri de modernizare a barajului cire\u0219u<\/a><a href=\"https:\/\/sansanews.ro\/tag\/valea-slanicului\/\" rel=\"tag\">valea sl\u0103nicului<\/a><\/div>\n<div class=\"herald-share-content\">\n<div class=\"meks_ess rectangle no-labels outline\"><a class=\"meks_ess-item socicon-facebook\" data-url=\"http:\/\/www.facebook.com\/sharer\/sharer.php?u=https%3A%2F%2Fsansanews.ro%2Flucrarile-de-modernizare-la-barajul-ciresu-din-nou-amanate-desi-investitia-trebuie-finalizata-anul-acesta-care-este-motivul%2F&amp;t=Lucr%C4%83rile%20de%20modernizare%20la%20Barajul%20Cire%C8%99u%2C%20din%20nou%20am%C3%A2nate%2C%20de%C8%99i%20investi%C8%9Bia%20trebuie%20finalizat%C4%83%20anul%20acesta.%20Care%20este%20motivul\"><span>Facebook<\/span><\/a><a href=\"https:\/\/api.whatsapp.com\/send?text=Lucr%C4%83rile%20de%20modernizare%20la%20Barajul%20Cire%C8%99u%2C%20din%20nou%20am%C3%A2nate%2C%20de%C8%99i%20investi%C8%9Bia%20trebuie%20finalizat%C4%83%20anul%20acesta.%20Care%20este%20motivul%20https%3A%2F%2Fsansanews.ro%2Flucrarile-de-modernizare-la-barajul-ciresu-din-nou-amanate-desi-investitia-trebuie-finalizata-anul-acesta-care-este-motivul%2F\" class=\"meks_ess-item socicon-whatsapp prevent-share-popup\"><span>WhatsApp<\/span><\/a><a class=\"meks_ess-item socicon-twitter\" data-url=\"http:\/\/twitter.com\/intent\/tweet?url=https%3A%2F%2Fsansanews.ro%2Flucrarile-de-modernizare-la-barajul-ciresu-din-nou-amanate-desi-investitia-trebuie-finalizata-anul-acesta-care-este-motivul%2F&amp;text=Lucr%C4%83rile%20de%20modernizare%20la%20Barajul%20Cire%C8%99u%2C%20din%20nou%20am%C3%A2nate%2C%20de%C8%99i%20investi%C8%9Bia%20trebuie%20finalizat%C4%83%20anul%20acesta.%20Care%20este%20motivul\"><span>Twitter<\/span><\/a><a class=\"meks_ess-item socicon-pinterest\" data-url=\"http:\/\/pinterest.com\/pin\/create\/button\/?url=https%3A%2F%2Fsansanews.ro%2Flucrarile-de-modernizare-la-barajul-ciresu-din-nou-amanate-desi-investitia-trebuie-finalizata-anul-acesta-care-este-motivul%2F&amp;media=https%3A%2F%2Fsansanews.ro%2Fwp-content%2Fuploads%2F2025%2F09%2Fciresu.jpg&amp;description=Lucr%C4%83rile%20de%20modernizare%20la%20Barajul%20Cire%C8%99u%2C%20din%20nou%20am%C3%A2nate%2C%20de%C8%99i%20investi%C8%9Bia%20trebuie%20finalizat%C4%83%20anul%20acesta.%20Care%20este%20motivul\"><span>Pinterest<\/span><\/a><\/div>\n<\/div>\n<\/div>\n<p>[analyse_source url=&#8221;https:\/\/sansanews.ro\/lucrarile-de-modernizare-la-barajul-ciresu-din-nou-amanate-desi-investitia-trebuie-finalizata-anul-acesta-care-este-motivul\/&#8221;]<\/p>\n","protected":false},"excerpt":{"rendered":"<p>[analyse_image type=&#8221;featured&#8221; src=&#8221;https:\/\/sansanews.ro\/wp-content\/uploads\/2025\/09\/ciresu.jpghttps:\/\/sansanews.ro\/wp-content\/uploads\/2025\/09\/ciresu.jpg&#8221;] Lucr\u0103rile de modernizare a Barajului Cire\u0219u, de unde este furnizat\u0103 apa potabil\u0103 \u00een localit\u0103\u021bile de pe Valea Sl\u0103nicului, sunt din nou am\u00e2nate. Constructorul nu poate interveni, dup\u0103 ce drumul de acces c\u0103tre baraj a fost blocat de st\u00e2nci c\u0103zute de pe versan\u021bi. Mai mult, nu se \u0219tie cui apar\u021bine drumul pentru a [&hellip;]<\/p>\n","protected":false},"author":1,"featured_media":0,"comment_status":"open","ping_status":"","sticky":false,"template":"","format":"standard","meta":{"footnotes":""},"categories":[2],"tags":[226,51],"class_list":["post-2123828","post","type-post","status-publish","format-standard","hentry","category-politics","tag-crawlmanager","tag-sansanews-ro"],"_links":{"self":[{"href":"https:\/\/analyse.optim.biz\/index.php?rest_route=\/wp\/v2\/posts\/2123828","targetHints":{"allow":["GET"]}}],"collection":[{"href":"https:\/\/analyse.optim.biz\/index.php?rest_route=\/wp\/v2\/posts"}],"about":[{"href":"https:\/\/analyse.optim.biz\/index.php?rest_route=\/wp\/v2\/types\/post"}],"author":[{"embeddable":true,"href":"https:\/\/analyse.optim.biz\/index.php?rest_route=\/wp\/v2\/users\/1"}],"replies":[{"embeddable":true,"href":"https:\/\/analyse.optim.biz\/index.php?rest_route=%2Fwp%2Fv2%2Fcomments&post=2123828"}],"version-history":[{"count":0,"href":"https:\/\/analyse.optim.biz\/index.php?rest_route=\/wp\/v2\/posts\/2123828\/revisions"}],"wp:attachment":[{"href":"https:\/\/analyse.optim.biz\/index.php?rest_route=%2Fwp%2Fv2%2Fmedia&parent=2123828"}],"wp:term":[{"taxonomy":"category","embeddable":true,"href":"https:\/\/analyse.optim.biz\/index.php?rest_route=%2Fwp%2Fv2%2Fcategories&post=2123828"},{"taxonomy":"post_tag","embeddable":true,"href":"https:\/\/analyse.optim.biz\/index.php?rest_route=%2Fwp%2Fv2%2Ftags&post=2123828"}],"curies":[{"name":"wp","href":"https:\/\/api.w.org\/{rel}","templated":true}]}}