{"id":2123800,"date":"2026-09-02T06:27:17","date_gmt":"2026-09-02T03:27:17","guid":{"rendered":"https:\/\/analyse.optim.biz\/?p=2123800"},"modified":"2026-09-02T06:27:17","modified_gmt":"2026-09-02T03:27:17","slug":"presedintele-germaniei-avertizeaza-asupra-riscurilor-climatice-din-alpi-schimbarile-climatice-nu-pot-fi","status":"publish","type":"post","link":"https:\/\/analyse.optim.biz\/?p=2123800","title":{"rendered":"Pre\u0219edintele Germaniei avertizeaz\u0103 asupra riscurilor climatice din Alpi: \u201eSchimb\u0103rile climatice\u201d nu pot fi&#8230;"},"content":{"rendered":"<p>[analyse_image type=&#8221;featured&#8221; src=&#8221;https:\/\/s.iw.ro\/gateway\/g\/ZmlsZVNvdXJjZT1odHRwJTNBJTJGJTJG\/c3RvcmFnZTA4dHJhbnNjb2Rlci5yY3Mt\/cmRzLnJvJTJGc3RvcmFnZSUyRjIwMjYl\/MkYwOSUyRjAyJTJGMjkzNDY4Nl8yOTM0\/Njg2X3N0ZWlubWVpZXIuanBnJnc9MTIw\/MCZoPTYzMCZ6Yz0xJmhhc2g9NjcxMzUy\/MjUwNWZjMThjNGEyZDMwNzczNzg3ZGVhNWU=.thumb.jpg&#8221;]<\/p>\n<div class=\"entry data-app-meta data-app-meta-article\" data-embed-base-url-canonical=\"https:\/\/www.digi24.ro\/embed\/stiri\/externe\/presedintele-germaniei-avertizeaza-asupra-riscurilor-climatice-din-alpi-schimbarile-climatice-nu-pot-fi-lasate-la-coada-agendei-3931479\">\n<p data-index=\"1\"><strong>Pre\u015fedintele Germaniei Frank-Walter Steinmeier a solicitat intensificarea eforturilor pentru protejarea popula\u0163iei din Alpii europeni \u00eempotriva alunec\u0103rilor de teren \u015fi a curgerilor de noroi provocate de schimb\u0103rile climatice.<\/strong><\/p>\n<p data-index=\"2\">Steinmeier a declarat mar\u0163i c\u0103 astfel de evenimente nu trebuie neap\u0103rat s\u0103 ating\u0103 <a href=\"https:\/\/www.digi24.ro\/stiri\/externe\/mapamond\/bilantul-viiturii-din-himalaya-a-trecut-de-1-000-de-morti-peste-4-400-de-oameni-dati-disparuti-3929809\" data-skip-linkfix=\"1\">amploarea observat\u0103 recent \u00een Nepal<\/a> sau anul trecut \u00een Blatten, \u00een Elve\u0163ia, ad\u0103ug\u00e2nd c\u0103 acestea vor deveni mai frecvente \u00een viitor,transmite miercuri agen\u0163ia de pres\u0103 DPA preluat\u0103 de Agerpres.<\/p>\n<p data-index=\"3\">Anterior, \u00een cursul zilei de mar\u0163i, pre\u015fedintele german a vizitat, \u00eempreun\u0103 cu omologii s\u0103i din Austria, Elve\u0163ia, Belgia, Luxemburg \u015fi Liechtenstein, ghe\u0163arul Stubai din Tirol. Glaciologii le-au explicat oficialilor efectele schimb\u0103rilor climatice asupra acestui ghe\u0163ar.<\/p>\n<p data-index=\"4\">\u015eefii de stat din Europa vorbitori de limb\u0103 german\u0103 se \u00eent\u00e2lnesc o dat\u0103 pe an \u00een una dintre \u0163\u0103rile lor. Anul acesta a fost r\u00e2ndul Austriei.<\/p>\n<p data-index=\"5\">Semnele locale ale \u00eenc\u0103lzirii globale sunt alarmante \u015fi impun adoptarea unor m\u0103suri, a declarat Steinmeier ulterior.<\/p>\n<p data-index=\"6\">Pre\u015fedintele a afirmat c\u0103 trebuie f\u0103cut tot ce este posibil pentru a limita \u00eenc\u0103lzirea global\u0103. Pe termen scurt, a ad\u0103ugat oficialul, este necesar\u0103 stabilirea cu exactitate a zonelor cu cel mai mare nivel de risc \u015fi asigurarea existen\u0163ei unor sisteme de avertizare timpurie pentru popula\u0163iile locale.<\/p>\n<p data-index=\"7\">Nu exist\u0103 nicio justificare pentru ca lupta \u00eempotriva schimb\u0103rilor climatice s\u0103 fie l\u0103sat\u0103 \u201ela coada agendei politice\u201d, a declarat Steinmeier.<\/p>\n<p> Editor : <a href=\"https:\/\/www.digi24.ro\/autor\/ana-petrescu\"> Ana Petrescu <\/a><\/p>\n<\/div>\n<p>[analyse_source url=&#8221;https:\/\/www.digi24.ro\/stiri\/externe\/presedintele-germaniei-avertizeaza-asupra-riscurilor-climatice-din-alpi-schimbarile-climatice-nu-pot-fi-lasate-la-coada-agendei-3931479&#8243;]<\/p>\n","protected":false},"excerpt":{"rendered":"<p>[analyse_image type=&#8221;featured&#8221; src=&#8221;https:\/\/s.iw.ro\/gateway\/g\/ZmlsZVNvdXJjZT1odHRwJTNBJTJGJTJG\/c3RvcmFnZTA4dHJhbnNjb2Rlci5yY3Mt\/cmRzLnJvJTJGc3RvcmFnZSUyRjIwMjYl\/MkYwOSUyRjAyJTJGMjkzNDY4Nl8yOTM0\/Njg2X3N0ZWlubWVpZXIuanBnJnc9MTIw\/MCZoPTYzMCZ6Yz0xJmhhc2g9NjcxMzUy\/MjUwNWZjMThjNGEyZDMwNzczNzg3ZGVhNWU=.thumb.jpg&#8221;] Pre\u015fedintele Germaniei Frank-Walter Steinmeier a solicitat intensificarea eforturilor pentru protejarea popula\u0163iei din Alpii europeni \u00eempotriva alunec\u0103rilor de teren \u015fi a curgerilor de noroi provocate de schimb\u0103rile climatice. Steinmeier a declarat mar\u0163i c\u0103 astfel de evenimente nu trebuie neap\u0103rat s\u0103 ating\u0103 amploarea observat\u0103 recent \u00een Nepal sau anul trecut \u00een Blatten, \u00een Elve\u0163ia, [&hellip;]<\/p>\n","protected":false},"author":1,"featured_media":0,"comment_status":"open","ping_status":"","sticky":false,"template":"","format":"standard","meta":{"footnotes":""},"categories":[89],"tags":[226,11],"class_list":["post-2123800","post","type-post","status-publish","format-standard","hentry","category-romania","tag-crawlmanager","tag-digi24"],"_links":{"self":[{"href":"https:\/\/analyse.optim.biz\/index.php?rest_route=\/wp\/v2\/posts\/2123800","targetHints":{"allow":["GET"]}}],"collection":[{"href":"https:\/\/analyse.optim.biz\/index.php?rest_route=\/wp\/v2\/posts"}],"about":[{"href":"https:\/\/analyse.optim.biz\/index.php?rest_route=\/wp\/v2\/types\/post"}],"author":[{"embeddable":true,"href":"https:\/\/analyse.optim.biz\/index.php?rest_route=\/wp\/v2\/users\/1"}],"replies":[{"embeddable":true,"href":"https:\/\/analyse.optim.biz\/index.php?rest_route=%2Fwp%2Fv2%2Fcomments&post=2123800"}],"version-history":[{"count":0,"href":"https:\/\/analyse.optim.biz\/index.php?rest_route=\/wp\/v2\/posts\/2123800\/revisions"}],"wp:attachment":[{"href":"https:\/\/analyse.optim.biz\/index.php?rest_route=%2Fwp%2Fv2%2Fmedia&parent=2123800"}],"wp:term":[{"taxonomy":"category","embeddable":true,"href":"https:\/\/analyse.optim.biz\/index.php?rest_route=%2Fwp%2Fv2%2Fcategories&post=2123800"},{"taxonomy":"post_tag","embeddable":true,"href":"https:\/\/analyse.optim.biz\/index.php?rest_route=%2Fwp%2Fv2%2Ftags&post=2123800"}],"curies":[{"name":"wp","href":"https:\/\/api.w.org\/{rel}","templated":true}]}}