{"id":2123792,"date":"2026-09-02T04:51:00","date_gmt":"2026-09-02T01:51:00","guid":{"rendered":"https:\/\/analyse.optim.biz\/?p=2123792"},"modified":"2026-09-02T04:51:00","modified_gmt":"2026-09-02T01:51:00","slug":"barbat-disparut-fara-urma-in-mare-la-costinesti-sub-ochii-familiei-nici-n-a-cerut-ajutor-s-a-dus","status":"publish","type":"post","link":"https:\/\/analyse.optim.biz\/?p=2123792","title":{"rendered":"B\u0103rbat disp\u0103rut f\u0103r\u0103 urm\u0103 \u00een mare, la Costine\u0219ti, sub ochii familiei. &#8220;Nici n-a cerut ajutor, s-a dus"},"content":{"rendered":"<p>[analyse_image type=&#8221;featured&#8221; src=&#8221;https:\/\/ivm.antenaplay.ro\/thumbs\/observatornews\/2026\/09\/02\/tSvqMoIf351_3O.jpg&#8221;]<\/p>\n<article class=\"cnt\">\n<div class=\"header-cnt\">\n<h1><span class=\"marcaj\">Video<\/span> B\u0103rbat disp\u0103rut f\u0103r\u0103 urm\u0103 \u00een mare, la Costine\u0219ti, sub ochii familiei. &#8220;Nici n-a cerut ajutor, s-a dus la fund&#8221;<br \/>\n            <\/h1>\n<div class=\"space-all\"><a class=\"gnews-as\" href=\"https:\/\/google.com\/preferences\/source?q=https:\/\/observatornews.ro\/\" target=\"_blank\" title=\"Adaug\u0103 Observator News ca surs\u0103 preferat\u0103 \u00een Google News\" rel=\"noopener\"><img decoding=\"async\" loading=\"lazy\" src=\"https:\/\/observatornews.ro\/templates\/default\/images\/share-v2\/google-icon.svg\" alt=\"Iconi\u021b\u0103 Google News\" width=\"24\" height=\"20\">Adaug\u0103-ne ca surs\u0103 preferat\u0103 \u00een Google<br \/>\n    <\/a><a class=\"gnews-as\" href=\"https:\/\/profile.google.com\/cp\/Cg0vZy8xMWc2czYxZzA1\" target=\"_blank\" title=\"Urm\u0103re\u0219te canalul Observator News pe Google Discover\" rel=\"noopener\"><img decoding=\"async\" loading=\"lazy\" src=\"https:\/\/observatornews.ro\/templates\/default\/images\/share-v2\/google-icon.svg\" alt=\"Iconi\u021b\u0103 Google Discover\" width=\"24\" height=\"20\">Urm\u0103re\u0219te ObservatorNews pe Discover<br \/>\n    <\/a><\/div>\n<div class=\"headline-author\">\n<div class=\"article-autor\"><span>Editor<\/span><a href=\"https:\/\/observatornews.ro\/autori\/cristina-nita-id201.html\" class=\"headline-link\" title=\"Cristina Ni\u021b\u0103\">Cristina Ni\u021b\u0103<\/a><span class=\"article-readtime\">| Timp citire: 2 minute<\/span><\/div>\n<p><span class=\"article-created\">Publicat la 02.09.2026, 07:51<\/span><span class=\"article-updated\">| Modificat la 02.09.2026, 08:22<\/span><\/div>\n<div class=\"share-nav\"><a id=\"comments_section_trg\" data-target=\"comments_section\" href=\"https:\/\/observatornews.ro\/eveniment\/barbat-disparut-fara-urma-in-mare-la-costinesti-sub-ochii-familiei-nici-na-cerut-ajutor-sa-dus-la-fund-664931.html?utm_campaign=crossout&amp;utm_source=adevarul.ro#comments_section\" class=\"postcomments d-none\" title=\"Comentarii\"><img decoding=\"async\" src=\"https:\/\/observatornews.ro\/templates\/default\/images\/share-v2\/comments.svg\" width=\"36\" height=\"36\" alt=\"Comentarii articol\" loading=\"lazy\"><span id=\"comments_count\" class=\"comments_count\">\u00a0<\/span><\/a><a href=\"https:\/\/www.facebook.com\/sharer.php?u=https:\/\/observatornews.ro\/eveniment\/barbat-disparut-fara-urma-in-mare-la-costinesti-sub-ochii-familiei-nici-na-cerut-ajutor-sa-dus-la-fund-664931.html\" target=\"_blank\" rel=\"noreferrer noopener nofollow\" class=\"facebook\" title=\"Distribuie pe Facebook\"><img decoding=\"async\" src=\"https:\/\/observatornews.ro\/templates\/default\/images\/share-v2\/facebook.svg\" width=\"36\" height=\"36\" alt=\"Distribuie pe Facebook\" loading=\"lazy\"><\/a><a href=\"\/\/observatornews.ro\/eveniment\/barbat-disparut-fara-urma-in-mare-la-costinesti-sub-ochii-familiei-nici-na-cerut-ajutor-sa-dus-la-fund-664931.html\" rel=\"noreferrer noopener nofollow\" data-action=\"share\/whatsapp\/share\" class=\"whatsapp\" title=\"Trimite pe WhatsApp\"><img decoding=\"async\" src=\"https:\/\/observatornews.ro\/templates\/default\/images\/share-v2\/whatsapp.svg\" width=\"36\" height=\"36\" alt=\"Trimite pe WhatsApp\" loading=\"lazy\"><\/a><a href=\"https:\/\/news.google.com\/publications\/CAAqLQgKIidDQklTRndnTWFoTUtFVzlpYzJWeWRtRjBiM0p1WlhkekxuSnZLQUFQAQ?hl=ro&amp;gl=RO&amp;ceid=RO%3Aro\" target=\"_blank\" rel=\"noopener\" class=\"gnews\" title=\"Urm\u0103re\u0219te Observator pe Google News\"><img decoding=\"async\" src=\"https:\/\/observatornews.ro\/templates\/default\/images\/share-v2\/google-news-icon.png\" width=\"36\" height=\"36\" alt=\"Urm\u0103re\u0219te Observator pe Google News\" loading=\"lazy\"><\/a><\/div>\n<p>Stare de alert\u0103 pe o plaj\u0103 din Costine\u015fti! Un b\u0103rbat de 53 de ani este disp\u0103rut de aproape 20 de ore, dup\u0103 ce a intrat \u00een ap\u0103 \u015fi nu a mai ie\u015fit. Martorii spun c\u0103 zona \u00een care se afla nu era cu risc pentru c\u0103 apa ar fi fost p\u00e2n\u0103 la piept, \u00eens\u0103 \u00een c\u00e2teva clipe nu s-a mai v\u0103zut.\u00a0Victima era \u00een vacan\u0163\u0103 cu familia pe litoral \u015fi totul s-a \u00eent\u00e2mplat sub ochii acesteia. Zeci de scafandri au periat \u00eentreaga zon\u0103, \u00eens\u0103 nici urm\u0103 de b\u0103rbat. La l\u0103sarea \u00eentunericului, c\u0103ut\u0103rile au fost suspendate, urm\u00e2nd s\u0103 fie reluate \u00een aceast\u0103 diminea\u0163\u0103.<\/p>\n<\/div>\n<div class=\"center-cnt\">\n<p>Alarma s-a dat \u00een jurul orei 12:30. B\u0103rbatul, \u00een v\u00e2rst\u0103 de 53 de ani, era din\u00a0Harghita\u00a0\u0219i venise \u00eempreun\u0103 cu familia \u0219i mai mul\u021bi prieteni pe litoral.\u00a0A intrat s\u0103 se r\u0103coareasc\u0103 \u00een mare, iar \u00een frac\u0163iune de secund\u0103&#8230; b\u0103rbatul a disp\u0103rut. Membrii familiei au alertat de urgen\u021b\u0103 scafandri, care au \u00eenceput imediat c\u0103ut\u0103rile.<\/p>\n<h2 data-toc-index=\"1\" id=\"section-1\">B\u0103rbatul ar fi fost v\u0103zut ultima dat\u0103 l\u00e2ng\u0103 geamandur\u0103<\/h2>\n<p>Salvatorii de la Inspectoratul pentru Situa\u0163ii de urgen\u0163\u0103 Dobrogea \u00eel caut\u0103 acum cu 2 ambarca\u0163iuni \u015fi 15 scafandrii.\u00a0<\/p>\n<div class=\"outstream-text\"><span>Articolul continu\u0103 dup\u0103 reclam\u0103<\/span><\/div>\n<p><i>&#8220;Nici nu a cerut ajutorul, s-a dus direct la fund, at\u00e2t am v\u0103zut&#8221;<\/i><\/p>\n<p>  &#8220;Au venit salvamarii, au s\u0103rit. Din p\u0103cate nu l-au g\u0103sit, au ajuns foarte rapid dar nu au dat de\u00a0domnul&#8221;, spun oamenii.\u00a0<\/p>\n<p><i>&#8220;Am venit aici cu mijloace, am venit cu skijetul.\u00a0\u00cen momentul \u0103la noi am chemat to\u0163i salvamarii, s\u0103 intr\u0103m \u00een ap\u0103, am intrat \u00een ap\u0103, nici noi nu am g\u0103sit&#8221;<\/i>, spune un salvamar.<\/p>\n<p>De altfel, un elicopter SMURD a survolat zona \u00een timpul c\u0103ut\u0103rilor. \u00cen momentul dispari\u021biei era steag galben, iar marea era lini\u0219tit\u0103, f\u0103r\u0103 s\u0103 fie semnalate condi\u021bii periculoase.<\/p>\n<div class=\"linkuri-in-article widget\">\n<div class=\"ex-h6\">Pe acela\u015fi subiect<\/div>\n<ul class=\"lista-linkuri-in-article\">\n<li><a href=\"https:\/\/observatornews.ro\/eveniment\/costinestiul-a-renascut-in-ultimul-weekend-de-vara-fat-joe-si-keri-hilson-au-urcat-pe-scena-de-la-nibiru-664689.html\" title=\"Costine\u0219tiul a ren\u0103scut \u00een ultimul weekend de var\u0103. Fat Joe \u0219i Keri Hilson au urcat pe scena de la Nibiru\"><img decoding=\"async\" src=\"https:\/\/img.observatornews.ro\/?u=https%3A%2F%2Fivm.antenaplay.ro%2Fthumbs%2Fobservatornews%2F2026%2F08%2F30%2FFkoMXLVaamx_3O.jpg&amp;w=300&amp;h=180&amp;c=1\" alt=\"Costine\u0219tiul a ren\u0103scut \u00een ultimul weekend de var\u0103. Fat Joe \u0219i Keri Hilson au urcat pe scena de la Nibiru\" width=\"150\" height=\"90\" loading=\"lazy\"><span>Costine\u0219tiul a ren\u0103scut \u00een ultimul weekend de var\u0103. Fat Joe \u0219i Keri Hilson au urcat pe scena de la Nibiru<\/span><\/a><\/li>\n<li><a href=\"https:\/\/observatornews.ro\/eveniment\/tragedie-la-costinesti-tanar-de-22-ani-gasit-mort-dupa-10-ore-a-intrat-in-mare-intro-zona-fara-salvamari-664683.html\" title=\"Tragedie la Costine\u0219ti. T\u00e2n\u0103r de 22 ani, g\u0103sit mort dup\u0103 10 ore. A intrat \u00een mare \u00eentr-o zon\u0103 f\u0103r\u0103 salvamari\"><img decoding=\"async\" src=\"https:\/\/img.observatornews.ro\/?u=https%3A%2F%2Fivm.antenaplay.ro%2Fthumbs%2Fobservatornews%2F2026%2F08%2F30%2FDyGtXiRzRcz_3O.jpg&amp;w=300&amp;h=180&amp;c=1\" alt=\"Tragedie la Costine\u0219ti. T\u00e2n\u0103r de 22 ani, g\u0103sit mort dup\u0103 10 ore. A intrat \u00een mare \u00eentr-o zon\u0103 f\u0103r\u0103 salvamari\" width=\"150\" height=\"90\" loading=\"lazy\"><span>Tragedie la Costine\u0219ti. T\u00e2n\u0103r de 22 ani, g\u0103sit mort dup\u0103 10 ore. A intrat \u00een mare \u00eentr-o zon\u0103 f\u0103r\u0103 salvamari<\/span><\/a><\/li>\n<li><a href=\"https:\/\/observatornews.ro\/eveniment\/drona-de-tip-gerbera-gasita-in-marea-neagra-in-zona-costinesti-nu-avea-incarcatura-exploziva-664017.html\" title=\"Dron\u0103 de tip Gerbera, g\u0103sit\u0103 \u00een Marea Neagr\u0103, \u00een zona Costine\u0219ti. Nu avea \u00eenc\u0103rc\u0103tur\u0103 exploziv\u0103\"><img decoding=\"async\" src=\"https:\/\/img.observatornews.ro\/?u=https%3A%2F%2Fobservatornews.ro%2Fuploads%2Fmodules%2Fnews%2F0%2F2026%2F8%2F23%2F664017%2Ffotojet-2026-08-23t181610-123-78881926.jpg&amp;w=300&amp;h=180&amp;c=1\" alt=\"Dron\u0103 de tip Gerbera, g\u0103sit\u0103 \u00een Marea Neagr\u0103, \u00een zona Costine\u0219ti. Nu avea \u00eenc\u0103rc\u0103tur\u0103 exploziv\u0103\" width=\"150\" height=\"90\" loading=\"lazy\"><span>Dron\u0103 de tip Gerbera, g\u0103sit\u0103 \u00een Marea Neagr\u0103, \u00een zona Costine\u0219ti. Nu avea \u00eenc\u0103rc\u0103tur\u0103 exploziv\u0103<\/span><\/a><\/li>\n<\/ul>\n<\/div>\n<p><i>&#8220;(E dificil\u0103 interven\u0163ia?) Nu este dificil\u0103, marea este lini\u015ftit\u0103, singura problema este vizibilitatea \u00een ap\u0103, unde avem nisip amestecat cu ap\u0103, vizibilitatea foarte redus\u0103.\u00a0Sunt \u015fi gropi la ad\u00e2ncimi de 4 metri, le-am c\u0103utat \u015fi pe acelea&#8221;,<\/i> spune\u00a0<b>Marian Ciulei<\/b>, \u0219eful scafandrilor de interven\u021bie, ISU Dobrogea.<\/p>\n<p>Din p\u0103cate, la aproape 20 de ore de la dispari\u0163ie nu este nici urm\u0103 de b\u0103rbat. Salvatorii vor relua ast\u0103zi c\u0103ut\u0103rile.<\/p>\n<div id=\"renderVote\">\n<div class=\"autor-info\">\n<div class=\"autor-content\">\n<div class=\"autor-list\">\n<div class=\"autor-item\">\n<div class=\"autor-image\"><a href=\"https:\/\/observatornews.ro\/autori\/cristina-nita-id201.html\" title=\"Cristina Ni\u021b\u0103\"><img decoding=\"async\" src=\"https:\/\/img.observatornews.ro\/?u=https:\/\/observatornews.ro\/uploads\/modules\/authors\/1702569325.jpg&amp;w=60\" width=\"60\" height=\"60\" loading=\"lazy\" alt=\"Cristina Ni\u021b\u0103\"><\/a><\/div>\n<div class=\"autor-item-content\"><span class=\"autor-info-title\"><a href=\"https:\/\/observatornews.ro\/autori\/cristina-nita-id201.html\" title=\"Cristina Ni\u021b\u0103\">Cristina Ni\u021b\u0103<\/a><\/span><\/div>\n<\/div>\n<\/div>\n<p><a href=\"https:\/\/observatornews.ro\/eveniment\/barbat-disparut-fara-urma-in-mare-la-costinesti-sub-ochii-familiei-nici-na-cerut-ajutor-sa-dus-la-fund-664931.html\" data-aid=\"664931\" data-csrf=\"183afea400b8bfcfbe24f60db3492b126af9805777ecbb0f\" id=\"like-button\" class=\"autor-like\">Like<\/a><\/div>\n<\/div>\n<\/div>\n<div class=\"taguri\"><a href=\"https:\/\/observatornews.ro\/articole-despre\/costinesti\/\" title=\"costinesti\">costinesti<\/a><a href=\"https:\/\/observatornews.ro\/articole-despre\/inecat\/\" title=\"inecat\">inecat<\/a><a href=\"https:\/\/observatornews.ro\/articole-despre\/litoral\/\" title=\"litoral\">litoral<\/a><\/div>\n<div id=\"sticky-menu\" class=\"sticky-menu bottom-menu\">\n<div class=\"inner\"><a href=\"https:\/\/observatornews.ro\/\" title=\"Homepage\"><\/p>\n<figure class=\"selected\"><img decoding=\"async\" src=\"https:\/\/observatornews.ro\/templates\/default\/images\/logo-obs-symbol.svg\" alt=\"Homepage\" width=\"46\" height=\"46\" loading=\"lazy\"><\/figure>\n<p><span>Homepage<\/span><\/a><a href=\"https:\/\/observatornews.ro\/cele-mai-noi-stiri-observator-antena-1\/\" title=\"Ultimele stiri\"><\/p>\n<figure><img decoding=\"async\" src=\"https:\/\/observatornews.ro\/templates\/default\/images\/newspaper-dark.svg\" alt=\"Ultimele stiri\" width=\"28\" height=\"19\" loading=\"lazy\"><\/figure>\n<p><span>Ultimele \u0219tiri<\/span><\/a><a href=\"https:\/\/observatornews.ro\/vremea\/\" title=\"Vremea\"><\/p>\n<figure><img decoding=\"async\" src=\"https:\/\/observatornews.ro\/templates\/default\/images\/logo-vreme.svg\" alt=\"Vremea\" width=\"46\" height=\"46\" loading=\"lazy\"><\/figure>\n<p><span>Vremea<\/span><\/a><a href=\"https:\/\/observatornews.ro\/fii-observator-contact\" title=\"Fii Observator\"><\/p>\n<figure><img decoding=\"async\" src=\"https:\/\/observatornews.ro\/templates\/default\/images\/fiiObservator-symbol.svg\" alt=\"Vremea\" width=\"46\" height=\"46\" loading=\"lazy\"><\/figure>\n<p><span>Fii Observator<\/span><\/a><\/div>\n<\/div>\n<div class=\"cnt-fixed-ads\">\n<div class=\"top-widget\">\n<div class=\"latest-trending\">\n<div id=\"latest\" class=\"tabcontent widget-tabcontent-latest\">\n<div class=\"widget-tabcontent-latest-wrap\"><a href=\"https:\/\/observatornews.ro\/economic\/posta-romana-acord-cu-temu-comerciantii-romani-ar-putea-vinde-produsele-in-mai-multe-tari-664962.html\" title=\"Po\u015fta Rom\u00e2n\u0103, acord cu Temu. Comercian\u0163ii rom\u00e2ni ar putea vinde produsele \u00een mai multe \u0163\u0103ri\"><\/p>\n<div class=\"d-flex\"><span>11:10<\/span><\/div>\n<p><span> Po\u015fta Rom\u00e2n\u0103, acord cu Temu. Comercian\u0163ii rom\u00e2ni ar putea vinde produsele \u00een mai multe \u0163\u0103ri<\/span><\/a><a href=\"https:\/\/observatornews.ro\/economic\/o-noua-fabrica-apare-in-romania-productia-se-muta-la-oradea-664954.html\" title=\"O nou\u0103 fabric\u0103 apare \u00een Rom\u00e2nia. Produc\u0163ia se mut\u0103 la Oradea\"><\/p>\n<div class=\"d-flex\"><span>10:56<\/span><\/div>\n<p><span> O nou\u0103 fabric\u0103 apare \u00een Rom\u00e2nia. Produc\u0163ia se mut\u0103 la Oradea<\/span><\/a><a href=\"https:\/\/observatornews.ro\/economic\/cat-va-costa-primul-range-rover-100-electric-cu-o-autonomie-de-600-km-664955.html\" title=\"C\u00e2t va costa primul Range Rover 100% electric, cu o autonomie de 600 km\"><\/p>\n<div class=\"d-flex\"><span>10:55<\/span><\/div>\n<p><span> C\u00e2t va costa primul Range Rover 100% electric, cu o autonomie de 600 km<\/span><\/a><\/div>\n<div class=\"more\"><a href=\"https:\/\/observatornews.ro\/cele-mai-noi-stiri-observator-antena-1\/\" title=\"Mai multe stiri Observator\" class=\"mai-multe\">Vezi ultimele stiri<\/a><\/div>\n<\/div>\n<div class=\"tabcontent widget-tabcontent-topvideo\" id=\"topvideo\">\n<div class=\"widget-top__panel widget-top__top\">\n<div class=\"daily__news-item\">\n<figure><img decoding=\"async\" src=\"https:\/\/img.observatornews.ro\/?u=https%3A%2F%2Fivm.antenaplay.ro%2Fthumbs%2Fobservatornews%2F2026%2F09%2F02%2FSsLFl6xosME_3O.jpg&amp;w=430&amp;h=260&amp;c=1\" alt=\"Cum a \u00eencercat un t\u00e2n\u0103r de 18 ani din Ucraina s\u0103 p\u0103c\u0103leasc\u0103 o femeie din Capital\u0103 s\u0103-i dea 180.000 de lei\" title=\"Cum a \u00eencercat un t\u00e2n\u0103r de 18 ani din Ucraina s\u0103 p\u0103c\u0103leasc\u0103 o femeie din Capital\u0103 s\u0103-i dea 180.000 de lei\"><\/figure>\n<div class=\"content-wrapper\">\n<h3 class=\"headline-xxs\"> Cum a \u00eencercat un t\u00e2n\u0103r de 18 ani din Ucraina s\u0103 p\u0103c\u0103leasc\u0103 o femeie din Capital\u0103 s\u0103-i dea 180.000 de lei<\/h3>\n<div class=\"metadata\" data-articleid=\"664944\" data-href=\"https:\/\/observatornews.ro\/justitie\/cum-a-incercat-un-tanar-de-18-ani-din-ucraina-sa-pacaleasca-o-femeie-din-capitala-sai-dea-180000-de-lei-664944.html#comments_section\"><span>09:50<\/span><\/div>\n<p><a href=\"https:\/\/observatornews.ro\/justitie\/cum-a-incercat-un-tanar-de-18-ani-din-ucraina-sa-pacaleasca-o-femeie-din-capitala-sai-dea-180000-de-lei-664944.html\" title=\"Cum a \u00eencercat un t\u00e2n\u0103r de 18 ani din Ucraina s\u0103 p\u0103c\u0103leasc\u0103 o femeie din Capital\u0103 s\u0103-i dea 180.000 de lei\" class=\"full-link\">Cum a \u00eencercat un t\u00e2n\u0103r de 18 ani din Ucraina s\u0103 p\u0103c\u0103leasc\u0103 o femeie din Capital\u0103 s\u0103-i dea 180.000 de lei<\/a><\/div>\n<\/div>\n<div class=\"daily__news-item\">\n<figure><img decoding=\"async\" src=\"https:\/\/img.observatornews.ro\/?u=https%3A%2F%2Fivm.antenaplay.ro%2Fthumbs%2Fobservatornews%2F2026%2F09%2F02%2Fw4zKhUQztQ9_3O.jpg&amp;w=430&amp;h=260&amp;c=1\" alt=\"Momentul \u00een care un b\u0103rbat pierde controlul ATV-ului \u015fi se \u00eenfige \u00een gard. Medicii nu l-au mai putut salva\" title=\"Momentul \u00een care un b\u0103rbat pierde controlul ATV-ului \u015fi se \u00eenfige \u00een gard. Medicii nu l-au mai putut salva\"><\/figure>\n<div class=\"content-wrapper\">\n<h3 class=\"headline-xxs\"> Momentul \u00een care un b\u0103rbat pierde controlul ATV-ului \u015fi se \u00eenfige \u00een gard. Medicii nu l-au mai putut salva<\/h3>\n<div class=\"metadata\" data-articleid=\"664937\" data-href=\"https:\/\/observatornews.ro\/eveniment\/momentul-in-care-un-barbat-pierde-controlul-atvului-si-se-infige-in-gard-medicii-nu-lau-mai-putut-salva-664937.html#comments_section\"><span>08:42<\/span><\/div>\n<p><a href=\"https:\/\/observatornews.ro\/eveniment\/momentul-in-care-un-barbat-pierde-controlul-atvului-si-se-infige-in-gard-medicii-nu-lau-mai-putut-salva-664937.html\" title=\"Momentul \u00een care un b\u0103rbat pierde controlul ATV-ului \u015fi se \u00eenfige \u00een gard. Medicii nu l-au mai putut salva\" class=\"full-link\">Momentul \u00een care un b\u0103rbat pierde controlul ATV-ului \u015fi se \u00eenfige \u00een gard. Medicii nu l-au mai putut salva<\/a><\/div>\n<\/div>\n<div class=\"daily__news-item\">\n<figure><img decoding=\"async\" src=\"https:\/\/img.observatornews.ro\/?u=https%3A%2F%2Fivm.antenaplay.ro%2Fthumbs%2Fobservatornews%2F2026%2F09%2F02%2F0GlqdtQ1iz6_3O.jpg&amp;w=430&amp;h=260&amp;c=1\" alt=\"Minorele care au b\u0103tut o fat\u0103 de 12 ani, plasate sub control judiciar. \u00cen ce stare se afl\u0103 victima\u00a0\" title=\"Minorele care au b\u0103tut o fat\u0103 de 12 ani, plasate sub control judiciar. \u00cen ce stare se afl\u0103 victima\u00a0\"><\/figure>\n<div class=\"content-wrapper\">\n<h3 class=\"headline-xxs\"> Minorele care au b\u0103tut o fat\u0103 de 12 ani, plasate sub control judiciar. \u00cen ce stare se afl\u0103 victima\u00a0<\/h3>\n<div class=\"metadata\" data-articleid=\"664936\" data-href=\"https:\/\/observatornews.ro\/eveniment\/minorele-care-au-batut-o-fata-de-12-ani-plasate-sub-control-judiciar-in-ce-stare-se-afla-victima-664936.html#comments_section\"><span>08:50<\/span><\/div>\n<p><a href=\"https:\/\/observatornews.ro\/eveniment\/minorele-care-au-batut-o-fata-de-12-ani-plasate-sub-control-judiciar-in-ce-stare-se-afla-victima-664936.html\" title=\"Minorele care au b\u0103tut o fat\u0103 de 12 ani, plasate sub control judiciar. \u00cen ce stare se afl\u0103 victima\u00a0\" class=\"full-link\">Minorele care au b\u0103tut o fat\u0103 de 12 ani, plasate sub control judiciar. \u00cen ce stare se afl\u0103 victima\u00a0<\/a><\/div>\n<\/div>\n<\/div>\n<div class=\"more\"><a href=\"https:\/\/observatornews.ro\/video\/\" class=\"widget-top__see-more mai-multe\" id=\"see-more-video\" title=\"Vezi toate stirile video\">Vezi mai multe<\/a><\/div>\n<\/div>\n<div id=\"mostread\" class=\"tabcontent widget-tabcontent-mostread\"><a href=\"https:\/\/observatornews.ro\/economic\/reactia-unui-turist-dupa-ce-sa-cazat-cu-doar-150-lei-pe-litoral-e-al-30lea-an-in-care-vin-aici-doar-aici-664869.html\" title=\"Reac\u021bia unui turist dup\u0103 ce s-a cazat cu doar 150 lei pe litoral: &quot;E al 30-lea an \u00een care vin aici. Doar aici&quot;\"><span class=\"numbering\">1<\/span><span> Reac\u021bia unui turist dup\u0103 ce s-a cazat cu doar 150 lei pe litoral: &#8220;E al 30-lea an \u00een care vin aici. Doar aici&#8221;<\/span><\/a><a href=\"https:\/\/observatornews.ro\/vremea\/vremea-de-maine-2-septembrie-ploile-si-furtunile-pun-stapanire-pe-mai-multe-zone-din-tara-sudul-fierbe-664827.html\" title=\"Vremea de m\u00e2ine 2 septembrie. Ploile \u015fi furtunile pun st\u0103p\u00e2nire pe mai multe zone din \u0163ar\u0103. Sudul fierbe\"><span class=\"numbering\">2<\/span><span> Vremea de m\u00e2ine 2 septembrie. Ploile \u015fi furtunile pun st\u0103p\u00e2nire pe mai multe zone din \u0163ar\u0103. Sudul fierbe<\/span><\/a><a href=\"https:\/\/observatornews.ro\/eveniment\/a-comandat-o-lada-frigorifica-de-70-kg-iar-curierul-ia-lasato-in-fata-blocului-a-zis-ca-ma-descurc-664905.html\" title=\"A comandat o lad\u0103 frigorific\u0103 de 70 kg, iar curierul i-a l\u0103sat-o \u00een fa\u0163a blocului. &quot;A zis c\u0103 m\u0103 descurc&quot;\"><span class=\"numbering\">3<\/span><span> A comandat o lad\u0103 frigorific\u0103 de 70 kg, iar curierul i-a l\u0103sat-o \u00een fa\u0163a blocului. &#8220;A zis c\u0103 m\u0103 descurc&#8221;<\/span><\/a><\/div>\n<\/div>\n<\/div>\n<\/div>\n<\/div>\n<\/article>\n<p>[analyse_source url=&#8221;https:\/\/observatornews.ro\/eveniment\/barbat-disparut-fara-urma-in-mare-la-costinesti-sub-ochii-familiei-nici-na-cerut-ajutor-sa-dus-la-fund-664931.html?utm_campaign=crossout&amp;utm_source=adevarul.ro&#8221;]<\/p>\n","protected":false},"excerpt":{"rendered":"<p>[analyse_image type=&#8221;featured&#8221; src=&#8221;https:\/\/ivm.antenaplay.ro\/thumbs\/observatornews\/2026\/09\/02\/tSvqMoIf351_3O.jpg&#8221;] Video B\u0103rbat disp\u0103rut f\u0103r\u0103 urm\u0103 \u00een mare, la Costine\u0219ti, sub ochii familiei. &#8220;Nici n-a cerut ajutor, s-a dus la fund&#8221; Adaug\u0103-ne ca surs\u0103 preferat\u0103 \u00een Google Urm\u0103re\u0219te ObservatorNews pe Discover EditorCristina Ni\u021b\u0103| Timp citire: 2 minute Publicat la 02.09.2026, 07:51| Modificat la 02.09.2026, 08:22 \u00a0 Stare de alert\u0103 pe o plaj\u0103 din [&hellip;]<\/p>\n","protected":false},"author":1,"featured_media":0,"comment_status":"open","ping_status":"","sticky":false,"template":"","format":"standard","meta":{"footnotes":""},"categories":[89],"tags":[19,226],"class_list":["post-2123792","post","type-post","status-publish","format-standard","hentry","category-romania","tag-adevarul","tag-crawlmanager"],"_links":{"self":[{"href":"https:\/\/analyse.optim.biz\/index.php?rest_route=\/wp\/v2\/posts\/2123792","targetHints":{"allow":["GET"]}}],"collection":[{"href":"https:\/\/analyse.optim.biz\/index.php?rest_route=\/wp\/v2\/posts"}],"about":[{"href":"https:\/\/analyse.optim.biz\/index.php?rest_route=\/wp\/v2\/types\/post"}],"author":[{"embeddable":true,"href":"https:\/\/analyse.optim.biz\/index.php?rest_route=\/wp\/v2\/users\/1"}],"replies":[{"embeddable":true,"href":"https:\/\/analyse.optim.biz\/index.php?rest_route=%2Fwp%2Fv2%2Fcomments&post=2123792"}],"version-history":[{"count":0,"href":"https:\/\/analyse.optim.biz\/index.php?rest_route=\/wp\/v2\/posts\/2123792\/revisions"}],"wp:attachment":[{"href":"https:\/\/analyse.optim.biz\/index.php?rest_route=%2Fwp%2Fv2%2Fmedia&parent=2123792"}],"wp:term":[{"taxonomy":"category","embeddable":true,"href":"https:\/\/analyse.optim.biz\/index.php?rest_route=%2Fwp%2Fv2%2Fcategories&post=2123792"},{"taxonomy":"post_tag","embeddable":true,"href":"https:\/\/analyse.optim.biz\/index.php?rest_route=%2Fwp%2Fv2%2Ftags&post=2123792"}],"curies":[{"name":"wp","href":"https:\/\/api.w.org\/{rel}","templated":true}]}}