{"id":2123756,"date":"2026-09-01T17:17:53","date_gmt":"2026-09-01T14:17:53","guid":{"rendered":"https:\/\/analyse.optim.biz\/?p=2123756"},"modified":"2026-09-01T17:17:53","modified_gmt":"2026-09-01T14:17:53","slug":"hotelul-miraj-din-poiana-brasov-detinut-de-familia-fostului-ministru-constantin-nita-a-fost-scos-la-vanzare","status":"publish","type":"post","link":"https:\/\/analyse.optim.biz\/?p=2123756","title":{"rendered":"Hotelul Miraj din Poiana Bra\u0219ov, de\u021binut de familia fostului ministru Constantin Ni\u021b\u0103, a fost scos la v\u00e2nzare"},"content":{"rendered":"<p>[analyse_image type=&#8221;featured&#8221; src=&#8221;https:\/\/cdn.adh.reperio.news\/image-c\/c872b568-18a6-4e6e-aeef-bbe1a59033ec\/index.jpeg?p=f%3Djpeg%26w%3D1200%26h%3D630%26r%3Dcover&#8221;]<\/p>\n<article class=\"svelte-x63bga\">\n<nav>\n<ul class=\"breadcrump svelte-1pk9a69\">\n<li class=\"svelte-1pk9a69\"><a href=\"https:\/\/adevarul.ro\/\" title=\"Adev\u0103rul\" class=\"svelte-1pk9a69\">Home<\/a><\/li>\n<li class=\"svelte-1pk9a69\"><a href=\"https:\/\/adevarul.ro\/stiri-locale\" class=\"svelte-1pk9a69\">\u0218tiri locale<\/a><\/li>\n<li class=\"svelte-1pk9a69\"><a href=\"https:\/\/adevarul.ro\/stiri-locale\/brasov\" class=\"svelte-1pk9a69\">Bra\u015fov<\/a><\/li>\n<li class=\"svelte-1pk9a69\"><a href=\"https:\/\/adevarul.ro\/stiri-locale\/brasov\/hotelul-miraj-din-poiana-brasov-detinut-de-2553485.html\" class=\"svelte-1pk9a69\">Hotelul Miraj din Poiana Bra\u0219ov, de\u021binut de familia fostului ministru Constantin Ni\u021b\u0103, a fost scos la v\u00e2nzare<\/a><\/li>\n<\/ul>\n<\/nav>\n<p><main class=\"svelte-x63bga\"><\/p>\n<p>Un anun\u021b imobiliar a<br \/>\nreadus \u00een aten\u021bie numele unui fost ministru al Energiei \u015fi IMM-urilor, care a<br \/>\ncondus PSD Bra\u0219ov aproape dou\u0103 decenii, dar \u015fi-a sf\u00e2r\u015fit cariera politic\u0103 odat\u0103<br \/>\ncu condamnarea pentru luare de mit\u0103.<\/p>\n<div class=\"container-image  svelte-1xbw4f3\"><source type=\"image\/webp\" srcset=\"https:\/\/cdn.adh.reperio.news\/image-c\/c872b568-18a6-4e6e-aeef-bbe1a59033ec\/index.jpeg?p=a%3D1%26co%3D1.05%26w%3D1400%26h%3D750%26r%3Dcontain%26f%3Dwebp 1400w\" media=\"(min-width: 1400px)\" \/><\/p>\n<div class=\"caption svelte-1xbw4f3\"><span class=\"captionText svelte-1xbw4f3\">Hotelul apar\u0163ine familiei fostului ministru Constantin Ni\u0163\u0103. <span class=\"source svelte-1xbw4f3\">Foto: Romania adventure<\/span><\/span><\/div>\n<\/div>\n<p>Un anun\u021b imobiliar<br \/>\nprivind v\u00e2nzarea hotelului Miraj ap\u0103rut pe platforma Sotheby\u2019s International<br \/>\nRealty a fost prezentat recent de o parte a presei din Bra\u0219ov drept o posibil\u0103<br \/>\noportunitate de afaceri.\u00a0<\/p>\n<p>Proprietatea e,<br \/>\n\u00eens\u0103, interesul \u0219i prin numele celui care se afl\u0103 \u00een spatele companiei care de\u021bine<br \/>\nloca\u0163ia. Hotelul Miraj apar\u021bine firmei Poiana Aluni\u0219, controlat\u0103 de familia<br \/>\nfostului ministru al Energiei \u0219i al IMM-urilor, Constantin Ni\u021b\u0103.<\/p>\n<p>Cea mai mare parte a<br \/>\nac\u021biunilor, 86%, este de\u021binut\u0103 de Silvia Ni\u021b\u0103, so\u021bia fostului ministru. Restul<br \/>\nac\u021biunilor, 14%, se afl\u0103 la UPRUC POL, companie de\u021binut\u0103, de asemenea, de<br \/>\nfamilia Ni\u021b\u0103, noteaz\u0103 <a href=\"https:\/\/www.bzi.ro\/hotelul-lui-constantin-nita-fost-lider-psd-brasov-si-ministru-al-energiei-scos-la-vanzare-suma-este-uriasa-5595510?utm_source=SIM&amp;utm_medium=FB&amp;utm_campaign=FB-Post&amp;fbclid=IwY2xjawUD1TZwZG9mAWV4dG4DYWVtAjEwAGJyaWQRMG9FclI3VnZTbWs5QURndnBzcnRjBmFwcF9pZBAyMjIwMzkxNzg4MjAwODkyAAEewdnlH0WH1KIXjWocFoXRaoGsKSRBE01ld5WgVm6IU0tWC7H9zSeQvrFKMO8_aem_HVctIEpvw2LmQyF_udHaUA\" target=\"_blank\" rel=\"nofollow\">bzibra\u015fov.<\/a><\/p>\n<p>Potrivit datelor<br \/>\nfinanciare disponibile pentru compania Poiana Aluni\u0219, aceasta a \u00eencheiat anul<br \/>\ntrecut cu o cifr\u0103 de afaceri de aproximativ 919.000 de lei \u0219i un profit de<br \/>\ncirca 13.000 de lei. Firma a avut, \u00een medie, cinci angaja\u021bi.<\/p>\n<p>Hotelul este<br \/>\nclasificat la patru stele \u0219i a fost construit \u00een 2008. Este amplasat pe un<br \/>\nteren de 6.347 de metri p\u0103tra\u021bi, iar cl\u0103direa are o suprafa\u021b\u0103 construit\u0103<br \/>\ndesf\u0103\u0219urat\u0103 de 2.030 de metri p\u0103tra\u021bi. Construc\u021bia are subsol, parter, dou\u0103<br \/>\netaje \u0219i mansard\u0103.<\/p>\n<p>\u00cen oferta de v\u00e2nzare,<br \/>\nproprietatea este descris\u0103 ca o unitate hotelier\u0103 complet\u0103, amplasat\u0103 \u00eentr-o<br \/>\nzon\u0103 \u00eemp\u0103durit\u0103 a sta\u021biunii, cu vedere c\u0103tre Masivul Post\u0103varul.<\/p>\n<p><i>\u201e\u00centr-una dintre cele mai cunoscute destina\u021bii montane<br \/>\ndin Rom\u00e2nia, Hotel Miraj ocup\u0103 o proprietate de 6.347 mp, \u00eentr-un cadru dominat<br \/>\nde p\u0103dure \u0219i de peisajul Masivului Post\u0103varul. <\/i><\/p>\n<p><i>Clasificat la 4 stele, hotelul reune\u0219te infrastructura<br \/>\nunei afaceri hoteliere complete cu avantajul unui teren generos, \u00eentr-o zon\u0103 \u00een<br \/>\ncare propriet\u0103\u021bile de asemenea dimensiuni sunt tot mai rare\u201d,<\/i> sun\u0103 descrierea din anun\u0163.<\/p>\n<p>Hotelul are 30 de<br \/>\ncamere \u0219i patru apartamente, fiecare unitate de cazare av\u00e2nd baie proprie.<br \/>\nRestaurantul are o capacitate de 110 locuri, iar proprietatea mai include un<br \/>\nbar, o sal\u0103 de conferin\u021be, o sal\u0103 de fitness \u0219i o saun\u0103. Sunt prev\u0103zute \u0219i<br \/>\nspa\u021bii pentru activitatea de alimenta\u021bie public\u0103, inclusiv buc\u0103t\u0103rie<br \/>\nprofesional\u0103, camere frigorifice \u0219i spa\u021bii de depozitare.<\/p>\n<h2>Traseul lui<br \/>\nConstantin Ni\u0163\u0103, de la ministru la condamnat<\/h2>\n<p>Leg\u0103tura hotelului cu<br \/>\nConstantin Ni\u021b\u0103 aduce \u00een discu\u021bie \u0219i cariera politic\u0103 a fostului ministru. Acesta<br \/>\na condus organiza\u021bia jude\u021bean\u0103 PSD Bra\u0219ov timp de aproape dou\u0103 decenii, din<br \/>\n1997 p\u00e2n\u0103 \u00een 2016. \u00cenainte de a ajunge liderul filialei jude\u021bene, \u00eentre 1994 \u0219i<br \/>\n1997, fusese vicepre\u0219edinte al organiza\u021biei municipale Bra\u0219ov.<\/p>\n<p>\u00cen administra\u021bia<br \/>\ncentral\u0103, Constantin Ni\u021b\u0103 a ocupat mai \u00eent\u00e2i func\u021bia de ministru pentru<br \/>\nIMM-uri, Comer\u021b \u0219i Mediul de Afaceri, \u00een Guvernul Emil Boc, \u00een perioada<br \/>\n2008-2009. Ulterior, a devenit ministru al Energiei.<\/p>\n<p>\u00cen 2016, DNA l-a<br \/>\ntrimis \u00een judecat\u0103 pentru trafic de influen\u021b\u0103. Dosarul viza un contract<br \/>\n\u00eencheiat de compania UTI cu Prim\u0103ria Ia\u0219i, condus\u0103 la acea vreme de Gheorghe<br \/>\nNichita. Potrivit procurorilor, \u00een 2013, Ni\u021b\u0103 i-ar fi cerut omului de afaceri<br \/>\nTiberiu Urd\u0103reanu un comision de 5% din valoarea contractului, \u00een schimbul<br \/>\ninterven\u021biei sale pe l\u00e2ng\u0103 primarul Ia\u0219iului. Valoarea comisionului era<br \/>\nestimat\u0103 la aproximativ 3,4 milioane de lei.<\/p>\n<p>Anchetatorii au<br \/>\nsus\u021binut c\u0103 banii urmau s\u0103 ajung\u0103 la Ni\u021b\u0103 \u00een dou\u0103 modalit\u0103\u021bi. O parte, 30.000<br \/>\nde euro, i-ar fi fost remis\u0103 \u00een numerar, iar pentru restul ar fi fost \u00eencheiat<br \/>\nun contract de consultan\u021b\u0103 fictiv cu o firm\u0103 indicat\u0103 de fostul ministru. Prin<br \/>\nacel contract, \u00eentre mai 2013 \u0219i iunie 2014, ar fi fost transfera\u021bi 303.118<br \/>\nlei, pentru servicii care, potrivit procurorilor, nu au fost efectiv prestate.<\/p>\n<p>\u00cenalta Curte de<br \/>\nCasa\u021bie \u0219i Justi\u021bie l-a condamnat definitiv, \u00een iunie 2018, la patru ani de<br \/>\n\u00eenchisoare cu executare pentru trafic de influen\u021b\u0103. Instan\u021ba a men\u021binut \u0219i<br \/>\nsechestrul asupra unor bunuri p\u00e2n\u0103 la concuren\u021ba sumei de 303.000 de lei, \u00een<br \/>\ntimp ce m\u0103sura confisc\u0103rii celor 30.000 de euro a fost \u00eenl\u0103turat\u0103.<\/p>\n<p>Constantin Ni\u021b\u0103 a<br \/>\najuns atunci \u00een penitenciar \u0219i a executat aproximativ \u0219ase luni din pedeaps\u0103. <\/p>\n<p>\u00cen decembrie 2018,<br \/>\ndup\u0103 o decizie a Cur\u021bii Constitu\u021bionale privind constituirea completurilor de<br \/>\ncinci judec\u0103tori de la \u00cenalta Curte, instan\u021ba suprem\u0103 a admis contesta\u021bia \u00een<br \/>\nanulare formulat\u0103 de Ni\u021b\u0103 \u0219i a desfiin\u021bat condamnarea din 2018, dispun\u00e2nd<br \/>\nrejudecarea apelului.<\/p>\n<p>Rejudecarea nu a dus<br \/>\n\u00eens\u0103 la achitarea fostului ministru. Condamnarea de patru ani pentru trafic de<br \/>\ninfluen\u021b\u0103 a r\u0103mas \u00een vigoare, iar \u00een noiembrie 2022 Constantin Ni\u021b\u0103 <a href=\"https:\/\/adevarul.ro\/stiri-interne\/evenimente\/fostul-ministru-al-energiei-constantin-nita-se-2223056.html\" target=\"_blank\">a revenit<br \/>\n\u00een penitenciar<\/a> pentru executarea restului de pedeaps\u0103.<\/p>\n<p>Ulterior, dup\u0103<br \/>\nexecutarea restului de pedeaps\u0103, Constantin Ni\u021b\u0103 a fost eliberat condi\u021bionat. <\/p>\n<p><\/main><\/p>\n<footer class=\"svelte-x63bga\">\n<div class=\"related-wrap related-footer svelte-78g0vl\"><span class=\"related-label svelte-78g0vl\">Cite\u0219te \u0219i<\/span><a class=\"related svelte-78g0vl\" data-gtrack=\"{&quot;event&quot;:&quot;utm_click&quot;,&quot;data&quot;:{&quot;event_category&quot;:&quot;article_related&quot;}}\" href=\"https:\/\/adevarul.ro\/politica\/basescu-dupa-condamnarea-lui-nita-acum-intelegem-1874616.html\" title=\"Alt articol de interes pentru tine\"><img decoding=\"async\" class=\"thumb svelte-78g0vl\" src=\"https:\/\/cdn.adh.reperio.news\/image-b\/ba12728a-e81e-480f-bb30-fd3e2269e4dc\/index.jpeg?p=f%3Dwebp%26w%3D120%26h%3D80%26r%3Dcover%26a%3D0\" alt loading=\"lazy\" width=\"80\" height=\"54\"><span class=\"title svelte-78g0vl\">B\u0103sescu, dup\u0103 condamnarea lui Ni\u0163\u0103: Acum \u00een\u0163elegem de ce \u015eic\u0103 Mandolin\u0103 a devenit un \u201eom de n\u0103dejde\u201c care merit\u0103 s\u0103 fac\u0103 denun\u0163uri pentru \u00eenalt\u0103 tr\u0103dare<\/span><\/a><a class=\"related svelte-78g0vl\" data-gtrack=\"{&quot;event&quot;:&quot;utm_click&quot;,&quot;data&quot;:{&quot;event_category&quot;:&quot;article_related&quot;}}\" href=\"https:\/\/adevarul.ro\/stiri-interne\/evenimente\/fostul-ministru-al-energiei-constantin-nita-se-2223056.html\" title=\"Alt articol de interes pentru tine\"><img decoding=\"async\" class=\"thumb svelte-78g0vl\" src=\"https:\/\/cdn.adh.reperio.news\/image-3\/32bbb526-4b15-441d-bc41-5b8de528164f\/index.jpeg?p=f%3Dwebp%26w%3D120%26h%3D80%26r%3Dcover%26a%3D0\" alt loading=\"lazy\" width=\"80\" height=\"54\"><span class=\"title svelte-78g0vl\">Fostul ministru al Energiei Constantin Ni\u0163\u0103 se \u00eentoarce la \u00eenchisoare<\/span><\/a><a class=\"related svelte-78g0vl\" data-gtrack=\"{&quot;event&quot;:&quot;utm_click&quot;,&quot;data&quot;:{&quot;event_category&quot;:&quot;article_related&quot;}}\" href=\"https:\/\/adevarul.ro\/politica\/darius-valcov-ramane-in-inchisoare-judecatorii-au-2521752.html\" title=\"Alt articol de interes pentru tine\"><img decoding=\"async\" class=\"thumb svelte-78g0vl\" src=\"https:\/\/cdn.adh.reperio.news\/image-e\/e8cbd834-6c22-45c4-a641-2db8900f5624\/index.jpeg?p=f%3Dwebp%26w%3D120%26h%3D80%26r%3Dcover%26a%3D0\" alt loading=\"lazy\" width=\"80\" height=\"54\"><span class=\"title svelte-78g0vl\">Darius V\u00e2lcov r\u0103m\u00e2ne \u00een \u00eenchisoare. Judec\u0103torii au respins cererea de eliberare condi\u021bionat\u0103 a fostului ministru de Finan\u021be<\/span><\/a><\/div>\n<div class=\"meta svelte-x63bga\">\n<div class=\"authors svelte-x63bga\"><span class=\"names svelte-x63bga\"><a href=\"https:\/\/adevarul.ro\/author\/2048\" rel=\"author\" class=\"svelte-x63bga\">Florentina Grigore<\/a><\/span><\/p>\n<div class=\"_hydratable\" data-props=\"%7B%22showLive%22%3Atrue%7D\" data-context=\"%7B%22parentBlockColumnCount%22%3A%7B%22value%22%3A0%2C%22type%22%3A%22store%2Freadable%22%7D%2C%22parentBlockBackgroundColor%22%3A%7B%22type%22%3A%22store%2Freadable%22%7D%7D\" data-component=\"ShareButton\">\n<div class=\"shareButtons svelte-itwbrr\">\n<div class=\"liveSessions metaFont svelte-1maxmbf\"><span class=\"value svelte-1maxmbf\">1<\/span> live <\/div>\n<\/div>\n<\/div>\n<\/div>\n<div class=\"tags svelte-1l3vwp1\"><span class=\"tags-label metaFont svelte-1l3vwp1\">Cite\u0219te mai multe despre<\/span><\/p>\n<div class=\"tags-list svelte-1l3vwp1\"><a href=\"https:\/\/adevarul.ro\/tag\/hotel\" title=\"Ultimele \u0219tiri despre hotel\" class=\"tag-pill svelte-1l3vwp1\">hotel<\/a><a href=\"https:\/\/adevarul.ro\/tag\/poiana%20brasov\" title=\"Ultimele \u0219tiri despre poiana brasov\" class=\"tag-pill svelte-1l3vwp1\">poiana brasov<\/a><a href=\"https:\/\/adevarul.ro\/tag\/constantin%20ni%C8%9B%C4%83\" title=\"Ultimele \u0219tiri despre constantin ni\u021b\u0103\" class=\"tag-pill svelte-1l3vwp1\">constantin ni\u021b\u0103<\/a><\/div>\n<\/div>\n<\/div>\n<p><a class=\"moreFromCategory svelte-x63bga\" href=\"https:\/\/adevarul.ro\/stiri-locale\/brasov\" title=\"Bra\u015fov\">Mai multe din <strong class=\"svelte-x63bga\">Bra\u015fov<\/strong> \u203a<\/a><\/footer>\n<\/article>\n<p>[analyse_source url=&#8221;https:\/\/adevarul.ro\/stiri-locale\/brasov\/hotelul-miraj-din-poiana-brasov-detinut-de-2553485.html&#8221;]<\/p>\n","protected":false},"excerpt":{"rendered":"<p>[analyse_image type=&#8221;featured&#8221; src=&#8221;https:\/\/cdn.adh.reperio.news\/image-c\/c872b568-18a6-4e6e-aeef-bbe1a59033ec\/index.jpeg?p=f%3Djpeg%26w%3D1200%26h%3D630%26r%3Dcover&#8221;] Home \u0218tiri locale Bra\u015fov Hotelul Miraj din Poiana Bra\u0219ov, de\u021binut de familia fostului ministru Constantin Ni\u021b\u0103, a fost scos la v\u00e2nzare Un anun\u021b imobiliar a readus \u00een aten\u021bie numele unui fost ministru al Energiei \u015fi IMM-urilor, care a condus PSD Bra\u0219ov aproape dou\u0103 decenii, dar \u015fi-a sf\u00e2r\u015fit cariera politic\u0103 odat\u0103 cu condamnarea [&hellip;]<\/p>\n","protected":false},"author":1,"featured_media":0,"comment_status":"open","ping_status":"","sticky":false,"template":"","format":"standard","meta":{"footnotes":""},"categories":[89],"tags":[19,226],"class_list":["post-2123756","post","type-post","status-publish","format-standard","hentry","category-romania","tag-adevarul","tag-crawlmanager"],"_links":{"self":[{"href":"https:\/\/analyse.optim.biz\/index.php?rest_route=\/wp\/v2\/posts\/2123756","targetHints":{"allow":["GET"]}}],"collection":[{"href":"https:\/\/analyse.optim.biz\/index.php?rest_route=\/wp\/v2\/posts"}],"about":[{"href":"https:\/\/analyse.optim.biz\/index.php?rest_route=\/wp\/v2\/types\/post"}],"author":[{"embeddable":true,"href":"https:\/\/analyse.optim.biz\/index.php?rest_route=\/wp\/v2\/users\/1"}],"replies":[{"embeddable":true,"href":"https:\/\/analyse.optim.biz\/index.php?rest_route=%2Fwp%2Fv2%2Fcomments&post=2123756"}],"version-history":[{"count":0,"href":"https:\/\/analyse.optim.biz\/index.php?rest_route=\/wp\/v2\/posts\/2123756\/revisions"}],"wp:attachment":[{"href":"https:\/\/analyse.optim.biz\/index.php?rest_route=%2Fwp%2Fv2%2Fmedia&parent=2123756"}],"wp:term":[{"taxonomy":"category","embeddable":true,"href":"https:\/\/analyse.optim.biz\/index.php?rest_route=%2Fwp%2Fv2%2Fcategories&post=2123756"},{"taxonomy":"post_tag","embeddable":true,"href":"https:\/\/analyse.optim.biz\/index.php?rest_route=%2Fwp%2Fv2%2Ftags&post=2123756"}],"curies":[{"name":"wp","href":"https:\/\/api.w.org\/{rel}","templated":true}]}}