{"id":2123754,"date":"2026-09-02T00:00:00","date_gmt":"2026-09-01T21:00:00","guid":{"rendered":"https:\/\/analyse.optim.biz\/?p=2123754"},"modified":"2026-09-02T00:00:00","modified_gmt":"2026-09-01T21:00:00","slug":"ue-intentioneaza-sa-isi-dezmembreze-serviciul-diplomatic-presa","status":"publish","type":"post","link":"https:\/\/analyse.optim.biz\/?p=2123754","title":{"rendered":"UE inten\u021bioneaz\u0103 s\u0103 \u00ee\u0219i dezmembreze serviciul diplomatic (pres\u0103)"},"content":{"rendered":"<p>[analyse_image type=&#8221;featured&#8221; src=&#8221;https:\/\/agerpres.ro\/data\/202609\/20260902083125_931954.jpg&#8221;]<\/p>\n<div class=\"mx-auto pt-3\">\n<p>Comisia European\u0103 preg\u0103te\u0219te planuri de dezmembrare a serviciului diplomatic al Uniunii Europene \u0219i inten\u021bioneaz\u0103 s\u0103 preia p\u0103r\u021bi din acesta, scrie miercuri cotidianul Financial Times, citat de Reuters.<\/p>\n<p>Oficiali de rang \u00eenalt au \u00eenceput s\u0103 analizeze ce func\u021bii ale Serviciului European de Ac\u021biune Extern\u0103 (SEAE) ar putea fi absorbite de departamente existente ale Comisiei, afirm\u0103 publica\u021bia pe baza unor surse informate despre proces.<\/p>\n<p>Reuters nu a fost imediat \u00een m\u0103sur\u0103 s\u0103 verifice \u0219tirea.<\/p>\n<p>SEAE este condus de Kaja Kallas, vicepre\u0219edint\u0103 a Comisiei Europene pentru afacerile externe \u0219i politica de securitate.<\/p>\n<p>Conform publica\u021biei Politico, Kallas a primit o scrisoare semnat\u0103 de mai multe state europene, printre care Fran\u021ba \u0219i Germania, \u00een care se propun cinci modalit\u0103\u021bi de accelerare \u0219i eficientizare a procesului de luare a deciziilor \u00een domeniul politicii externe \u0219i de securitate a Uniunii.<\/p>\n<p>Una din aceste m\u0103suri ar fi utilizarea mai frecvent\u0103 a votului cu majoritate calificat\u0103. \u00cen prezent, deciziile \u00een domeniul respectiv trebuie aprobate \u00een unanimitate de cele 27 de state membre.<\/p>\n<p>Politico reaminte\u0219te c\u0103 \u00een mandatul fostului premier ungar Viktor Orban decizii sus\u021binute de toate celelalte 26 de \u021b\u0103ri au fost blocate prin veto de Ungaria.<\/p>\n<p>P\u00e2n\u0103 acum, Germania \u00een special a fost promotoarea generaliz\u0103rii procedurii de vot cu majoritate calificat\u0103, \u00een timp ce Fran\u021ba \u0219i alte \u021b\u0103ri s-au opus unei astfel de modific\u0103ri.<\/p>\n<p>Scrisoarea men\u021bionat\u0103 este semnat\u0103 de mini\u0219trii de externe din Austria, Belgia, Danemarca, Finlanda, Fran\u021ba, Germania, Olanda, Rom\u00e2nia, Spania \u0219i Suedia.<\/p>\n<p>Documentul mai propune accentuarea principiului &#8216;cooper\u0103rii sincere&#8217; \u00eentre membrii UE, \u00een sensul onor\u0103rii promisiunilor reciproce, chiar dac\u0103 acestea nu sunt strict obligatorii din punct de vedere legal; &#8216;ab\u021binerea constructiv\u0103&#8217; \u00een loc de veto, pentru a nu \u00eempiedica Uniunea s\u0103 ac\u021bioneze; interzicerea condi\u021bion\u0103rii de &#8216;chestiuni f\u0103r\u0103 leg\u0103tur\u0103&#8217;, contrar practicii de blocare a unor decizii colective prin amenin\u021b\u0103ri cu veto \u00een caz c\u0103 alte \u021b\u0103ri nu sunt de acord cu o solicitare a uneia \u00eentr-un alt domeniu.<\/p>\n<p>Scrisoarea urmeaz\u0103 s\u0103 fie discutat\u0103 s\u0103pt\u0103m\u00e2na aceasta de mini\u0219trii de externe europeni reuni\u021bi la Wicklow, \u00een Irlanda, pentru discu\u021bii neoficiale \u00een format Gymnich. Printre subiectele abordate este \u0219i cel al reform\u0103rii SEAE.<\/p>\n<p>O alt\u0103 scrisoare la care a ob\u021binut acces Politico, semnat\u0103 doar de Fran\u021ba \u0219i Germania, propune pentru Kallas atribu\u021bii inclusiv \u00een domeniul rela\u021biilor externe comerciale \u0219i de ap\u0103rare, precum \u0219i includerea unei p\u0103r\u021bi din personalul SEAE \u00eentr-un nou departament de rela\u021bii externe al Comisiei Europene. AGERPRES\/(AS &#8211; redactor: Marius Hosu, editor: Gabriela Ionescu,\u00a0editor online: Andreea L\u0103z\u0103roiu)<\/p>\n<\/div>\n<div class=\"mx-auto pt-3\">\n                                Afisari: 614\n                            <\/div>\n<p>[analyse_source url=&#8221;https:\/\/agerpres.ro\/politic-extern\/2026\/09\/02\/ue-intentioneaza-sa-isi-dezmembreze-serviciul-diplomatic-presa&#8211;1589850&#8243;]<\/p>\n","protected":false},"excerpt":{"rendered":"<p>[analyse_image type=&#8221;featured&#8221; src=&#8221;https:\/\/agerpres.ro\/data\/202609\/20260902083125_931954.jpg&#8221;] Comisia European\u0103 preg\u0103te\u0219te planuri de dezmembrare a serviciului diplomatic al Uniunii Europene \u0219i inten\u021bioneaz\u0103 s\u0103 preia p\u0103r\u021bi din acesta, scrie miercuri cotidianul Financial Times, citat de Reuters. Oficiali de rang \u00eenalt au \u00eenceput s\u0103 analizeze ce func\u021bii ale Serviciului European de Ac\u021biune Extern\u0103 (SEAE) ar putea fi absorbite de departamente existente ale [&hellip;]<\/p>\n","protected":false},"author":1,"featured_media":0,"comment_status":"open","ping_status":"","sticky":false,"template":"","format":"standard","meta":{"footnotes":""},"categories":[2],"tags":[37,226],"class_list":["post-2123754","post","type-post","status-publish","format-standard","hentry","category-politics","tag-agerpres-ro","tag-crawlmanager"],"_links":{"self":[{"href":"https:\/\/analyse.optim.biz\/index.php?rest_route=\/wp\/v2\/posts\/2123754","targetHints":{"allow":["GET"]}}],"collection":[{"href":"https:\/\/analyse.optim.biz\/index.php?rest_route=\/wp\/v2\/posts"}],"about":[{"href":"https:\/\/analyse.optim.biz\/index.php?rest_route=\/wp\/v2\/types\/post"}],"author":[{"embeddable":true,"href":"https:\/\/analyse.optim.biz\/index.php?rest_route=\/wp\/v2\/users\/1"}],"replies":[{"embeddable":true,"href":"https:\/\/analyse.optim.biz\/index.php?rest_route=%2Fwp%2Fv2%2Fcomments&post=2123754"}],"version-history":[{"count":0,"href":"https:\/\/analyse.optim.biz\/index.php?rest_route=\/wp\/v2\/posts\/2123754\/revisions"}],"wp:attachment":[{"href":"https:\/\/analyse.optim.biz\/index.php?rest_route=%2Fwp%2Fv2%2Fmedia&parent=2123754"}],"wp:term":[{"taxonomy":"category","embeddable":true,"href":"https:\/\/analyse.optim.biz\/index.php?rest_route=%2Fwp%2Fv2%2Fcategories&post=2123754"},{"taxonomy":"post_tag","embeddable":true,"href":"https:\/\/analyse.optim.biz\/index.php?rest_route=%2Fwp%2Fv2%2Ftags&post=2123754"}],"curies":[{"name":"wp","href":"https:\/\/api.w.org\/{rel}","templated":true}]}}