{"id":2123749,"date":"2026-09-02T00:00:00","date_gmt":"2026-09-01T21:00:00","guid":{"rendered":"https:\/\/analyse.optim.biz\/?p=2123749"},"modified":"2026-09-02T00:00:00","modified_gmt":"2026-09-01T21:00:00","slug":"doua-nave-comerciale-sub-pavilion-turcesc-s-au-ciocnit-in-largul-istanbulului","status":"publish","type":"post","link":"https:\/\/analyse.optim.biz\/?p=2123749","title":{"rendered":"Dou\u0103 nave comerciale sub pavilion turcesc s-au ciocnit \u00een largul Istanbulului"},"content":{"rendered":"<p>[analyse_image type=&#8221;featured&#8221; src=&#8221;https:\/\/agerpres.ro\/data\/202609\/20260902081647_887500.jpg&#8221;]<\/p>\n<div class=\"mx-auto pt-3\">\n<p><strong>Dou\u0103 nave comerciale sub pavilion turcesc s-au ciocnit miercuri \u00een largul Istanbulului, \u00een Marea Marmara, a anun\u021bat biroul guvernatorului ora\u0219ului, relateaz\u0103 Reuters \u0219i AFP.<\/strong><\/p>\n<p>Aceste dou\u0103 nave comerciale turce\u0219ti s-au ciocnit \u00een jurul orei 03:00 (00:00 GMT) la 18 mile marine (aproximativ 33 km) sud de Silivri, un district din vestul Istanbulului.<\/p>\n<p>Nave \u0219i elicoptere ale pazei de coast\u0103 au fost trimise la fa\u021ba locului pentru c\u0103utare \u0219i salvare.<\/p>\n<p>Conform biroului guvernatorului, la una dintre nave, petrolierul Alsu, nu s-au \u00eenregistrat daune vizibile.<\/p>\n<p><strong>Autorit\u0103\u021bile nu au reu\u0219it s\u0103 stabileasc\u0103 leg\u0103tura cu echipajul de pe cealalt\u0103 nav\u0103 implicat\u0103 \u00een coliziune.<\/strong><\/p>\n<p>&#8216;\u00cen prezent este imposibil s\u0103 se stabileasc\u0103 contactul cu nava comercial\u0103 Tugberk Imamoglu \u0219i cei 10 membri ai echipajului s\u0103u&#8217;, a precizat biroul guvernatorului \u00eentr-un comunicat.<\/p>\n<p>Autorit\u0103\u021bile nu au specificat ce \u00eenc\u0103rc\u0103tur\u0103 transporta nava Tugberk Imamoglu, care traversa Marea Marmara spre Marea Neagr\u0103.AGERPRES\/(AS &#8211; redactor: Ionu\u021b Mare\u0219, editor online: Andreea L\u0103z\u0103roiu)<\/p>\n<\/div>\n<div class=\"mx-auto pt-3\">\n                                Afisari: 196\n                            <\/div>\n<p>[analyse_source url=&#8221;https:\/\/agerpres.ro\/politic-extern\/2026\/09\/02\/doua-nave-comerciale-sub-pavilion-turcesc-s-au-ciocnit-in-largul-istanbulului&#8211;1589847&#8243;]<\/p>\n","protected":false},"excerpt":{"rendered":"<p>[analyse_image type=&#8221;featured&#8221; src=&#8221;https:\/\/agerpres.ro\/data\/202609\/20260902081647_887500.jpg&#8221;] Dou\u0103 nave comerciale sub pavilion turcesc s-au ciocnit miercuri \u00een largul Istanbulului, \u00een Marea Marmara, a anun\u021bat biroul guvernatorului ora\u0219ului, relateaz\u0103 Reuters \u0219i AFP. Aceste dou\u0103 nave comerciale turce\u0219ti s-au ciocnit \u00een jurul orei 03:00 (00:00 GMT) la 18 mile marine (aproximativ 33 km) sud de Silivri, un district din vestul Istanbulului. [&hellip;]<\/p>\n","protected":false},"author":1,"featured_media":0,"comment_status":"open","ping_status":"","sticky":false,"template":"","format":"standard","meta":{"footnotes":""},"categories":[2],"tags":[37,226],"class_list":["post-2123749","post","type-post","status-publish","format-standard","hentry","category-politics","tag-agerpres-ro","tag-crawlmanager"],"_links":{"self":[{"href":"https:\/\/analyse.optim.biz\/index.php?rest_route=\/wp\/v2\/posts\/2123749","targetHints":{"allow":["GET"]}}],"collection":[{"href":"https:\/\/analyse.optim.biz\/index.php?rest_route=\/wp\/v2\/posts"}],"about":[{"href":"https:\/\/analyse.optim.biz\/index.php?rest_route=\/wp\/v2\/types\/post"}],"author":[{"embeddable":true,"href":"https:\/\/analyse.optim.biz\/index.php?rest_route=\/wp\/v2\/users\/1"}],"replies":[{"embeddable":true,"href":"https:\/\/analyse.optim.biz\/index.php?rest_route=%2Fwp%2Fv2%2Fcomments&post=2123749"}],"version-history":[{"count":0,"href":"https:\/\/analyse.optim.biz\/index.php?rest_route=\/wp\/v2\/posts\/2123749\/revisions"}],"wp:attachment":[{"href":"https:\/\/analyse.optim.biz\/index.php?rest_route=%2Fwp%2Fv2%2Fmedia&parent=2123749"}],"wp:term":[{"taxonomy":"category","embeddable":true,"href":"https:\/\/analyse.optim.biz\/index.php?rest_route=%2Fwp%2Fv2%2Fcategories&post=2123749"},{"taxonomy":"post_tag","embeddable":true,"href":"https:\/\/analyse.optim.biz\/index.php?rest_route=%2Fwp%2Fv2%2Ftags&post=2123749"}],"curies":[{"name":"wp","href":"https:\/\/api.w.org\/{rel}","templated":true}]}}