{"id":2123734,"date":"2026-09-02T00:00:00","date_gmt":"2026-09-01T21:00:00","guid":{"rendered":"https:\/\/analyse.optim.biz\/?p=2123734"},"modified":"2026-09-02T00:00:00","modified_gmt":"2026-09-01T21:00:00","slug":"andronache-deputatii-pnl-si-usr-boicoteaza-miercuri-toate-activitatile-parlamentare","status":"publish","type":"post","link":"https:\/\/analyse.optim.biz\/?p=2123734","title":{"rendered":"Andronache: Deputa\u021bii PNL \u0219i USR boicoteaz\u0103 miercuri toate activit\u0103\u021bile parlamentare"},"content":{"rendered":"<p>[analyse_image type=&#8221;featured&#8221; src=&#8221;https:\/\/agerpres.ro\/data\/202609\/20260902105851_212075.jpg&#8221;]<\/p>\n<div class=\"mx-auto pt-3\">\n<p>Deputa\u021bii PNL \u0219i USR nu particip\u0103 miercuri la nicio activitate din Camera Deputa\u021bilor &#8211; plen, Biroul permanent, comitetul liderilor, comisii.<\/p>\n<p>&#8216;Suntem ast\u0103zi aici prezen\u021bi pentru a v\u0103 anun\u021ba c\u0103 grupurile parlamentare PNL \u0219i USR din Camera Deputa\u021bilor vor realiza ast\u0103zi un protest \u00eempotriva alian\u021bei de guvernare PSD-AUR-S.O.S. \u00een raport cu abuzurile pe care le-au \u00eenceput din urm\u0103 cu mai mult\u0103 vreme \u0219i le-au concretizat \u00een aceste din urm\u0103 zile. Ieri am avut un exemplu elocvent de \u00eenc\u0103lcare a regulamentului Camerei Deputa\u021bilor, a unor decizii ale Cur\u021bii Constitu\u021bionale cu privire la modul regulamentar de func\u021bionare \u00een Camera Deputa\u021bilor. \u0218i \u00een acest sens poate este bine s\u0103 d\u0103m citire \u0219i unei decizii a Cur\u021bii Constitu\u021bionale pentru a m\u0103sura acest abuz, \u00een sensul \u00een care spune decizia 1.490\/2010, competen\u021ba \u00een cazul negocierii, c\u00e2t \u0219i renegocierii func\u021biilor din Biroul permanent revine liderilor grupurilor parlamentare, iar nu unei majorit\u0103\u021bi de conjunctur\u0103 cum este alian\u021ba de guvernare PSD-AUR-S.O.S., iar eventuala modificare a componen\u021bei Biroului permanent ca urmare a renegocierii, ceea ce afirm\u0103 d\u00e2n\u0219ii c\u0103 au f\u0103cut ieri, se realizeaz\u0103 \u00eencep\u00e2nd cu urm\u0103toarea sesiune&#8217;, a declarat liderul deputa\u021bilor PNL, Gabriel Andronache.<\/p>\n<p>El a sus\u021binut c\u0103 PSD-AUR-S.O.S. s-au comportat mar\u021bi, \u00een plenul Camerei Deputa\u021bilor, &#8216;\u00een mod abuziv&#8217;, vot\u00e2nd o modificare nediscutat\u0103 de liderii de grup.<\/p>\n<p>&#8216;Acest comportament abuziv nu poate s\u0103 reprezinte dec\u00e2t \u00eenceputul, sau semnele, instaur\u0103rii unei modalit\u0103\u021bi autoritare de conducere a statului rom\u00e2n. De aceea vom boicota ast\u0103zi toate activit\u0103\u021bile parlamentare, cu excep\u021bia activit\u0103\u021bilor de la grup, \u00een sensul \u00een care nu vom fi prezen\u021bi \u00een \u0219edin\u021ba Camerei Deputa\u021bilor, nu vom fi prezen\u021bi la votul final, nu vom fi prezen\u021bi la \u0219edin\u021bele comisiilor de ast\u0103zi \u0219i nici la \u0219edin\u021ba Biroului permanent \u0219i, de asemenea, la \u0219edin\u021ba comitetului liderilor&#8217;, a afirmat Andronache. AGERPRES\/(A &#8211; redactor: Dana Piciu, editor: Antonia Ni\u021b\u0103, editor online: Ady Iva\u015fcu)<\/p>\n<\/div>\n<div class=\"mx-auto pt-3\">\n                                Afisari: 1\n                            <\/div>\n<p>[analyse_source url=&#8221;https:\/\/agerpres.ro\/politic\/2026\/09\/02\/andronache-deputatii-pnl-si-usr-boicoteaza-miercuri-toate-activitatile-parlamentare&#8211;1589897&#8243;]<\/p>\n","protected":false},"excerpt":{"rendered":"<p>[analyse_image type=&#8221;featured&#8221; src=&#8221;https:\/\/agerpres.ro\/data\/202609\/20260902105851_212075.jpg&#8221;] Deputa\u021bii PNL \u0219i USR nu particip\u0103 miercuri la nicio activitate din Camera Deputa\u021bilor &#8211; plen, Biroul permanent, comitetul liderilor, comisii. &#8216;Suntem ast\u0103zi aici prezen\u021bi pentru a v\u0103 anun\u021ba c\u0103 grupurile parlamentare PNL \u0219i USR din Camera Deputa\u021bilor vor realiza ast\u0103zi un protest \u00eempotriva alian\u021bei de guvernare PSD-AUR-S.O.S. \u00een raport cu abuzurile pe [&hellip;]<\/p>\n","protected":false},"author":1,"featured_media":0,"comment_status":"open","ping_status":"","sticky":false,"template":"","format":"standard","meta":{"footnotes":""},"categories":[2],"tags":[37,226],"class_list":["post-2123734","post","type-post","status-publish","format-standard","hentry","category-politics","tag-agerpres-ro","tag-crawlmanager"],"_links":{"self":[{"href":"https:\/\/analyse.optim.biz\/index.php?rest_route=\/wp\/v2\/posts\/2123734","targetHints":{"allow":["GET"]}}],"collection":[{"href":"https:\/\/analyse.optim.biz\/index.php?rest_route=\/wp\/v2\/posts"}],"about":[{"href":"https:\/\/analyse.optim.biz\/index.php?rest_route=\/wp\/v2\/types\/post"}],"author":[{"embeddable":true,"href":"https:\/\/analyse.optim.biz\/index.php?rest_route=\/wp\/v2\/users\/1"}],"replies":[{"embeddable":true,"href":"https:\/\/analyse.optim.biz\/index.php?rest_route=%2Fwp%2Fv2%2Fcomments&post=2123734"}],"version-history":[{"count":0,"href":"https:\/\/analyse.optim.biz\/index.php?rest_route=\/wp\/v2\/posts\/2123734\/revisions"}],"wp:attachment":[{"href":"https:\/\/analyse.optim.biz\/index.php?rest_route=%2Fwp%2Fv2%2Fmedia&parent=2123734"}],"wp:term":[{"taxonomy":"category","embeddable":true,"href":"https:\/\/analyse.optim.biz\/index.php?rest_route=%2Fwp%2Fv2%2Fcategories&post=2123734"},{"taxonomy":"post_tag","embeddable":true,"href":"https:\/\/analyse.optim.biz\/index.php?rest_route=%2Fwp%2Fv2%2Ftags&post=2123734"}],"curies":[{"name":"wp","href":"https:\/\/api.w.org\/{rel}","templated":true}]}}