{"id":212373,"date":"2014-02-14T16:58:43","date_gmt":"2014-02-14T13:58:43","guid":{"rendered":"https:\/\/analyse.optim.biz\/?p=212373"},"modified":"2014-02-14T16:58:43","modified_gmt":"2014-02-14T13:58:43","slug":"v-ponta-despre-posibila-echipa-a-presedintelui-cu-k-iohannis-nu-ma-bagati-pe-mine-in-relatia-altora","status":"publish","type":"post","link":"https:\/\/analyse.optim.biz\/?p=212373","title":{"rendered":"V. Ponta, despre posibila \u201eechip\u0103\u201d a pre\u0219edintelui cu K. Iohannis: Nu m\u0103 b\u0103ga\u021bi pe mine \u00een rela\u021bia altora"},"content":{"rendered":"<div class=\"entry data-app-meta data-app-meta-article\" data-embed-base-url-canonical=\"https:\/\/www.digi24.ro\/embed\/stiri\/actualitate\/politica\/v-ponta-despre-posibila-echipa-a-presedintelui-cu-k-iohannis-nu-ma-bagati-pe-mine-in-relatia-altora-200552\">\n<p data-index=\"1\"><strong>Victor Ponta<\/strong> a amintit c\u0103 pre\u0219edintele <strong>Traian B\u0103sesc<\/strong>u a refuzat s\u0103-l desemneze pe <strong>Klaus Iohannis<\/strong> \u00een func\u021bia de premier \u00een 2009.<\/p>\n<p data-index=\"2\">\u201e\u00cen mod sigur am fi evitat c\u00e2\u021biva ani de catastrof\u0103, incompeten\u021b\u0103 \u0219i ho\u021bie ale Guvernului Boc. Aici m\u0103 al\u0103tur domnului pre\u0219edinte B\u0103sescu \u0219i, iat\u0103, g\u0103sim \u0219i puncte comune\u201d, a spus Victor Ponta.<\/p>\n<p data-index=\"3\">\u00centrebat despre posibila echip\u0103 <strong>Klaus Iohannis-Traian B\u0103sescu<\/strong>, premierul a r\u0103spuns: \u201eNu m\u0103 b\u0103ga\u021bi pe mine \u00een rela\u021bia altora!\u201d<\/p>\n<p data-index=\"4\">Pre\u0219edintele Traian B\u0103sescu a spus ast\u0103zi, la <strong>Bruxelles<\/strong>, c\u0103 \u201eun bun lucru ar fi\u201d <a href=\"https:\/\/www.digi24.ro\/Stiri\/Digi24\/Actualitate\/Politica\/Traian+Basescu+Ar+fi+un+lucru+bun+daca+as+putea+sa+fac+echipa+cu\" target=\"_blank\" data-skip-linkfix=\"1\" rel=\"noopener\"><strong>dac\u0103 ar putea s\u0103 fac\u0103 echip\u0103<\/strong><\/a>pentru a sprijini aderarea la spa\u021biul <strong>Schengen<\/strong> cu \u201eun ministru de Interne care s-ar numi Iohannis&#8221;.<\/p>\n<\/div>\n<p> Source URL: https:\/\/www.digi24.ro\/stiri\/actualitate\/politica\/v-ponta-despre-posibila-echipa-a-presedintelui-cu-k-iohannis-nu-ma-bagati-pe-mine-in-relatia-altora-200552<\/p>\n","protected":false},"excerpt":{"rendered":"<p>Victor Ponta a amintit c\u0103 pre\u0219edintele Traian B\u0103sescu a refuzat s\u0103-l desemneze pe Klaus Iohannis \u00een func\u021bia de premier \u00een 2009. \u201e\u00cen mod sigur am fi evitat c\u00e2\u021biva ani de catastrof\u0103, incompeten\u021b\u0103 \u0219i ho\u021bie ale Guvernului Boc. Aici m\u0103 al\u0103tur domnului pre\u0219edinte B\u0103sescu \u0219i, iat\u0103, g\u0103sim \u0219i puncte comune\u201d, a spus Victor Ponta. \u00centrebat despre [&hellip;]<\/p>\n","protected":false},"author":1,"featured_media":212374,"comment_status":"open","ping_status":"","sticky":false,"template":"","format":"standard","meta":{"footnotes":""},"categories":[2],"tags":[11],"class_list":["post-212373","post","type-post","status-publish","format-standard","has-post-thumbnail","hentry","category-politics","tag-digi24"],"_links":{"self":[{"href":"https:\/\/analyse.optim.biz\/index.php?rest_route=\/wp\/v2\/posts\/212373","targetHints":{"allow":["GET"]}}],"collection":[{"href":"https:\/\/analyse.optim.biz\/index.php?rest_route=\/wp\/v2\/posts"}],"about":[{"href":"https:\/\/analyse.optim.biz\/index.php?rest_route=\/wp\/v2\/types\/post"}],"author":[{"embeddable":true,"href":"https:\/\/analyse.optim.biz\/index.php?rest_route=\/wp\/v2\/users\/1"}],"replies":[{"embeddable":true,"href":"https:\/\/analyse.optim.biz\/index.php?rest_route=%2Fwp%2Fv2%2Fcomments&post=212373"}],"version-history":[{"count":0,"href":"https:\/\/analyse.optim.biz\/index.php?rest_route=\/wp\/v2\/posts\/212373\/revisions"}],"wp:featuredmedia":[{"embeddable":true,"href":"https:\/\/analyse.optim.biz\/index.php?rest_route=\/wp\/v2\/media\/212374"}],"wp:attachment":[{"href":"https:\/\/analyse.optim.biz\/index.php?rest_route=%2Fwp%2Fv2%2Fmedia&parent=212373"}],"wp:term":[{"taxonomy":"category","embeddable":true,"href":"https:\/\/analyse.optim.biz\/index.php?rest_route=%2Fwp%2Fv2%2Fcategories&post=212373"},{"taxonomy":"post_tag","embeddable":true,"href":"https:\/\/analyse.optim.biz\/index.php?rest_route=%2Fwp%2Fv2%2Ftags&post=212373"}],"curies":[{"name":"wp","href":"https:\/\/api.w.org\/{rel}","templated":true}]}}