{"id":2123719,"date":"2026-09-02T05:11:09","date_gmt":"2026-09-02T02:11:09","guid":{"rendered":"https:\/\/analyse.optim.biz\/?p=2123719"},"modified":"2026-09-02T05:11:09","modified_gmt":"2026-09-02T02:11:09","slug":"aschia-nu-sare-departe-de-brigitte-macron-fiica-primei-doamne-iubeste-un-tanar-cu-20-de-ani-mai-mic-la","status":"publish","type":"post","link":"https:\/\/analyse.optim.biz\/?p=2123719","title":{"rendered":"A\u0219chia nu sare departe de Brigitte Macron! Fiica Primei Doamne iube\u0219te un t\u00e2n\u0103r cu 20 de ani mai mic. La&#8230;"},"content":{"rendered":"<p>[analyse_image type=&#8221;featured&#8221; src=&#8221;https:\/\/cdn.adh.reperio.news\/image-9\/9b0b13c5-c4bc-4305-9859-296d2fb3456e\/index.jpeg?p=w%3D1200%26h%3D630%26q%3D91%26r%3Dcover%26f%3Djpeg&#8221;]<\/p>\n<article class=\"svelte-zrv316\">\n<section class=\"body svelte-zrv316\">\n<p class=\"svelte-zrv316\"><b>Brigitte Macron este cu peste 24 de ani mai \u00een v\u00e2rst\u0103 dec\u00e2t Emmanuel Macron, \u00een timp ce fiica ei este acum cu 20 de ani mai \u00een v\u00e2rst\u0103 dec\u00e2t iubitul ei.<\/b><\/p>\n<div class=\"container-image  svelte-1xbw4f3\"><source type=\"image\/webp\" srcset=\"https:\/\/cdn.adh.reperio.news\/image-5\/5028a348-b69b-400c-ab9e-b01f4dc89ba0\/index.jpeg?p=a%3D1%26co%3D1.05%26w%3D1400%26h%3D750%26r%3Dcontain%26f%3Dwebp 1400w\" media=\"(min-width: 1400px)\" \/><\/div>\n<h2>Compara\u021bia \u00eentre cele dou\u0103, mam\u0103 \u0219i fiic\u0103, e imposibil de evitat<\/h2>\n<p class=\"svelte-zrv316\"><b>Nici fiica lui\u00a0Brigitte Macron nu \u021bine cont de buletin, c\u00e2nd vine vorba de iubire. La fel ca mama ei, are o rela\u021bie cu un june.<\/b><\/p>\n<p class=\"svelte-zrv316\">Informa\u021bia face deliciul presei \u00een \u00eentreaga lume!<\/p>\n<div class=\"container-image  svelte-1xbw4f3\"><source type=\"image\/webp\" srcset=\"https:\/\/cdn.adh.reperio.news\/image-9\/9b0b13c5-c4bc-4305-9859-296d2fb3456e\/index.jpeg?p=a%3D1%26co%3D1.05%26w%3D1400%26h%3D750%26r%3Dcontain%26f%3Dwebp 1400w\" media=\"(min-width: 1400px)\" \/><\/div>\n<p class=\"svelte-zrv316\">Tiphaine Auzi\u00e8re, fiica cea mic\u0103 a lui Brigitte Macron, are 42 de ani \u0219i tocmai \u0219i-a f\u0103cut public\u0103 rela\u021bia cu Antoine Lecomte, care are 22 de ani, deci este cu 20 de ani mai t\u00e2n\u0103r dec\u00e2t ea, scrie <i>Le Parisien<\/i>.<\/p>\n<div class=\"container-image  svelte-1xbw4f3\"><source type=\"image\/webp\" srcset=\"https:\/\/cdn.adh.reperio.news\/image-9\/9189410f-3ba1-43a3-8d2d-0a6e1f29ff10\/index.jpeg?p=a%3D1%26co%3D1.05%26w%3D1400%26h%3D750%26r%3Dcontain%26f%3Dwebp 1400w\" media=\"(min-width: 1400px)\" \/><\/div>\n<p class=\"svelte-zrv316\">Antoine este originar din Lille, studiaz\u0103 la NEOMA Business School, este pasionat de kitesurf \u0219i \u0219i-a lansat propria afacere \u00een domeniu.<\/p>\n<div class=\"container-image  svelte-1xbw4f3\"><source type=\"image\/webp\" srcset=\"https:\/\/cdn.adh.reperio.news\/image-4\/4776dd4c-b864-4067-a199-3baeb134f172\/index.png?p=a%3D1%26co%3D1.05%26w%3D1400%26h%3D750%26r%3Dcontain%26f%3Dwebp 1400w\" media=\"(min-width: 1400px)\" \/><\/div>\n<p class=\"svelte-zrv316\">Cei doi s-ar fi cunoscut la Le Touquet, unde el practic\u0103 \u0219i pred\u0103 sporturi nautice, iar povestea lor a devenit public\u0103 dup\u0103 o escapad\u0103 romantic\u0103 la Amsterdam. Imaginile \u00eei arat\u0103 foarte apropia\u021bi, iar presa francez\u0103 vorbe\u0219te deja despre o rela\u021bie asumat\u0103.<\/p>\n<div class=\"_hydratable\" data-props=\"%7B%22data%22%3A%7B%22caption%22%3A%22%22%2C%22embed%22%3A%22https%3A%2F%2Fwww.instagram.com%2Fp%2FDcqDRbCtmM5%2Fembed%22%2C%22height%22%3A505%2C%22measured_height%22%3A1020%2C%22service%22%3A%22instagram%22%2C%22source%22%3A%22https%3A%2F%2Fwww.instagram.com%2Fp%2FDcqDRbCtmM5%2F%22%2C%22width%22%3A400%7D%2C%22id%22%3A%224jDvVf4B88%22%2C%22type%22%3A%22embed%22%2C%22lines%22%3A5%2C%22linesAbove%22%3A58%2C%22index%22%3A11%2C%22paragraphsAbove%22%3A6%2C%22linesBellow%22%3A9%7D\" data-context=\"%7B%22parentBlockColumnCount%22%3A%7B%22type%22%3A%22store%2Freadable%22%7D%2C%22parentBlockBackgroundColor%22%3A%7B%22type%22%3A%22store%2Freadable%22%7D%7D\" data-component=\"EditorEmbedViewDefault\">\n<div class=\"container-embed svelte-1petmjv\"><\/div>\n<\/div>\n<p class=\"svelte-zrv316\">Brigitte Macron este cu peste 24 de ani mai \u00een v\u00e2rst\u0103 dec\u00e2t Emmanuel Macron, \u00een timp ce fiica ei este acum cu 20 de ani mai \u00een v\u00e2rst\u0103 dec\u00e2t iubitul ei.<\/p>\n<p class=\"svelte-zrv316\">Practic, Tiphaine pare s\u0103 fi mo\u0219tenit de la mama ei nu neap\u0103rat \u201egustul pentru b\u0103rba\u021bi tineri\u201d, c\u00e2t lipsa de interes pentru conven\u021biile legate de v\u00e2rst\u0103.<\/p>\n<p class=\"svelte-zrv316\">Chiar un apropiat al cuplului citat de presa francez\u0103 spune despre Tiphaine c\u0103 \u201eseam\u0103n\u0103 mult cu mama ei\u201d \u0219i c\u0103, asemenea lui Brigitte, \u00ee\u0219i urmeaz\u0103 sentimentele f\u0103r\u0103 s\u0103 acorde prea mult\u0103 importan\u021b\u0103 p\u0103rerii celorlal\u021bi.<\/p>\n<p class=\"svelte-zrv316\">Tiphaine \u00eens\u0103\u0219i a tr\u0103it din interior scandalul provocat de rela\u021bia mamei sale cu Emmanuel Macron. Era copil atunci c\u00e2nd familia s-a destr\u0103mat \u0219i a povestit ulterior c\u0103 experien\u021ba a \u00eenv\u0103\u021bat-o s\u0103 ignore \u201eatacurile, r\u0103ut\u0103\u021bile \u0219i judec\u0103\u021bile\u201d celor din jur.<\/p>\n<p class=\"svelte-zrv316\">A\u0219adar, actuala ei alegere sentimental\u0103 cap\u0103t\u0103 o dimensiune aproape circular\u0103: fiica femeii judecate o via\u021b\u0103 \u00eentreag\u0103 pentru c\u0103 iube\u0219te un b\u0103rbat mult mai t\u00e2n\u0103r ajunge, la r\u00e2ndul ei, \u00eentr-o rela\u021bie cu o diferen\u021b\u0103 de v\u00e2rst\u0103 uria\u0219\u0103.<\/p>\n<p class=\"svelte-zrv316\">Foto: Profimedia &amp; Instagram<\/p>\n<\/section>\n<footer class=\"svelte-zrv316\">\n<div class=\"authors svelte-zrv316\">Autor: <a href=\"https:\/\/okmagazine.ro\/author\/118\" class=\"svelte-zrv316\">Irina Lungu<\/a><\/div>\n<\/footer>\n<\/article>\n<p>[analyse_source url=&#8221;https:\/\/okmagazine.ro\/vedete\/news\/fiica-lui-brigitte-macron-iubeste-un-june-2553533.html?utm_source=adevarul.ro&amp;utm_campaign=homepage&#8221;]<\/p>\n","protected":false},"excerpt":{"rendered":"<p>[analyse_image type=&#8221;featured&#8221; src=&#8221;https:\/\/cdn.adh.reperio.news\/image-9\/9b0b13c5-c4bc-4305-9859-296d2fb3456e\/index.jpeg?p=w%3D1200%26h%3D630%26q%3D91%26r%3Dcover%26f%3Djpeg&#8221;] Brigitte Macron este cu peste 24 de ani mai \u00een v\u00e2rst\u0103 dec\u00e2t Emmanuel Macron, \u00een timp ce fiica ei este acum cu 20 de ani mai \u00een v\u00e2rst\u0103 dec\u00e2t iubitul ei. Compara\u021bia \u00eentre cele dou\u0103, mam\u0103 \u0219i fiic\u0103, e imposibil de evitat Nici fiica lui\u00a0Brigitte Macron nu \u021bine cont de buletin, c\u00e2nd [&hellip;]<\/p>\n","protected":false},"author":1,"featured_media":0,"comment_status":"open","ping_status":"","sticky":false,"template":"","format":"standard","meta":{"footnotes":""},"categories":[89],"tags":[19,226],"class_list":["post-2123719","post","type-post","status-publish","format-standard","hentry","category-romania","tag-adevarul","tag-crawlmanager"],"_links":{"self":[{"href":"https:\/\/analyse.optim.biz\/index.php?rest_route=\/wp\/v2\/posts\/2123719","targetHints":{"allow":["GET"]}}],"collection":[{"href":"https:\/\/analyse.optim.biz\/index.php?rest_route=\/wp\/v2\/posts"}],"about":[{"href":"https:\/\/analyse.optim.biz\/index.php?rest_route=\/wp\/v2\/types\/post"}],"author":[{"embeddable":true,"href":"https:\/\/analyse.optim.biz\/index.php?rest_route=\/wp\/v2\/users\/1"}],"replies":[{"embeddable":true,"href":"https:\/\/analyse.optim.biz\/index.php?rest_route=%2Fwp%2Fv2%2Fcomments&post=2123719"}],"version-history":[{"count":0,"href":"https:\/\/analyse.optim.biz\/index.php?rest_route=\/wp\/v2\/posts\/2123719\/revisions"}],"wp:attachment":[{"href":"https:\/\/analyse.optim.biz\/index.php?rest_route=%2Fwp%2Fv2%2Fmedia&parent=2123719"}],"wp:term":[{"taxonomy":"category","embeddable":true,"href":"https:\/\/analyse.optim.biz\/index.php?rest_route=%2Fwp%2Fv2%2Fcategories&post=2123719"},{"taxonomy":"post_tag","embeddable":true,"href":"https:\/\/analyse.optim.biz\/index.php?rest_route=%2Fwp%2Fv2%2Ftags&post=2123719"}],"curies":[{"name":"wp","href":"https:\/\/api.w.org\/{rel}","templated":true}]}}