{"id":2123716,"date":"2026-09-02T04:53:51","date_gmt":"2026-09-02T01:53:51","guid":{"rendered":"https:\/\/analyse.optim.biz\/?p=2123716"},"modified":"2026-09-02T04:53:51","modified_gmt":"2026-09-02T01:53:51","slug":"regina-iordaniei-intinereste-pe-zi-ce-trece-ce-tinuta-estivala-a-etalat-rania-odata-cu-cea-mai-recenta","status":"publish","type":"post","link":"https:\/\/analyse.optim.biz\/?p=2123716","title":{"rendered":"Regina Iordaniei \u00eentinere\u0219te pe zi ce trece! Ce \u021binut\u0103 estival\u0103 a etalat Rania odat\u0103 cu cea mai recent\u0103&#8230;"},"content":{"rendered":"<p>[analyse_image type=&#8221;featured&#8221; src=&#8221;https:\/\/cdn.adh.reperio.news\/image-2\/28afc9e2-51db-4968-a9d4-530ee8f9465a\/index.jpeg?p=w%3D1200%26h%3D630%26q%3D91%26r%3Dcover%26f%3Djpeg%26c%3D0%252C0.169%252C1%252C0.359&#8243;]<\/p>\n<article class=\"svelte-zrv316\">\n<section class=\"body svelte-zrv316\">\n<p class=\"svelte-zrv316\"><b>La doar o zi dup\u0103 ce a \u00eemplinit 56 de ani, Regina Rania a avut o apari\u021bie de senza\u021bie la Amman, capitala Iordaniei.<\/b><\/p>\n<div class=\"container-image  svelte-1xbw4f3\"><source type=\"image\/webp\" srcset=\"https:\/\/cdn.adh.reperio.news\/image-2\/28afc9e2-51db-4968-a9d4-530ee8f9465a\/index.jpeg?p=a%3D1%26co%3D1.05%26w%3D1400%26h%3D750%26r%3Dcontain%26f%3Dwebp 1400w\" media=\"(min-width: 1400px)\" \/><\/div>\n<p class=\"svelte-zrv316\">Foarte eleganta regin\u0103 a purtat o \u021binut\u0103 alb\u0103, o rochie care i-a flatat silueta. Rania s-a v\u0103zut cu un grup de\u00a0antreprenori \u0219i cu\u00a0echipa <i>Amman Design Week<\/i>.<\/p>\n<div class=\"container-image  svelte-1xbw4f3\"><source type=\"image\/webp\" srcset=\"https:\/\/cdn.adh.reperio.news\/image-5\/5072853d-1ed0-4962-810f-f53fd428d482\/index.jpeg?p=a%3D1%26co%3D1.05%26w%3D1400%26h%3D750%26r%3Dcontain%26f%3Dwebp 1400w\" media=\"(min-width: 1400px)\" \/><\/div>\n<p class=\"svelte-zrv316\">Rania a \u00eembr\u0103cat o rochie midi din poplin brodat de la Dries van Noten, o achizi\u021bie nou\u0103 \u00een garderoba sa. A accesorizat-o cu o curea de la\u00a0Bottega Veneta din piele Intrecciato vi\u0219inie cu cataram\u0103 dubl\u0103, a purtat o geant\u0103 de um\u0103r din piele \u201eJoya\u201d vi\u0219inie de la Loewe, pantofi cu toc Bottega Veneta \u201eSofia 90\u201d din piele Intrecciato, maro multicolor \u0219i ochelari de soare cu ram\u0103 oval\u0103 de la Ferragamo, potrivit speciali\u0219tilor de la <i>Royal Fashion Police<\/i>.<\/p>\n<p class=\"svelte-zrv316\">Potrivit<b> Jordan Times<\/b>,\u00a0Regina Rania a vizitat Jabal Al Lweibdeh pentru a vedea preg\u0103tirile pentru S\u0103pt\u0103m\u00e2na Designului de la Amman.<\/p>\n<p class=\"svelte-zrv316\">Majestatea Sa Regina Rania a vizitat mar\u021bi cartierul Jabal Al Lweibdeh din capital\u0103, unde s-a \u00eent\u00e2lnit cu antreprenori locali \u0219i a analizat preg\u0103tirile \u00een curs pentru a patra edi\u021bie a S\u0103pt\u0103m\u00e2nii Designului Amman (ADW) \u00eenainte de lansarea acesteia luna viitoare.<\/p>\n<div class=\"container-image  svelte-1xbw4f3\"><source type=\"image\/webp\" srcset=\"https:\/\/cdn.adh.reperio.news\/image-5\/5aa404d0-2398-4b28-8f4f-2890e9990fc1\/index.jpeg?p=a%3D1%26co%3D1.05%26w%3D1400%26h%3D750%26r%3Dcontain%26f%3Dwebp 1400w\" media=\"(min-width: 1400px)\" \/><\/div>\n<p class=\"svelte-zrv316\">Majestatea Sa \u0219i-a \u00eenceput vizita cu o oprire la comunitatea de co-working BLDR Space, unde s-a \u00eent\u00e2lnit cu un grup de antreprenori iordanieni \u0219i proprietari de startup-uri pentru a discuta despre experien\u021bele lor \u00een crearea de proiecte de afaceri locale, potrivit unui comunicat emis de Biroul Majest\u0103\u021bii Sale.<\/p>\n<p class=\"svelte-zrv316\">Moderat\u0103 de fondatoarea \u0219i CEO-ul BLDR Space, Natasha Salti, conversa\u021bia s-a concentrat pe schimb\u0103rile din cultura locului de munc\u0103 din Iordania, inclusiv trecerea de la birourile tradi\u021bionale la spa\u021biile de coworking.<\/p>\n<p class=\"svelte-zrv316\">Regina Rania a vizitat apoi Darat Abu Adnan, care va servi drept loca\u021bie pentru ADW 2026.<\/p>\n<p class=\"svelte-zrv316\">Construit\u0103 pentru familia Abu Hassan \u00een anii 1950, Darat Abu Adnan este una dintre pu\u021binele case de patrimoniu r\u0103mase \u00een cartier. Casa a fost recent restaurat\u0103 \u0219i urmeaz\u0103 s\u0103 g\u0103zduiasc\u0103 \u00een cur\u00e2nd o serie de programe ADW.<\/p>\n<p class=\"svelte-zrv316\">La Darat Abu Adnan, Regina a fost \u00eent\u00e2mpinat\u0103 de codirectorii ADW, Bisher Tabba \u0219i Sarah Hejazin, care au informat-o despre progresul echipei lor \u00een ultimele s\u0103pt\u0103m\u00e2ni \u00eenainte de lansarea evenimentului.<\/p>\n<p class=\"svelte-zrv316\">Organizat sub patronajul Majest\u0103\u021bii Sale, ADW 2026 se va desf\u0103\u0219ura \u00een perioada 2-17 octombrie, av\u00e2nd ca tem\u0103 \u201eAcumul\u0103ri\u201d.<\/p>\n<p class=\"svelte-zrv316\">Majestatea Sa a vizionat o serie de instala\u021bii finalizate la casa de patrimoniu \u0219i a verificat produc\u021bia \u0219i fabricarea a dou\u0103 instala\u021bii \u00een gr\u0103dina din fa\u021b\u0103.<\/p>\n<p class=\"svelte-zrv316\">De asemenea, a trecut pe la un atelier de \u021besut, unde s-a oprit pentru a \u00eent\u00e2lni participan\u021bii.<\/p>\n<p class=\"svelte-zrv316\">Fondat de Regina Rania \u00een 2016, ADW \u00ee\u0219i propune s\u0103 prezinte designurile \u0219i talentele designerilor locali, regionali \u0219i interna\u021bionali \u0219i s\u0103 stabileasc\u0103 Ammanul ca un centru regional pentru inova\u021bie \u0219i exprimare.<\/p>\n<p class=\"svelte-zrv316\">Evenimentul din acest an va reuni peste 200 de expozan\u021bi \u0219i designeri participan\u021bi, 50 de spa\u021bii participante \u0219i 200 de evenimente, r\u0103sp\u00e2ndite \u00een Ras El Ain, Jabal Al Lweibdeh, Jabal Amman, Iraq Al Amir \u0219i Aqaba.<\/p>\n<p class=\"svelte-zrv316\">Fotografii oferite de Biroul Majest\u0103\u021bii Sale Rania a Iordaniei<\/p>\n<\/section>\n<footer class=\"svelte-zrv316\">\n<div class=\"authors svelte-zrv316\">Autor: <a href=\"https:\/\/okmagazine.ro\/author\/118\" class=\"svelte-zrv316\">Irina Lungu<\/a><\/div>\n<\/footer>\n<\/article>\n<p>[analyse_source url=&#8221;https:\/\/okmagazine.ro\/royals\/rania-a-iordaniei-in-alb-la-amman-2553531.html?utm_source=adevarul.ro&amp;utm_campaign=homepage&#8221;]<\/p>\n","protected":false},"excerpt":{"rendered":"<p>[analyse_image type=&#8221;featured&#8221; src=&#8221;https:\/\/cdn.adh.reperio.news\/image-2\/28afc9e2-51db-4968-a9d4-530ee8f9465a\/index.jpeg?p=w%3D1200%26h%3D630%26q%3D91%26r%3Dcover%26f%3Djpeg%26c%3D0%252C0.169%252C1%252C0.359&#8243;] La doar o zi dup\u0103 ce a \u00eemplinit 56 de ani, Regina Rania a avut o apari\u021bie de senza\u021bie la Amman, capitala Iordaniei. Foarte eleganta regin\u0103 a purtat o \u021binut\u0103 alb\u0103, o rochie care i-a flatat silueta. Rania s-a v\u0103zut cu un grup de\u00a0antreprenori \u0219i cu\u00a0echipa Amman Design Week. Rania a \u00eembr\u0103cat [&hellip;]<\/p>\n","protected":false},"author":1,"featured_media":0,"comment_status":"open","ping_status":"","sticky":false,"template":"","format":"standard","meta":{"footnotes":""},"categories":[89],"tags":[19,226],"class_list":["post-2123716","post","type-post","status-publish","format-standard","hentry","category-romania","tag-adevarul","tag-crawlmanager"],"_links":{"self":[{"href":"https:\/\/analyse.optim.biz\/index.php?rest_route=\/wp\/v2\/posts\/2123716","targetHints":{"allow":["GET"]}}],"collection":[{"href":"https:\/\/analyse.optim.biz\/index.php?rest_route=\/wp\/v2\/posts"}],"about":[{"href":"https:\/\/analyse.optim.biz\/index.php?rest_route=\/wp\/v2\/types\/post"}],"author":[{"embeddable":true,"href":"https:\/\/analyse.optim.biz\/index.php?rest_route=\/wp\/v2\/users\/1"}],"replies":[{"embeddable":true,"href":"https:\/\/analyse.optim.biz\/index.php?rest_route=%2Fwp%2Fv2%2Fcomments&post=2123716"}],"version-history":[{"count":0,"href":"https:\/\/analyse.optim.biz\/index.php?rest_route=\/wp\/v2\/posts\/2123716\/revisions"}],"wp:attachment":[{"href":"https:\/\/analyse.optim.biz\/index.php?rest_route=%2Fwp%2Fv2%2Fmedia&parent=2123716"}],"wp:term":[{"taxonomy":"category","embeddable":true,"href":"https:\/\/analyse.optim.biz\/index.php?rest_route=%2Fwp%2Fv2%2Fcategories&post=2123716"},{"taxonomy":"post_tag","embeddable":true,"href":"https:\/\/analyse.optim.biz\/index.php?rest_route=%2Fwp%2Fv2%2Ftags&post=2123716"}],"curies":[{"name":"wp","href":"https:\/\/api.w.org\/{rel}","templated":true}]}}