{"id":2123713,"date":"2026-09-02T06:28:08","date_gmt":"2026-09-02T03:28:08","guid":{"rendered":"https:\/\/analyse.optim.biz\/?p=2123713"},"modified":"2026-09-02T06:28:08","modified_gmt":"2026-09-02T03:28:08","slug":"meghan-trece-la-urmatorul-nivel-cum-a-sarbatorit-noul-capitol-al-vietii-sale","status":"publish","type":"post","link":"https:\/\/analyse.optim.biz\/?p=2123713","title":{"rendered":"Meghan trece la urm\u0103torul nivel! Cum a s\u0103rb\u0103torit \u201dnoul capitol al vie\u021bii sale\u201d"},"content":{"rendered":"<p>[analyse_image type=&#8221;featured&#8221; src=&#8221;https:\/\/cdn.adh.reperio.news\/image-c\/c81a0f66-723a-49ab-ad82-ee6e29d4df4f\/index.jpeg?p=w%3D1200%26h%3D630%26q%3D91%26r%3Dcover%26f%3Djpeg%26c%3D0.15%252C0%252C0.85%252C0.748&#8243;]<\/p>\n<article class=\"svelte-zrv316\">\n<section class=\"body svelte-zrv316\">\n<p class=\"svelte-zrv316\"><b>Ducesei \u00eei place s\u0103 fie influencer, mai ales c\u00e2nd face lobby pentru afacerea sa As Ever.<\/b><\/p>\n<div class=\"container-image  svelte-1xbw4f3\"><source type=\"image\/webp\" srcset=\"https:\/\/cdn.adh.reperio.news\/image-c\/c81a0f66-723a-49ab-ad82-ee6e29d4df4f\/index.jpeg?p=a%3D1%26co%3D1.05%26w%3D1400%26h%3D750%26r%3Dcontain%26f%3Dwebp 1400w\" media=\"(min-width: 1400px)\" \/><\/div>\n<p class=\"svelte-zrv316\">Meghan Markle s\u0103rb\u0103tore\u0219te \u201enoul capitol\u201d din via\u021ba sa, dup\u0103 revenirea \u00een Marea Britanie al\u0103turi de Prin\u021bul Harry \u0219i copii.<\/p>\n<p class=\"svelte-zrv316\">Prin\u021bul Harry \u0219i Meghan Markle au aterizat \u00een Marea Britanie pe 26 august pentru a-\u0219i \u00eencepe noua via\u021b\u0103 \u00een Anglia al\u0103turi de cei doi copii ai lor.<\/p>\n<div class=\"container-image  svelte-1xbw4f3\"><source type=\"image\/webp\" srcset=\"https:\/\/cdn.adh.reperio.news\/image-b\/b35cebd5-2d86-4672-afb2-147ed0986ef1\/index.jpeg?p=a%3D1%26co%3D1.05%26w%3D1400%26h%3D750%26r%3Dcontain%26f%3Dwebp 1400w\" media=\"(min-width: 1400px)\" \/><\/div>\n<p class=\"svelte-zrv316\">Meghan s-a referit recent la ceea ce nume\u0219te \u201dun nou capitol\u201d pentru brandul s\u0103u lifestyle, As Ever, dup\u0103 \u00eentoarcerea sa nea\u0219teptat\u0103 \u00een Marea Britanie al\u0103turi de so\u021bul ei, Prin\u021bul Harry, \u0219i cei doi copii ai lor, Prin\u021bul Archie \u0219i Prin\u021besa Lilibet.<\/p>\n<p class=\"svelte-zrv316\">Ducesa antreprenoare \u00een v\u00e2rst\u0103 de 45 de ani a \u00eemp\u0103rt\u0103\u0219it c\u0103 brandul s\u0103u va lansa un nou produs pe 3 septembrie, la aproape o s\u0103pt\u0103m\u00e2n\u0103 dup\u0103 ce ea \u0219i familia sa au aterizat la Birmingham pentru a-\u0219i \u00eencepe noua via\u021b\u0103 \u00een Anglia. \u201eUn nou capitol de s\u0103rb\u0103torit\u201d, a detaliat ea pe Instagram, prezent\u00e2nd fotografii cu noul produs de vin spumant As Ever.<\/p>\n<div class=\"container-image  svelte-1xbw4f3\"><source type=\"image\/webp\" srcset=\"https:\/\/cdn.adh.reperio.news\/image-d\/db7dae27-b6d0-4c5d-89f1-b6d92cf558a0\/index.jpeg?p=a%3D1%26co%3D1.05%26w%3D1400%26h%3D750%26r%3Dcontain%26f%3Dwebp 1400w\" media=\"(min-width: 1400px)\" \/><\/div>\n<div class=\"container-image  svelte-1xbw4f3\"><source type=\"image\/webp\" srcset=\"https:\/\/cdn.adh.reperio.news\/image-7\/7895359b-0aa4-4bdf-aff0-f6d1cdff7bcc\/index.jpeg?p=a%3D1%26co%3D1.05%26w%3D1400%26h%3D750%26r%3Dcontain%26f%3Dwebp 1400w\" media=\"(min-width: 1400px)\" \/><\/div>\n<p><span class=\"more svelte-zrv316\">Mai multe pentru tine&#8230;<\/span><\/p>\n<div class=\"related svelte-zrv316\">\n<div class=\"list svelte-zrv316\"><a class=\"item svelte-zrv316\" href=\"https:\/\/okmagazine.ro\/royals\/cu-kate-nu-le-merge-printesa-i-a-citit-de-mult-2552399.html\" title=\"Prin\u021bul Harry \u0219i Meghan Markle s-au \u00eentors \u00een Regatul Unit - mut\u00e2ndu-se \u00eentr-o re\u0219edin\u021b\u0103 privat\u0103, neregal\u0103, \u0219i \u00eenscriindu-\u0219i cei doi copii ai lor, Archie \u0219i Lilibet, la \u0219coli britanice.\"><\/p>\n<div class=\"image svelte-zrv316\"><source type=\"image\/webp\" srcset=\"https:\/\/cdn.adh.reperio.news\/image-7\/796ec809-ee56-4eea-828c-cb8d1df53383\/index.jpeg?p=a%3D1%26co%3D1.05%26w%3D229%26h%3D150%26r%3Dcover%26f%3Dwebp 229w\" media=\"(min-width: 229px)\" \/><\/div>\n<p><span class=\"svelte-zrv316\">Cu Kate nu le merge! Prin\u021besa \u201di-a citit\u201d de mult pe Harry \u0219i Meghan \u0219i a dat verdictul<\/span><\/a><a class=\"item svelte-zrv316\" href=\"https:\/\/okmagazine.ro\/royals\/meghan-markle-nefericita-in-marea-britanie-2553093.html\" title=\"De ce face asta? Din dragoste pentru Prin\u021bul Harry? Cine \u0219i cum a putut s\u0103 o conving\u0103 s\u0103 reia \u201dco\u0219marul\u201d din care abia sc\u0103pase \u00een 2020?\"><\/p>\n<div class=\"image svelte-zrv316\"><source type=\"image\/webp\" srcset=\"https:\/\/cdn.adh.reperio.news\/image-6\/60f99771-df57-4397-9eed-8c5a124bc106\/index.jpeg?p=a%3D1%26co%3D1.05%26w%3D229%26h%3D150%26r%3Dcover%26f%3Dwebp 229w\" media=\"(min-width: 229px)\" \/><\/div>\n<p><span class=\"svelte-zrv316\">Meghan Markle este \u201d\u0219ocat\u0103 emo\u021bional\u201d dup\u0103 revenirea \u00een Marea Britanie, \u021bara \u00een care s-a sim\u021bit mereu \u201dprofund nefericit\u0103\u201d<\/span><\/a><a class=\"item svelte-zrv316\" href=\"https:\/\/okmagazine.ro\/royals\/abia-s-au-intors-in-regat-si-deja-nu-le-mai-place-2553292.html\" title=\"Se pare c\u0103 Megan Markle are o list\u0103 clar\u0103 de specifica\u021bii pe care dore\u0219te s\u0103 le includ\u0103 noua ei cas\u0103 din Regatul Unit.\"><\/p>\n<div class=\"image svelte-zrv316\"><source type=\"image\/webp\" srcset=\"https:\/\/cdn.adh.reperio.news\/image-9\/99a8cb52-ecd6-4420-ab58-e0f0d18cfe8c\/index.jpeg?p=a%3D1%26co%3D1.05%26w%3D229%26h%3D150%26r%3Dcover%26f%3Dwebp 229w\" media=\"(min-width: 229px)\" \/><\/div>\n<p><span class=\"svelte-zrv316\">Abia s-au \u00eentors \u00een Regat \u0219i deja nu le mai place! Meghan \u0219i Harry caut\u0103 acum ceva care s\u0103 se potriveasc\u0103 mai bine cu preten\u021biile lor<\/span><\/a><\/div>\n<\/div>\n<p class=\"svelte-zrv316\">\u201eV\u0103 prezent\u0103m Reserve Brut. Elaborat \u00een tradi\u021bionala Metod\u0103 Champenoise \u0219i provenit din Napa Valley, acest vin spumant elegant a fost creat pentru a fi prezent, servit anume a savura momentele frumoase ale vie\u021bii.\u201d<\/p>\n<p class=\"svelte-zrv316\">Aceasta nu este prima incursiune a As Ever \u00een lumea vinifica\u021biei; de fapt, brandul a lansat deja un ros\u00e9 din Napa Valley \u0219i un sauvignon blanc din Marlborough.<\/p>\n<p class=\"svelte-zrv316\">Ducesa de Sussex vine regulat cu nout\u0103\u021bi. Toamna aceasta a prezentat \u0219i o nou\u0103 crem\u0103 tartinabil\u0103 cu iz autumnal, de mere.<\/p>\n<p class=\"svelte-zrv316\">La doar c\u00e2teva ore dup\u0103 ce Meghan s-a \u00eentors \u00een Marea Britanie, As Ever a confirmat lansarea unei noi creme cu mere condimentate pentru sezonul de toamn\u0103 care se apropie rapid.<\/p>\n<p class=\"svelte-zrv316\">\u00centr-o descriere a post\u0103rii f\u0103cute pe Instagram, care prezenta trei borcane din noua crem\u0103 al\u0103turi de mai multe mere, se spune: \u201eV\u0103 prezent\u0103m Untul de Mere Condimentat. Cea mai nou\u0103 crem\u0103 sezonier\u0103 a noastr\u0103, disponibil\u0103 la borcan sau la pachet de trei. Cump\u0103ra\u021bi acum pe AsEver.com.\u201d<\/p>\n<p class=\"svelte-zrv316\">Crema fusese intuit\u0103 discret cu c\u00e2teva zile \u00eenainte de lansare, inclusiv o imagine cu partea de sus a borcanului \u0219i se spunea pur \u0219i simplu: \u201eUn favorit al toamnei. \u00cen cur\u00e2nd.\u201d<\/p>\n<div class=\"container-image  svelte-1xbw4f3\"><source type=\"image\/webp\" srcset=\"https:\/\/cdn.adh.reperio.news\/image-d\/d5f55699-3ede-4e3d-a336-fe70ff2748b6\/index.jpeg?p=a%3D1%26co%3D1.05%26w%3D1400%26h%3D750%26r%3Dcontain%26f%3Dwebp 1400w\" media=\"(min-width: 1400px)\" \/><\/div>\n<p class=\"svelte-zrv316\">Foto: Profimedia &amp; Instagram<\/p>\n<\/section>\n<footer class=\"svelte-zrv316\">\n<div class=\"authors svelte-zrv316\">Autor: <a href=\"https:\/\/okmagazine.ro\/author\/118\" class=\"svelte-zrv316\">Irina Lungu<\/a><\/div>\n<\/footer>\n<\/article>\n<p>[analyse_source url=&#8221;https:\/\/okmagazine.ro\/royals\/meghan-trece-la-urmatorul-nivel-cum-a-sarbatorit-2553537.html?utm_source=adevarul.ro&amp;utm_campaign=homepage&#8221;]<\/p>\n","protected":false},"excerpt":{"rendered":"<p>[analyse_image type=&#8221;featured&#8221; src=&#8221;https:\/\/cdn.adh.reperio.news\/image-c\/c81a0f66-723a-49ab-ad82-ee6e29d4df4f\/index.jpeg?p=w%3D1200%26h%3D630%26q%3D91%26r%3Dcover%26f%3Djpeg%26c%3D0.15%252C0%252C0.85%252C0.748&#8243;] Ducesei \u00eei place s\u0103 fie influencer, mai ales c\u00e2nd face lobby pentru afacerea sa As Ever. Meghan Markle s\u0103rb\u0103tore\u0219te \u201enoul capitol\u201d din via\u021ba sa, dup\u0103 revenirea \u00een Marea Britanie al\u0103turi de Prin\u021bul Harry \u0219i copii. Prin\u021bul Harry \u0219i Meghan Markle au aterizat \u00een Marea Britanie pe 26 august pentru a-\u0219i \u00eencepe noua [&hellip;]<\/p>\n","protected":false},"author":1,"featured_media":0,"comment_status":"open","ping_status":"","sticky":false,"template":"","format":"standard","meta":{"footnotes":""},"categories":[89],"tags":[19,226],"class_list":["post-2123713","post","type-post","status-publish","format-standard","hentry","category-romania","tag-adevarul","tag-crawlmanager"],"_links":{"self":[{"href":"https:\/\/analyse.optim.biz\/index.php?rest_route=\/wp\/v2\/posts\/2123713","targetHints":{"allow":["GET"]}}],"collection":[{"href":"https:\/\/analyse.optim.biz\/index.php?rest_route=\/wp\/v2\/posts"}],"about":[{"href":"https:\/\/analyse.optim.biz\/index.php?rest_route=\/wp\/v2\/types\/post"}],"author":[{"embeddable":true,"href":"https:\/\/analyse.optim.biz\/index.php?rest_route=\/wp\/v2\/users\/1"}],"replies":[{"embeddable":true,"href":"https:\/\/analyse.optim.biz\/index.php?rest_route=%2Fwp%2Fv2%2Fcomments&post=2123713"}],"version-history":[{"count":0,"href":"https:\/\/analyse.optim.biz\/index.php?rest_route=\/wp\/v2\/posts\/2123713\/revisions"}],"wp:attachment":[{"href":"https:\/\/analyse.optim.biz\/index.php?rest_route=%2Fwp%2Fv2%2Fmedia&parent=2123713"}],"wp:term":[{"taxonomy":"category","embeddable":true,"href":"https:\/\/analyse.optim.biz\/index.php?rest_route=%2Fwp%2Fv2%2Fcategories&post=2123713"},{"taxonomy":"post_tag","embeddable":true,"href":"https:\/\/analyse.optim.biz\/index.php?rest_route=%2Fwp%2Fv2%2Ftags&post=2123713"}],"curies":[{"name":"wp","href":"https:\/\/api.w.org\/{rel}","templated":true}]}}