{"id":2123703,"date":"2026-09-02T00:00:00","date_gmt":"2026-09-01T21:00:00","guid":{"rendered":"https:\/\/analyse.optim.biz\/?p=2123703"},"modified":"2026-09-02T00:00:00","modified_gmt":"2026-09-01T21:00:00","slug":"faut-il-revoir-le-biopic-uppercut-smashing-machine","status":"publish","type":"post","link":"https:\/\/analyse.optim.biz\/?p=2123703","title":{"rendered":"Faut-il (re)voir le biopic-uppercut Smashing Machine ?"},"content":{"rendered":"<div class=\"entry-content\">\n<section class=\"single-header padding-top-s\">\n<div class=\"container\">\n<div class=\"row justify-content-between\">\n<div class=\"col-lg-9 col-xl-8\">\n<div class=\"video-container\">\n\t\t\t\t\t\t\t\t\t\t\t\t\t<\/div>\n<div class=\"container-img desktop\">\n                                <img loading=\"lazy\" decoding=\"async\" width=\"2560\" height=\"1635\" src=\"\/\/www.w3.org\/2000\/svg&apos;%20viewBox=&apos;0%200%202560%201635&apos;%3E%3C\/svg%3E\" class=\"img-fluid\" alt=\"Photo des acteurs Emily Blunt et Dwayne Johnson dans le film The Smashing Machine.\" data-lazy-src=\"https:\/\/numero.com\/wp-content\/uploads\/2025\/09\/push-dwayne-johnson-the-rock-the-smashing-machine-numero-magazine-2-copie-scaled.jpg\"><img decoding=\"async\" width=\"2560\" height=\"1635\" src=\"https:\/\/numero.com\/wp-content\/uploads\/2025\/09\/push-dwayne-johnson-the-rock-the-smashing-machine-numero-magazine-2-copie-scaled.jpg\" class=\"img-fluid\" alt=\"Photo des acteurs Emily Blunt et Dwayne Johnson dans le film The Smashing Machine.\" loading=\"lazy\">\t\t\t\t\t\t\t\t<\/p>\n<p class=\"number big\">2<\/p>\n<\/p><\/div>\n<div class=\"container-img mobile\">\n                                <img loading=\"lazy\" decoding=\"async\" width=\"2037\" height=\"2560\" src=\"\/\/www.w3.org\/2000\/svg&apos;%20viewBox=&apos;0%200%202037%202560&apos;%3E%3C\/svg%3E\" class=\"img-fluid\" alt=\"Photo de Dwayne Johnson dans le film The Smashing Machine (2025).\" data-lazy-src=\"https:\/\/numero.com\/wp-content\/uploads\/2025\/09\/thumb-dwayne-johnson-the-rock-the-smashing-machine-numero-magazine-1-copie-scaled.jpg\"><img decoding=\"async\" width=\"2037\" height=\"2560\" src=\"https:\/\/numero.com\/wp-content\/uploads\/2025\/09\/thumb-dwayne-johnson-the-rock-the-smashing-machine-numero-magazine-1-copie-scaled.jpg\" class=\"img-fluid\" alt=\"Photo de Dwayne Johnson dans le film The Smashing Machine (2025).\" loading=\"lazy\">\t\t\t\t\t\t\t\t<\/p>\n<p class=\"number big\">2<\/p>\n<\/p><\/div>\n<\/p><\/div>\n<div class=\"col col-lg-3 col-xl-4 desktop\">\n<div class=\"ad grand-angle desktop\">\n    <!-- \/21730003857\/numero-ad-unit\/numero-grand-angle --><\/p>\n<div class=\"ad-responsive\">\n<div id=\"div-gpt-ad-1773673590069-0\" class=\"ads-pub px-0\">\n<p>                googletag.cmd.push(function () {<br \/>\n                    googletag.display(&#8216;div-gpt-ad-1773673590069-0&#8217;);<br \/>\n                });<\/p><\/div>\n<\/p><\/div>\n<\/div><\/div>\n<\/p><\/div>\n<\/p><\/div>\n<\/section>\n<section class=\"post-content\">\n<div class=\"container\">\n<div class=\"row g-0 justify-content-between\">\n<div class=\"col-lg-9 col-xl-8 padding-top-s\">\n<p class=\"share-widget\" id=\"share-widget\"><img decoding=\"async\" src=\"\/\/www.w3.org\/2000\/svg&apos;%20viewBox=&apos;0%200%200%200&apos;%3E%3C\/svg%3E\" alt=\"share-widget\" data-lazy-src=\"https:\/\/numero.com\/wp-content\/themes\/understrap-child-main\/src\/public\/images\/share.svg\"><\/p>\n<p><img decoding=\"async\" src=\"https:\/\/numero.com\/wp-content\/themes\/understrap-child-main\/src\/public\/images\/share.svg\" alt=\"share-widget\"><\/p>\n<div class=\"share-icons\" id=\"share-icons\">\n<p class=\"copy-link\"><img decoding=\"async\" src=\"\/\/www.w3.org\/2000\/svg&apos;%20viewBox=&apos;0%200%200%200&apos;%3E%3C\/svg%3E\" alt=\"copy-link\" data-lazy-src=\"https:\/\/numero.com\/wp-content\/themes\/understrap-child-main\/src\/public\/images\/copy-link.svg\"><\/p>\n<p><img decoding=\"async\" src=\"https:\/\/numero.com\/wp-content\/themes\/understrap-child-main\/src\/public\/images\/copy-link.svg\" alt=\"copy-link\"><br \/>\n\t\t\t\t\t\t\t<a href=\"https:\/\/www.facebook.com\/sharer\/sharer.php?u=https:\/\/numero.com\/culture\/cinema\/dwayne-johnson-the-rock-the-smashing-machine\/\" class=\"facebook\" target=\"_blank\" rel=\"noopener\"><img decoding=\"async\" src=\"\/\/www.w3.org\/2000\/svg&apos;%20viewBox=&apos;0%200%200%200&apos;%3E%3C\/svg%3E\" alt=\"facebook\" data-lazy-src=\"https:\/\/numero.com\/wp-content\/themes\/understrap-child-main\/src\/public\/images\/facebook.svg\"><img decoding=\"async\" src=\"https:\/\/numero.com\/wp-content\/themes\/understrap-child-main\/src\/public\/images\/facebook.svg\" alt=\"facebook\"><\/a><br \/>\n\t\t\t\t\t\t\t<a href=\"https:\/\/twitter.com\/share?url=https:\/\/numero.com\/culture\/cinema\/dwayne-johnson-the-rock-the-smashing-machine\/\" class=\"twitter\" target=\"_blank\" rel=\"noopener\"><img decoding=\"async\" src=\"\/\/www.w3.org\/2000\/svg&apos;%20viewBox=&apos;0%200%200%200&apos;%3E%3C\/svg%3E\" alt=\"twitter\" data-lazy-src=\"https:\/\/numero.com\/wp-content\/themes\/understrap-child-main\/src\/public\/images\/twitter.svg\"><img decoding=\"async\" src=\"https:\/\/numero.com\/wp-content\/themes\/understrap-child-main\/src\/public\/images\/twitter.svg\" alt=\"twitter\"><\/a>\n\t\t\t\t\t\t<\/div>\n<p>\t\t\t\t\t\t<span class id=\"custom-tooltip\" style=\"display:none\">Lien copi\u00e9<\/span><\/p>\n<div class=\"col-lg-10\">\n<div class=\"meta d-flex justify-content-between align-items-center\">\n<div class=\"cat\">\n\t\t\t\t\t\t\t\t\t<a class=\"cat-title\" href=\"https:\/\/numero.com\/category\/culture\/cinema\/\">Cin\u00e9ma<\/a>\t\t\t\t\t\t\t\t<\/div>\n<p class=\"date\">\n\t\t\t\t\t\t\t\t\t2 sept 2026\t\t\t\t\t\t\t\t<\/p>\n<\/p><\/div>\n<h1>Faut-il (re)voir le biopic-uppercut Smashing Machine ?<\/h1>\n<div class=\"introduction\">\n<p>Le 1er septembre 2025, c\u2019est un Dwayne Johnson m\u00e9connaissable qui a \u00e9mu la Mostra de Venise. Lors de la projection de <em> Smashing Machine<\/em>, premier film solo de Benny Safdie (sans son fr\u00e8re Josh), l\u2019acteur a \u00e9t\u00e9 salu\u00e9 une <em>standing ovation<\/em> de plus de 15 minutes. Il livre dans ce biopic une performance bouleversante dans la peau de l\u2019ancien champion de lutte Mark Kerr. Le film est enfin diffus\u00e9 sur Canal+ le 2 septembre 2026.<\/p>\n<\/div>\n<li class=\"credits d-flex\">\n<p>\n\t\t\t\t\t\t\t\t\t\t\tpar\t\t\t\t\t\t\t\t\t\t\t\t\t\t\t\t\t\t\t\t\t\t\t<a href=\"https:\/\/numero.com\/contributor\/ambra-flora\/\">Ambra Flora<\/a>,\u00a0\t\t\t\t\t\t\t\t\t\t\t\t\t\t\t\t\t\t\t\t\t<\/p>\n<p>\n\t\t\t\t\t\t\t\t\t\t\tet\t\t\t\t\t\t\t\t\t\t\t\t\t\t\t\t\t\t\t\t\t\t\t<a href=\"https:\/\/numero.com\/contributor\/violaine-schutz\/\">Violaine Sch\u00fctz<\/a>.\t\t\t\t\t\t\t\t\t\t\t\t\t\t\t\t\t\t\t\t\t<\/p>\n<\/li>\n<p class=\"edition-date\">Publi\u00e9 le 28 octobre 2025. Modifi\u00e9 le 2 septembre 2026.<\/p>\n<div id=\"ads03\" class=\"mobile padding-bottom-s\">\n<div class=\"ad-wrapper\">\n\t\t\t\t\t\t\t\t\t<!-- \/21730003857\/numero-ad-unit\/numero-interscroller --><\/p>\n<div class=\"ad ad-responsive interscroller-slot\">\n<div id=\"div-gpt-ad-1773673675628-0\" class=\"ads-pub\">\n<p>            googletag.cmd.push(function () {<br \/>\n                googletag.display(&#8216;div-gpt-ad-1773673675628-0&#8217;);<br \/>\n            });<\/p><\/div>\n<\/div><\/div>\n<\/p><\/div>\n<p>\t\t\t\t\t\t\t&lt;!&#8211; <\/p>\n<div class=\"padding-bottom-s\">\n\t\t\t\t\t\t\t\t\t\t\t\t\t\t\t<\/div>\n<p> &#8211;&gt;<\/p>\n<figure class=\"wp-block-embed is-type-video is-provider-youtube wp-block-embed-youtube wp-embed-aspect-16-9 wp-has-aspect-ratio\">\n<div class=\"wp-block-embed__wrapper\">\n<div class=\"cookieconsent-optout-statistics cookieconsent-optout-marketing\"><\/div>\n<\/div><figcaption class=\"wp-element-caption\">La bande-annonce du film <em>Smashing Machine <\/em>(2025).<\/figcaption><\/figure>\n<h2 class=\"wp-block-heading\">La surprise The Rock \u00e0 la Mostra de Venise<\/h2>\n<p class=\"wp-block-paragraph\">\u201c<em>Souvent, il est plus difficile pour nous \u2014 ou du moins pour moi  \u2014 de savoir de quoi vous \u00eates capable lorsque vous avez \u00e9t\u00e9 catalogu\u00e9 dans une cat\u00e9gorie.<\/em>\u201d C\u2019est en ces mots que se livrait <strong>Dwayne Johnson <\/strong>dans les colonnes de <em>Variety <\/em>au sujet de son prochain film pr\u00e9sent\u00e9 il y a peu \u00e0 la <strong><a href=\"https:\/\/numero.com\/culture\/mostra-de-venise-2025-festival-lion-d-or\/\" target=\"_blank\" rel=\"noreferrer noopener\">Mostra de Venise<\/a><\/strong> 2025, o\u00f9 il \u00e9tait sacr\u00e9 du Lion d\u2019argent du meilleur r\u00e9alisateur.<\/p>\n<p class=\"wp-block-paragraph\">L\u2019ancien catcheur et acteur surnomm\u00e9 <strong>The Rock<\/strong> est en effet \u00e0 l\u2019affiche d\u2019un long-m\u00e9trage, <em><strong>Smashing Machine<\/strong><\/em>, aux antipodes des blockbusters d\u2019action qui ont fait sa renomm\u00e9e. <em><strong>Smashing Machine<\/strong><\/em>, produit par le studio <strong><a href=\"https:\/\/numero.com\/culture\/musique\/a24-studio-label-de-musique\/\" target=\"_blank\" rel=\"noreferrer noopener\">A24<\/a><\/strong>,<em><strong> <\/strong><\/em>nous permet de voir Dwayne Johnson sous un nouveau jour. Et la star s\u2019est totalement transform\u00e9e pour incarner le premier r\u00f4le de ce biopic sur le milieu du sport pour lequel le com\u00e9dien californien a pris plusieurs kilos de muscles.<\/p>\n<figure data-wp-context=\"{&quot;imageId&quot;:&quot;6a97c4b79aa51&quot;}\" data-wp-interactive=\"core\/image\" data-wp-key=\"6a97c4b79aa51\" class=\"wp-block-image size-full wp-lightbox-container\"><img loading=\"lazy\" decoding=\"async\" width=\"1000\" height=\"667\" data-wp-class--hide=\"state.isContentHidden\" data-wp-class--show=\"state.isContentVisible\" data-wp-init=\"callbacks.setButtonStyles\" data-wp-on--click=\"actions.showLightbox\" data-wp-on--load=\"callbacks.setButtonStyles\" data-wp-on--pointerdown=\"actions.preloadImage\" data-wp-on--pointerenter=\"actions.preloadImageWithDelay\" data-wp-on--pointerleave=\"actions.cancelPreload\" data-wp-on-window--resize=\"callbacks.setButtonStyles\" src=\"\/\/www.w3.org\/2000\/svg&apos;%20viewBox=&apos;0%200%201000%20667&apos;%3E%3C\/svg%3E\" alt=\"Photo des acteurs Emily Blunt et Dwayne Johnson dans le film The Smashing Machine.\" class=\"wp-image-716823\" data-lazy-src=\"https:\/\/numero.com\/wp-content\/uploads\/2025\/09\/dwayne-johnson-the-rock-the-smashing-machine-numero-magazine-2.jpg\"><img loading=\"lazy\" decoding=\"async\" width=\"1000\" height=\"667\" data-wp-class--hide=\"state.isContentHidden\" data-wp-class--show=\"state.isContentVisible\" data-wp-init=\"callbacks.setButtonStyles\" data-wp-on--click=\"actions.showLightbox\" data-wp-on--load=\"callbacks.setButtonStyles\" data-wp-on--pointerdown=\"actions.preloadImage\" data-wp-on--pointerenter=\"actions.preloadImageWithDelay\" data-wp-on--pointerleave=\"actions.cancelPreload\" data-wp-on-window--resize=\"callbacks.setButtonStyles\" src=\"https:\/\/numero.com\/wp-content\/uploads\/2025\/09\/dwayne-johnson-the-rock-the-smashing-machine-numero-magazine-2.jpg\" alt=\"Photo des acteurs Emily Blunt et Dwayne Johnson dans le film The Smashing Machine.\" class=\"wp-image-716823\"><button class=\"lightbox-trigger\" type=\"button\" aria-haspopup=\"dialog\" data-wp-bind--aria-label=\"state.thisImage.triggerButtonAriaLabel\" data-wp-init=\"callbacks.initTriggerButton\" data-wp-on--click=\"actions.showLightbox\" data-wp-style--right=\"state.thisImage.buttonRight\" data-wp-style--top=\"state.thisImage.buttonTop\"><\/p>\n<p>\t\t<\/button><figcaption class=\"wp-element-caption\">Emily Blunt et Dwayne Johnson dans le film <em>The Smashing Machine<\/em> (2025) de Benny Safdie \u00a9 Eric Zachanowich.<\/figcaption><\/figure>\n<h2 class=\"wp-block-heading\">Une performance stup\u00e9fiante de Dwayne Johnson<\/h2>\n<p class=\"wp-block-paragraph\">Dans ce film r\u00e9alis\u00e9 par l\u2019un des fr\u00e8res<strong> Safdie<\/strong>, le cin\u00e9aste <strong>Benny Safdie<\/strong>, <strong>Dwayne Johnson<\/strong> incarne <strong>Mark Kerr<\/strong>, une star du MMA dans les ann\u00e9es 90. Sacr\u00e9 num\u00e9ro 1 mondial de 1997 \u00e0 2000, il \u00e9tait connu pour ses combats d\u2019une violence inou\u00efe qui lui ont valu le surnom de \u201c<strong>The Smashing Machine<\/strong>\u201d. Durant des ann\u00e9es, l\u2019homme n\u2019a jamais perdu un seul match. Jusqu\u2019\u00e0 ce que la chance tourne\u2026<\/p>\n<p class=\"wp-block-paragraph\">Le film intimiste s\u2019attarde plus sur les d\u00e9mons int\u00e9rieurs du sportif que sur ses prouesses sanglantes sur le ring. En effet, <strong>Benny Safdie<\/strong> aborde certes sa carri\u00e8re de combattant professionnel \u00e0 l\u2019\u00e9poque des d\u00e9buts du <strong><a href=\"https:\/\/numero.com\/culture\/cinema\/meilleurs-films-sport-de-combat\/\" target=\"_blank\" rel=\"noreferrer noopener\">MMA<\/a><\/strong>, mais surtout sa lutte contre la d\u00e9pendance aux analg\u00e9siques, son amiti\u00e9 le combattant Mark Coleman et sa relation compliqu\u00e9e avec sa femme (jou\u00e9e avec brio par <strong><strong><a href=\"https:\/\/numero.com\/culture\/cinema\/film-the-dish-de-steven-spielberg-avec-emily-blunt-et-josh-oconnor\/\" target=\"_blank\" rel=\"noreferrer noopener\">Emily Blunt<\/a><\/strong><\/strong>). Derri\u00e8re les muscles saillants, c\u2019est un homme vuln\u00e9rable que l\u2019on d\u00e9couvre.<\/p>\n<figure data-wp-context=\"{&quot;imageId&quot;:&quot;6a97c4b79aeda&quot;}\" data-wp-interactive=\"core\/image\" data-wp-key=\"6a97c4b79aeda\" class=\"wp-block-image size-full wp-lightbox-container\"><img loading=\"lazy\" decoding=\"async\" width=\"1000\" height=\"667\" data-wp-class--hide=\"state.isContentHidden\" data-wp-class--show=\"state.isContentVisible\" data-wp-init=\"callbacks.setButtonStyles\" data-wp-on--click=\"actions.showLightbox\" data-wp-on--load=\"callbacks.setButtonStyles\" data-wp-on--pointerdown=\"actions.preloadImage\" data-wp-on--pointerenter=\"actions.preloadImageWithDelay\" data-wp-on--pointerleave=\"actions.cancelPreload\" data-wp-on-window--resize=\"callbacks.setButtonStyles\" src=\"\/\/www.w3.org\/2000\/svg&apos;%20viewBox=&apos;0%200%201000%20667&apos;%3E%3C\/svg%3E\" alt=\"Photo de l&apos;acteur Emily Blunt et Dwayne Johnson dans le film The Smashing Machine.\" class=\"wp-image-716821\" data-lazy-src=\"https:\/\/numero.com\/wp-content\/uploads\/2025\/09\/dwayne-johnson-the-rock-the-smashing-machine-numero-magazine-1.jpg\"><img loading=\"lazy\" decoding=\"async\" width=\"1000\" height=\"667\" data-wp-class--hide=\"state.isContentHidden\" data-wp-class--show=\"state.isContentVisible\" data-wp-init=\"callbacks.setButtonStyles\" data-wp-on--click=\"actions.showLightbox\" data-wp-on--load=\"callbacks.setButtonStyles\" data-wp-on--pointerdown=\"actions.preloadImage\" data-wp-on--pointerenter=\"actions.preloadImageWithDelay\" data-wp-on--pointerleave=\"actions.cancelPreload\" data-wp-on-window--resize=\"callbacks.setButtonStyles\" src=\"https:\/\/numero.com\/wp-content\/uploads\/2025\/09\/dwayne-johnson-the-rock-the-smashing-machine-numero-magazine-1.jpg\" alt=\"Photo de l&apos;acteur Emily Blunt et Dwayne Johnson dans le film The Smashing Machine.\" class=\"wp-image-716821\"><button class=\"lightbox-trigger\" type=\"button\" aria-haspopup=\"dialog\" data-wp-bind--aria-label=\"state.thisImage.triggerButtonAriaLabel\" data-wp-init=\"callbacks.initTriggerButton\" data-wp-on--click=\"actions.showLightbox\" data-wp-style--right=\"state.thisImage.buttonRight\" data-wp-style--top=\"state.thisImage.buttonTop\"><\/p>\n<p>\t\t<\/button><figcaption class=\"wp-element-caption\">Dwayne Johnson dans le film<em> Smashing Machine<\/em> (2025) de Benny Safdie \u00a9 Cheryl Dunn.<\/figcaption><\/figure>\n<h2 class=\"wp-block-heading\"><em>Smashing Machine<\/em> sacr\u00e9 aux Oscars ?<\/h2>\n<p class=\"wp-block-paragraph\">Dans le sillon des films <em><strong><a href=\"https:\/\/numero.com\/culture\/cinema\/meilleurs-films-masculinites\/\" target=\"_blank\" rel=\"noreferrer noopener\">The Wrestler<\/a> <\/strong><\/em>(2009) de Darren Aronofsky ou plus r\u00e9cemment <a href=\"https:\/\/numero.com\/culture\/cinema\/avec-iron-claw-jeremy-allen-white-et-zac-efron-mettent-la-concurrence-au-tapis\/\" target=\"_blank\" rel=\"noreferrer noopener\"><strong><em>The Iron<\/em> <\/strong><em><strong>Claw<\/strong><\/em><\/a> (2023), le cin\u00e9aste livre un regard profond\u00e9ment humain sur une figure trop longtemps r\u00e9duite \u00e0 son image de brute invincible. Le principal atout de ce long-m\u00e9trage brutal et quasi documentaire (en plus de son esth\u00e9tique VHS), c\u2019est la performance stup\u00e9fiante de <strong>The Rock<\/strong>.<\/p>\n<p class=\"wp-block-paragraph\">Sa partition subtile et intense nous touche d\u2019autant plus que ce personnage de sportif \u00e0 la fois fort, fragile et humain entre en r\u00e9sonance avec les exp\u00e9riences personnelles de <strong>Dwayne Johnson<\/strong> qui a \u00e9t\u00e9 catcheur. L\u2019acteur a d\u2019ailleurs confi\u00e9 au <em><a href=\"https:\/\/www.vanityfair.com\/hollywood\/story\/smashing-machine-dwayne-johnson-benny-safdie-emily-blunt-exclusive?srsltid=AfmBOoo77Qfb0hDIslfi0Zc3bilRUDIQ20wJl8AmGR1RXhGOssm-TTAX\" target=\"_blank\" rel=\"noreferrer noopener\">Vanity Fair<\/a><\/em> am\u00e9ricain qu\u2019il s\u2019agit l\u00e0 du r\u00f4le le plus sensible et exigeant de sa carri\u00e8re. Et <strong>Christopher Nolan<\/strong> a qualifi\u00e9 sa performance d\u00e9chirante d\u2019incroyable. <\/p>\n<p class=\"wp-block-paragraph\">Si <em><strong>Smashing Machine<\/strong><\/em> qui est sorti au cin\u00e9ma en octobre 2025 avant une diffusion sur Canal+ le 2 septembre 2026, n\u2019est pas l\u2019uppercut annonc\u00e9, le film pourrait permet \u00e0 Dwayne Johnson de prouver qu\u2019il est bien plus qu\u2019une montagne de muscles.<\/p>\n<p class=\"wp-block-paragraph\"><em>Smashing Machine (2025) de Benny Safdie, au cin\u00e9ma le 29 octobre 2025.<\/em><\/p>\n<p class=\"wp-block-paragraph\">\n<\/p><\/div>\n<\/p><\/div>\n<div class=\"col-lg-3\">\n<div class=\"suggested-posts padding-top-s\">\n<div class=\"title\">Recommand\u00e9<\/div>\n<div class=\"post-card\">\n\t\t\t\t\t\t\t\t\t\t<a class=\"post-link d-flex\" href=\"https:\/\/numero.com\/culture\/cinema\/emma-stone-joue-dans-bugonia-de-yorgos-lanthimos\/\"><\/p>\n<div class=\"container-img \">\n\t\t\t\t\t\t\t\t\t\t\t\t<img loading=\"lazy\" decoding=\"async\" width=\"640\" height=\"804\" src=\"\/\/www.w3.org\/2000\/svg&apos;%20viewBox=&apos;0%200%20640%20804&apos;%3E%3C\/svg%3E\" class=\"img-fluid\" alt=\"Emma Stone Bugonia Yorgos Lanthimos\" data-lazy-src=\"https:\/\/numero.com\/wp-content\/uploads\/2024\/10\/yorgos-lanthimos-emma-stone-bugonia-kinds-of-kindness-bts-alicia-silverstone-768x965.jpg\"><img decoding=\"async\" width=\"640\" height=\"804\" src=\"https:\/\/numero.com\/wp-content\/uploads\/2024\/10\/yorgos-lanthimos-emma-stone-bugonia-kinds-of-kindness-bts-alicia-silverstone-768x965.jpg\" class=\"img-fluid\" alt=\"Emma Stone Bugonia Yorgos Lanthimos\" loading=\"lazy\">\t\t\t\t\t\t\t\t\t\t\t\t<\/p>\n<p class=\"number\">19<\/p>\n<\/p><\/div>\n<div class=\"card-info d-flex\">\n<div>\n<p class=\"cat-title\">Cin\u00e9ma<\/p>\n<h3 class=\"post-title\">La folle transformation d\u2019Emma Stone pour le prochain film de Y\u00f3rgos L\u00e1nthimos<\/h3>\n<\/p><\/div>\n<p class=\"date\">\n\t\t\t\t\t\t\t\t\t\t\t\t\t19 nov 2025\t\t\t\t\t\t\t\t\t\t\t\t<\/p>\n<\/p><\/div>\n<p>\t\t\t\t\t\t\t\t\t\t<\/a>\n\t\t\t\t\t\t\t\t\t<\/div>\n<div class=\"post-card\">\n\t\t\t\t\t\t\t\t\t\t<a class=\"post-link d-flex\" href=\"https:\/\/numero.com\/mode\/looks-dior-jonathan-anderson-mostra-de-venise-2025\/\"><\/p>\n<div class=\"container-img \">\n\t\t\t\t\t\t\t\t\t\t\t\t<img loading=\"lazy\" decoding=\"async\" width=\"640\" height=\"804\" src=\"\/\/www.w3.org\/2000\/svg&apos;%20viewBox=&apos;0%200%20640%20804&apos;%3E%3C\/svg%3E\" class=\"img-fluid\" alt=\"alba-rohrwacher-robe-dior-haute-couture-mostra-venise-2025\" data-lazy-src=\"https:\/\/numero.com\/wp-content\/uploads\/2025\/09\/alba-rohrwacher-robe-dior-haute-couture-mostra-venise-2025-768x965.jpg\"><img decoding=\"async\" width=\"640\" height=\"804\" src=\"https:\/\/numero.com\/wp-content\/uploads\/2025\/09\/alba-rohrwacher-robe-dior-haute-couture-mostra-venise-2025-768x965.jpg\" class=\"img-fluid\" alt=\"alba-rohrwacher-robe-dior-haute-couture-mostra-venise-2025\" loading=\"lazy\">\t\t\t\t\t\t\t\t\t\t\t\t<\/p>\n<p class=\"number\">8<\/p>\n<\/p><\/div>\n<div class=\"card-info d-flex\">\n<div>\n<p class=\"cat-title\">Mode<\/p>\n<h3 class=\"post-title\">Dior : les premiers looks femmes de Jonathan Anderson rep\u00e9r\u00e9es \u00e0 la Mostra de Venise<\/h3>\n<\/p><\/div>\n<p class=\"date\">\n\t\t\t\t\t\t\t\t\t\t\t\t\t8 sept 2025\t\t\t\t\t\t\t\t\t\t\t\t<\/p>\n<\/p><\/div>\n<p>\t\t\t\t\t\t\t\t\t\t<\/a>\n\t\t\t\t\t\t\t\t\t<\/div>\n<div class=\"post-card\">\n\t\t\t\t\t\t\t\t\t\t<a class=\"post-link d-flex\" href=\"https:\/\/numero.com\/mode\/mostra-de-venise-2025-looks-stars\/\"><\/p>\n<div class=\"container-img \">\n\t\t\t\t\t\t\t\t\t\t\t\t<img loading=\"lazy\" decoding=\"async\" width=\"640\" height=\"804\" src=\"\/\/www.w3.org\/2000\/svg&apos;%20viewBox=&apos;0%200%20640%20804&apos;%3E%3C\/svg%3E\" class=\"img-fluid\" alt=\"adele exarchopoulos en robe noire dos nu balenciaga \u00e0 la mostra d evenise 2025\" data-lazy-src=\"https:\/\/numero.com\/wp-content\/uploads\/2025\/09\/thumb-looks-mostra-2025-adele-exarchopoulos-768x965.jpg\"><img decoding=\"async\" width=\"640\" height=\"804\" src=\"https:\/\/numero.com\/wp-content\/uploads\/2025\/09\/thumb-looks-mostra-2025-adele-exarchopoulos-768x965.jpg\" class=\"img-fluid\" alt=\"adele exarchopoulos en robe noire dos nu balenciaga \u00e0 la mostra d evenise 2025\" loading=\"lazy\">\t\t\t\t\t\t\t\t\t\t\t\t<\/p>\n<p class=\"number\">8<\/p>\n<\/p><\/div>\n<div class=\"card-info d-flex\">\n<div>\n<p class=\"cat-title\">Mode<\/p>\n<h3 class=\"post-title\">Mostra de Venise 2025 : les plus beaux looks des stars<\/h3>\n<\/p><\/div>\n<p class=\"date\">\n\t\t\t\t\t\t\t\t\t\t\t\t\t8 sept 2025\t\t\t\t\t\t\t\t\t\t\t\t<\/p>\n<\/p><\/div>\n<p>\t\t\t\t\t\t\t\t\t\t<\/a>\n\t\t\t\t\t\t\t\t\t<\/div>\n<div class=\"post-card\">\n\t\t\t\t\t\t\t\t\t\t<a class=\"post-link d-flex\" href=\"https:\/\/numero.com\/culture\/cinema\/documentaire-sofia-coppola-marc-jacobs\/\"><\/p>\n<div class=\"container-img \">\n\t\t\t\t\t\t\t\t\t\t\t\t<img loading=\"lazy\" decoding=\"async\" width=\"640\" height=\"804\" src=\"\/\/www.w3.org\/2000\/svg&apos;%20viewBox=&apos;0%200%20640%20804&apos;%3E%3C\/svg%3E\" class=\"img-fluid\" alt=\"Sofia Coppola et Marc Jacobs\" data-lazy-src=\"https:\/\/numero.com\/wp-content\/uploads\/2025\/07\/thumb-documentaire-sofia-coppola-marc-jacobs-768x965.jpg\"><img decoding=\"async\" width=\"640\" height=\"804\" src=\"https:\/\/numero.com\/wp-content\/uploads\/2025\/07\/thumb-documentaire-sofia-coppola-marc-jacobs-768x965.jpg\" class=\"img-fluid\" alt=\"Sofia Coppola et Marc Jacobs\" loading=\"lazy\">\t\t\t\t\t\t\t\t\t\t\t\t<\/p>\n<p class=\"number\">26<\/p>\n<\/p><\/div>\n<div class=\"card-info d-flex\">\n<div>\n<p class=\"cat-title\">Cin\u00e9ma<\/p>\n<h3 class=\"post-title\">Sofia Coppola d\u00e9die son premier documentaire \u00e0 Marc Jacobs<\/h3>\n<\/p><\/div>\n<p class=\"date\">\n\t\t\t\t\t\t\t\t\t\t\t\t\t26 f\u00e9v 2026\t\t\t\t\t\t\t\t\t\t\t\t<\/p>\n<\/p><\/div>\n<p>\t\t\t\t\t\t\t\t\t\t<\/a>\n\t\t\t\t\t\t\t\t\t<\/div>\n<\/p><\/div>\n<\/p><\/div>\n<\/p><\/div>\n<div class=\"padding-top-s\">\n<div class=\"ad banner desktop\">\n<div class=\"container\">\n<div class=\"row\">\n            <!-- \/21730003857\/numero-ad-unit\/numero-banner-1 --><\/p>\n<div class=\"ad-responsive\">\n<div id=\"div-gpt-ad-1773673267712-0\" class=\"ads-pub\">\n<p>                        googletag.cmd.push(function () {<br \/>\n                            googletag.display(&#8216;div-gpt-ad-1773673267712-0&#8217;);<br \/>\n                        });<\/p><\/div>\n<\/p><\/div>\n<\/p><\/div>\n<\/p><\/div>\n<\/div><\/div>\n<\/p><\/div>\n<\/section>\n<p>        <button class=\"btn-newsletter btn-outline-white my-5\" id=\"open-modal-newsletter\">Inscrivez-vous \u00e0 la newsletter<\/button>\t\t<\/p>\n<section class=\"related-posts post-list padding-top-m padding-bottom-s\">\n<div class=\"container\">\n<h2 class=\"title mx-auto\">\u00c0 lire aussi<\/h2>\n<div class=\"row\">\n<div class=\"col-lg-3\">\n<div class=\"post-card desktop\">\n\t\t\t\t\t\t\t\t\t\t<a class=\"post-link\" href=\"https:\/\/numero.com\/mode\/paris-hilton-campagne-karl-lagerfeld\/\"><\/p>\n<div class=\"container-img\">\n<p>                                                <img decoding=\"async\" src=\"\/\/www.w3.org\/2000\/svg&apos;%20viewBox=&apos;0%200%200%200&apos;%3E%3C\/svg%3E\" alt=\"Paris Hilton avec un ensemble noir de tailleur dans la nouvelle campagne Karl Lagerfeld automne-hiver 2026-2027.\" data-lazy-src=\"https:\/\/numero.com\/wp-content\/uploads\/2026\/07\/paris-hilton-karl-lagerfeld-automne-hiver-2026.jpg\"><img decoding=\"async\" src=\"https:\/\/numero.com\/wp-content\/uploads\/2026\/07\/paris-hilton-karl-lagerfeld-automne-hiver-2026.jpg\" alt=\"Paris Hilton avec un ensemble noir de tailleur dans la nouvelle campagne Karl Lagerfeld automne-hiver 2026-2027.\"><\/p>\n<div class=\"number\">01<\/div>\n<\/p><\/div>\n<div class=\"card-info\">\n<div class=\"meta d-flex justify-content-between\">\n<p class=\"cat-title\">Mode<\/p>\n<p class=\"date\">\n\t\t\t\t\t\t\t\t\t\t\t\t\t\t1 sept 2026\t\t\t\t\t\t\t\t\t\t\t\t\t<\/p>\n<\/p><\/div>\n<div class=\"post-title\">Paris Hilton, star de la nouvelle campagne Karl Lagerfeld<\/div>\n<\/p><\/div>\n<p>\t\t\t\t\t\t\t\t\t\t<\/a>\n\t\t\t\t\t\t\t\t\t<\/div>\n<div class=\"post-card mobile\">\n\t\t\t\t\t\t\t\t\t\t<a class=\"post-link d-flex\" href=\"https:\/\/numero.com\/mode\/paris-hilton-campagne-karl-lagerfeld\/\"><\/p>\n<div class=\"container-img\">\n\t\t\t\t\t\t\t\t\t\t\t\t<img loading=\"lazy\" decoding=\"async\" width=\"640\" height=\"961\" src=\"\/\/www.w3.org\/2000\/svg&apos;%20viewBox=&apos;0%200%20640%20961&apos;%3E%3C\/svg%3E\" class=\"img-fluid\" alt=\"Paris Hilton avec un ensemble noir de tailleur dans la nouvelle campagne Karl Lagerfeld automne-hiver 2026-2027.\" data-lazy-src=\"https:\/\/numero.com\/wp-content\/uploads\/2026\/07\/paris-hilton-karl-lagerfeld-automne-hiver-2026.jpg\"><img decoding=\"async\" width=\"640\" height=\"961\" src=\"https:\/\/numero.com\/wp-content\/uploads\/2026\/07\/paris-hilton-karl-lagerfeld-automne-hiver-2026.jpg\" class=\"img-fluid\" alt=\"Paris Hilton avec un ensemble noir de tailleur dans la nouvelle campagne Karl Lagerfeld automne-hiver 2026-2027.\" loading=\"lazy\">\t\t\t\t\t\t\t\t\t\t\t\t<\/p>\n<div class=\"number\">01<\/div>\n<\/p><\/div>\n<div class=\"card-info d-flex\">\n<div>\n<p class=\"cat-title\">Mode<\/p>\n<h3 class=\"post-title\">Paris Hilton, star de la nouvelle campagne Karl Lagerfeld<\/h3>\n<\/p><\/div>\n<p class=\"date\">\n\t\t\t\t\t\t\t\t\t\t\t\t\t1 sept 2026\t\t\t\t\t\t\t\t\t\t\t\t<\/p>\n<\/p><\/div>\n<p>\t\t\t\t\t\t\t\t\t\t<\/a>\n\t\t\t\t\t\t\t\t\t<\/div>\n<\/p><\/div>\n<div class=\"col-lg-3\">\n<div class=\"post-card desktop\">\n\t\t\t\t\t\t\t\t\t\t<a class=\"post-link\" href=\"https:\/\/numero.com\/culture\/cinema\/mostra-de-venise-2026-maggie-gyllenhaal\/\"><\/p>\n<div class=\"container-img\">\n<p>                                                <img decoding=\"async\" src=\"\/\/www.w3.org\/2000\/svg&apos;%20viewBox=&apos;0%200%200%200&apos;%3E%3C\/svg%3E\" alt=\"Penelope Cruz lors du 79e festival du film de Venise, le 4 septembre 2022.\" data-lazy-src=\"https:\/\/numero.com\/wp-content\/uploads\/2026\/07\/thumb-mostra-de-venise-penelope-cruz-.jpg\"><img decoding=\"async\" src=\"https:\/\/numero.com\/wp-content\/uploads\/2026\/07\/thumb-mostra-de-venise-penelope-cruz-.jpg\" alt=\"Penelope Cruz lors du 79e festival du film de Venise, le 4 septembre 2022.\"><\/p>\n<div class=\"number\">31<\/div>\n<\/p><\/div>\n<div class=\"card-info\">\n<div class=\"meta d-flex justify-content-between\">\n<p class=\"cat-title\">Cin\u00e9ma<\/p>\n<p class=\"date\">\n\t\t\t\t\t\t\t\t\t\t\t\t\t\t31 ao\u00fbt 2026\t\t\t\t\t\t\t\t\t\t\t\t\t<\/p>\n<\/p><\/div>\n<div class=\"post-title\">Mostra de Venise 2026 : tout ce que l\u2019on sait sur la nouvelle \u00e9dition du festival<\/div>\n<\/p><\/div>\n<p>\t\t\t\t\t\t\t\t\t\t<\/a>\n\t\t\t\t\t\t\t\t\t<\/div>\n<div class=\"post-card mobile\">\n\t\t\t\t\t\t\t\t\t\t<a class=\"post-link d-flex\" href=\"https:\/\/numero.com\/culture\/cinema\/mostra-de-venise-2026-maggie-gyllenhaal\/\"><\/p>\n<div class=\"container-img\">\n\t\t\t\t\t\t\t\t\t\t\t\t<img loading=\"lazy\" decoding=\"async\" width=\"640\" height=\"804\" src=\"\/\/www.w3.org\/2000\/svg&apos;%20viewBox=&apos;0%200%20640%20804&apos;%3E%3C\/svg%3E\" class=\"img-fluid\" alt=\"Penelope Cruz lors du 79e festival du film de Venise, le 4 septembre 2022.\" data-lazy-src=\"https:\/\/numero.com\/wp-content\/uploads\/2026\/07\/thumb-mostra-de-venise-penelope-cruz--768x965.jpg\"><img decoding=\"async\" width=\"640\" height=\"804\" src=\"https:\/\/numero.com\/wp-content\/uploads\/2026\/07\/thumb-mostra-de-venise-penelope-cruz--768x965.jpg\" class=\"img-fluid\" alt=\"Penelope Cruz lors du 79e festival du film de Venise, le 4 septembre 2022.\" loading=\"lazy\">\t\t\t\t\t\t\t\t\t\t\t\t<\/p>\n<div class=\"number\">31<\/div>\n<\/p><\/div>\n<div class=\"card-info d-flex\">\n<div>\n<p class=\"cat-title\">Cin\u00e9ma<\/p>\n<h3 class=\"post-title\">Mostra de Venise 2026 : tout ce que l\u2019on sait sur la nouvelle \u00e9dition du festival<\/h3>\n<\/p><\/div>\n<p class=\"date\">\n\t\t\t\t\t\t\t\t\t\t\t\t\t31 ao\u00fbt 2026\t\t\t\t\t\t\t\t\t\t\t\t<\/p>\n<\/p><\/div>\n<p>\t\t\t\t\t\t\t\t\t\t<\/a>\n\t\t\t\t\t\t\t\t\t<\/div>\n<\/p><\/div>\n<div class=\"col-lg-3\">\n<div class=\"post-card desktop\">\n\t\t\t\t\t\t\t\t\t\t<a class=\"post-link\" href=\"https:\/\/numero.com\/culture\/musique\/angele-justice-album\/\"><\/p>\n<div class=\"container-img\">\n<p>                                                <img decoding=\"async\" src=\"\/\/www.w3.org\/2000\/svg&apos;%20viewBox=&apos;0%200%200%200&apos;%3E%3C\/svg%3E\" alt data-lazy-src=\"https:\/\/numero.com\/wp-content\/uploads\/2026\/06\/thumb-angele-justice-album-instinct-chanteuse-musique.jpg\"><img decoding=\"async\" src=\"https:\/\/numero.com\/wp-content\/uploads\/2026\/06\/thumb-angele-justice-album-instinct-chanteuse-musique.jpg\" alt><\/p>\n<div class=\"number\">28<\/div>\n<\/p><\/div>\n<div class=\"card-info\">\n<div class=\"meta d-flex justify-content-between\">\n<p class=\"cat-title\">Musique<\/p>\n<p class=\"date\">\n\t\t\t\t\t\t\t\t\t\t\t\t\t\t28 ao\u00fbt 2026\t\t\t\t\t\t\t\t\t\t\t\t\t<\/p>\n<\/p><\/div>\n<div class=\"post-title\">Tout ce que l\u2019on sait du troisi\u00e8me album d\u2019Ang\u00e8le<\/div>\n<\/p><\/div>\n<p>\t\t\t\t\t\t\t\t\t\t<\/a>\n\t\t\t\t\t\t\t\t\t<\/div>\n<div class=\"post-card mobile\">\n\t\t\t\t\t\t\t\t\t\t<a class=\"post-link d-flex\" href=\"https:\/\/numero.com\/culture\/musique\/angele-justice-album\/\"><\/p>\n<div class=\"container-img\">\n\t\t\t\t\t\t\t\t\t\t\t\t<img loading=\"lazy\" decoding=\"async\" width=\"640\" height=\"804\" src=\"\/\/www.w3.org\/2000\/svg&apos;%20viewBox=&apos;0%200%20640%20804&apos;%3E%3C\/svg%3E\" class=\"img-fluid\" alt data-lazy-src=\"https:\/\/numero.com\/wp-content\/uploads\/2026\/06\/thumb-angele-justice-album-instinct-chanteuse-musique-768x965.jpg\"><img decoding=\"async\" width=\"640\" height=\"804\" src=\"https:\/\/numero.com\/wp-content\/uploads\/2026\/06\/thumb-angele-justice-album-instinct-chanteuse-musique-768x965.jpg\" class=\"img-fluid\" alt loading=\"lazy\">\t\t\t\t\t\t\t\t\t\t\t\t<\/p>\n<div class=\"number\">28<\/div>\n<\/p><\/div>\n<div class=\"card-info d-flex\">\n<div>\n<p class=\"cat-title\">Musique<\/p>\n<h3 class=\"post-title\">Tout ce que l\u2019on sait du troisi\u00e8me album d\u2019Ang\u00e8le<\/h3>\n<\/p><\/div>\n<p class=\"date\">\n\t\t\t\t\t\t\t\t\t\t\t\t\t28 ao\u00fbt 2026\t\t\t\t\t\t\t\t\t\t\t\t<\/p>\n<\/p><\/div>\n<p>\t\t\t\t\t\t\t\t\t\t<\/a>\n\t\t\t\t\t\t\t\t\t<\/div>\n<\/p><\/div>\n<div class=\"col-lg-3\">\n<div class=\"post-card desktop\">\n\t\t\t\t\t\t\t\t\t\t<a class=\"post-link\" href=\"https:\/\/numero.com\/culture\/cinema\/the-brigands-of-rattlecreek-pedro-pascal\/\"><\/p>\n<div class=\"container-img\">\n<p>                                                <img decoding=\"async\" src=\"\/\/www.w3.org\/2000\/svg&apos;%20viewBox=&apos;0%200%200%200&apos;%3E%3C\/svg%3E\" alt=\"Pedro Pascal au Festival de Cannes 2025. \u00a9 Victor Boyko\/Getty Images.\" data-lazy-src=\"https:\/\/numero.com\/wp-content\/uploads\/2026\/05\/Pedro-Pascal-au-Festival-de-Cannes-2025-2.png\"><img decoding=\"async\" src=\"https:\/\/numero.com\/wp-content\/uploads\/2026\/05\/Pedro-Pascal-au-Festival-de-Cannes-2025-2.png\" alt=\"Pedro Pascal au Festival de Cannes 2025. \u00a9 Victor Boyko\/Getty Images.\"><\/p>\n<div class=\"number\">26<\/div>\n<\/p><\/div>\n<div class=\"card-info\">\n<div class=\"meta d-flex justify-content-between\">\n<p class=\"cat-title\">Cin\u00e9ma<\/p>\n<p class=\"date\">\n\t\t\t\t\t\t\t\t\t\t\t\t\t\t26 ao\u00fbt 2026\t\t\t\t\t\t\t\t\t\t\t\t\t<\/p>\n<\/p><\/div>\n<div class=\"post-title\">Quel projet fou r\u00e9unira Pedro Pascal, Austin Butler et Ad\u00e8le Exarchopoulos ?<\/div>\n<\/p><\/div>\n<p>\t\t\t\t\t\t\t\t\t\t<\/a>\n\t\t\t\t\t\t\t\t\t<\/div>\n<div class=\"post-card mobile\">\n\t\t\t\t\t\t\t\t\t\t<a class=\"post-link d-flex\" href=\"https:\/\/numero.com\/culture\/cinema\/the-brigands-of-rattlecreek-pedro-pascal\/\"><\/p>\n<div class=\"container-img\">\n\t\t\t\t\t\t\t\t\t\t\t\t<img loading=\"lazy\" decoding=\"async\" width=\"640\" height=\"804\" src=\"\/\/www.w3.org\/2000\/svg&apos;%20viewBox=&apos;0%200%20640%20804&apos;%3E%3C\/svg%3E\" class=\"img-fluid\" alt=\"Pedro Pascal au Festival de Cannes 2025. \u00a9 Victor Boyko\/Getty Images.\" data-lazy-src=\"https:\/\/numero.com\/wp-content\/uploads\/2026\/05\/Pedro-Pascal-au-Festival-de-Cannes-2025-2-768x965.png\"><img decoding=\"async\" width=\"640\" height=\"804\" src=\"https:\/\/numero.com\/wp-content\/uploads\/2026\/05\/Pedro-Pascal-au-Festival-de-Cannes-2025-2-768x965.png\" class=\"img-fluid\" alt=\"Pedro Pascal au Festival de Cannes 2025. \u00a9 Victor Boyko\/Getty Images.\" loading=\"lazy\">\t\t\t\t\t\t\t\t\t\t\t\t<\/p>\n<div class=\"number\">26<\/div>\n<\/p><\/div>\n<div class=\"card-info d-flex\">\n<div>\n<p class=\"cat-title\">Cin\u00e9ma<\/p>\n<h3 class=\"post-title\">Quel projet fou r\u00e9unira Pedro Pascal, Austin Butler et Ad\u00e8le Exarchopoulos ?<\/h3>\n<\/p><\/div>\n<p class=\"date\">\n\t\t\t\t\t\t\t\t\t\t\t\t\t26 ao\u00fbt 2026\t\t\t\t\t\t\t\t\t\t\t\t<\/p>\n<\/p><\/div>\n<p>\t\t\t\t\t\t\t\t\t\t<\/a>\n\t\t\t\t\t\t\t\t\t<\/div>\n<\/p><\/div>\n<\/p><\/div>\n<\/p><\/div>\n<\/section>\n<div class=\"padding-bottom-s\">\n<div class=\"ad banner desktop\">\n<div class=\"container\">\n<div class=\"row\">\n            <!-- \/21730003857\/numero-ad-unit\/numero-banner-1 --><\/p>\n<div class=\"ad-responsive\">\n<div id=\"div-gpt-ad-1773673267712-0\" class=\"ads-pub\">\n<p>                        googletag.cmd.push(function () {<br \/>\n                            googletag.display(&#8216;div-gpt-ad-1773673267712-0&#8217;);<br \/>\n                        });<\/p><\/div>\n<\/p><\/div>\n<\/p><\/div>\n<\/p><\/div>\n<\/div><\/div>\n<\/p><\/div>\n","protected":false},"excerpt":{"rendered":"<p>2 2 googletag.cmd.push(function () { googletag.display(&#8216;div-gpt-ad-1773673590069-0&#8217;); }); Lien copi\u00e9 Cin\u00e9ma 2 sept 2026 Faut-il (re)voir le biopic-uppercut Smashing Machine ? Le 1er septembre 2025, c\u2019est un Dwayne Johnson m\u00e9connaissable qui a \u00e9mu la Mostra de Venise. Lors de la projection de Smashing Machine, premier film solo de Benny Safdie (sans son fr\u00e8re Josh), l\u2019acteur a [&hellip;]<\/p>\n","protected":false},"author":1,"featured_media":0,"comment_status":"open","ping_status":"","sticky":false,"template":"","format":"standard","meta":{"footnotes":""},"categories":[1],"tags":[226,258],"class_list":["post-2123703","post","type-post","status-publish","format-standard","hentry","category-uncategorized","tag-crawlmanager","tag-numero-com"],"_links":{"self":[{"href":"https:\/\/analyse.optim.biz\/index.php?rest_route=\/wp\/v2\/posts\/2123703","targetHints":{"allow":["GET"]}}],"collection":[{"href":"https:\/\/analyse.optim.biz\/index.php?rest_route=\/wp\/v2\/posts"}],"about":[{"href":"https:\/\/analyse.optim.biz\/index.php?rest_route=\/wp\/v2\/types\/post"}],"author":[{"embeddable":true,"href":"https:\/\/analyse.optim.biz\/index.php?rest_route=\/wp\/v2\/users\/1"}],"replies":[{"embeddable":true,"href":"https:\/\/analyse.optim.biz\/index.php?rest_route=%2Fwp%2Fv2%2Fcomments&post=2123703"}],"version-history":[{"count":0,"href":"https:\/\/analyse.optim.biz\/index.php?rest_route=\/wp\/v2\/posts\/2123703\/revisions"}],"wp:attachment":[{"href":"https:\/\/analyse.optim.biz\/index.php?rest_route=%2Fwp%2Fv2%2Fmedia&parent=2123703"}],"wp:term":[{"taxonomy":"category","embeddable":true,"href":"https:\/\/analyse.optim.biz\/index.php?rest_route=%2Fwp%2Fv2%2Fcategories&post=2123703"},{"taxonomy":"post_tag","embeddable":true,"href":"https:\/\/analyse.optim.biz\/index.php?rest_route=%2Fwp%2Fv2%2Ftags&post=2123703"}],"curies":[{"name":"wp","href":"https:\/\/api.w.org\/{rel}","templated":true}]}}