{"id":212370,"date":"2014-02-14T18:15:22","date_gmt":"2014-02-14T15:15:22","guid":{"rendered":"https:\/\/analyse.optim.biz\/?p=212370"},"modified":"2014-02-14T18:15:22","modified_gmt":"2014-02-14T15:15:22","slug":"daniel-constantin-practic-am-fost-fortati-sa-iesim-din-acd-pentru-ca-nu-a-existat-respectul-cuvenit","status":"publish","type":"post","link":"https:\/\/analyse.optim.biz\/?p=212370","title":{"rendered":"Daniel Constantin: Practic, am fost for\u0163a\u0163i s\u0103 ie\u015fim din ACD, pentru c\u0103 nu a existat respectul cuvenit"},"content":{"rendered":"<div class=\"entry data-app-meta data-app-meta-article\" data-embed-base-url-canonical=\"https:\/\/www.digi24.ro\/embed\/stiri\/actualitate\/politica\/daniel-constantin-practic-am-fost-fortati-sa-iesim-din-acd-pentru-ca-nu-a-existat-respectul-cuvenit-200598\">\n<p data-index=\"1\"><img decoding=\"async\" src=\"https:\/\/analyse.optim.biz\/wp-content\/uploads\/2024\/09\/m2zlmde1zgmwzdgyzti5mteynwi1owe0otc2mdc-thumb_.jpg\" data-skip-htmlfix=\"1\" title=\"m2zlmde1zgmwzdgyzti5mteynwi1owe0otc2mdc-thumb_\"><\/p>\n<p data-index=\"2\"><em><strong>Daniel Constantin \/ Foto: Mediafax<\/strong><\/em><\/p>\n<p data-index=\"3\">\u201eNu noi am fost cei care am vrut s\u0103 plec\u0103m din ACD. Prin ac\u0163iunile pe care le-au f\u0103cut, practic ne-au for\u0163at s\u0103 ie\u015fim. Uita\u0163i-v\u0103 doar pe protocolul pe care l-am dat ieri publicit\u0103\u0163ii, c\u00e2nd eram recunoscu\u0163i \u00een 2012 ca av\u00e2nd dreptul la 10 la sut\u0103 din func\u0163iile guvernamentale.\u00a0Cred c\u0103 avem doi la sut\u0103 din func\u0163iile guvernamentale. PNL, \u00een loc de 40 la sut\u0103, cred c\u0103 are 48 la sut\u0103. Dar, m\u0103 rog, lucrurile astea sunt mai pu\u0163in importante\u201d, a spus , \u00eentr-o conferin\u0163\u0103 de pres\u0103 la Ploie\u015fti, <strong>Daniel Constantin<\/strong>, citat de corespondentul Mediafax.<\/p>\n<p data-index=\"4\">\u201eNiciodat\u0103, chiar dac\u0103 nu a fost respectat acel protocol, nu am ie\u015fit \u015fi am spus: ne rupem de PNL din cauza acestor lucruri. Nu. Ne-am rupt de PNL pentru c\u0103 nu a existat respectul cuvenit. \u0218i nu m\u0103 refer la to\u0163i liderii, m\u0103 refer la un num\u0103r mic de lideri de acolo care au avut aceast\u0103 atitudine\u201d<span>, a ad\u0103ugat Daniel Constantin. <\/span><\/p>\n<p data-index=\"5\">Pre\u015fedintele PC a men\u0163ionat c\u0103 are o rela\u0163ie \u201edeosebit\u0103\u201d cu mul\u0163i dintre membrii PNL, \u015fi de la centru, \u015fi din teritoriu, \u015fi din Guvern, \u015fi consider\u0103 c\u0103 \u00een PNL sunt \u201eoameni deosebi\u0163i\u201d.<\/p>\n<\/div>\n<p> Source URL: https:\/\/www.digi24.ro\/stiri\/actualitate\/politica\/daniel-constantin-practic-am-fost-fortati-sa-iesim-din-acd-pentru-ca-nu-a-existat-respectul-cuvenit-200598<\/p>\n","protected":false},"excerpt":{"rendered":"<p>Daniel Constantin \/ Foto: Mediafax \u201eNu noi am fost cei care am vrut s\u0103 plec\u0103m din ACD. Prin ac\u0163iunile pe care le-au f\u0103cut, practic ne-au for\u0163at s\u0103 ie\u015fim. Uita\u0163i-v\u0103 doar pe protocolul pe care l-am dat ieri publicit\u0103\u0163ii, c\u00e2nd eram recunoscu\u0163i \u00een 2012 ca av\u00e2nd dreptul la 10 la sut\u0103 din func\u0163iile guvernamentale.\u00a0Cred c\u0103 avem [&hellip;]<\/p>\n","protected":false},"author":1,"featured_media":212371,"comment_status":"open","ping_status":"","sticky":false,"template":"","format":"standard","meta":{"footnotes":""},"categories":[2],"tags":[11],"class_list":["post-212370","post","type-post","status-publish","format-standard","has-post-thumbnail","hentry","category-politics","tag-digi24"],"_links":{"self":[{"href":"https:\/\/analyse.optim.biz\/index.php?rest_route=\/wp\/v2\/posts\/212370","targetHints":{"allow":["GET"]}}],"collection":[{"href":"https:\/\/analyse.optim.biz\/index.php?rest_route=\/wp\/v2\/posts"}],"about":[{"href":"https:\/\/analyse.optim.biz\/index.php?rest_route=\/wp\/v2\/types\/post"}],"author":[{"embeddable":true,"href":"https:\/\/analyse.optim.biz\/index.php?rest_route=\/wp\/v2\/users\/1"}],"replies":[{"embeddable":true,"href":"https:\/\/analyse.optim.biz\/index.php?rest_route=%2Fwp%2Fv2%2Fcomments&post=212370"}],"version-history":[{"count":0,"href":"https:\/\/analyse.optim.biz\/index.php?rest_route=\/wp\/v2\/posts\/212370\/revisions"}],"wp:featuredmedia":[{"embeddable":true,"href":"https:\/\/analyse.optim.biz\/index.php?rest_route=\/wp\/v2\/media\/212371"}],"wp:attachment":[{"href":"https:\/\/analyse.optim.biz\/index.php?rest_route=%2Fwp%2Fv2%2Fmedia&parent=212370"}],"wp:term":[{"taxonomy":"category","embeddable":true,"href":"https:\/\/analyse.optim.biz\/index.php?rest_route=%2Fwp%2Fv2%2Fcategories&post=212370"},{"taxonomy":"post_tag","embeddable":true,"href":"https:\/\/analyse.optim.biz\/index.php?rest_route=%2Fwp%2Fv2%2Ftags&post=212370"}],"curies":[{"name":"wp","href":"https:\/\/api.w.org\/{rel}","templated":true}]}}