{"id":2123689,"date":"2026-08-31T10:38:46","date_gmt":"2026-08-31T07:38:46","guid":{"rendered":"https:\/\/analyse.optim.biz\/?p=2123689"},"modified":"2026-08-31T10:38:46","modified_gmt":"2026-08-31T07:38:46","slug":"noi-fonduri-pentru-reabilitarea-blocurilor-din-caransebes","status":"publish","type":"post","link":"https:\/\/analyse.optim.biz\/?p=2123689","title":{"rendered":"Noi fonduri pentru reabilitarea blocurilor din Caransebe\u0219"},"content":{"rendered":"<p>[analyse_image type=&#8221;featured&#8221; src=&#8221;https:\/\/cdn.expressdebanat.ro\/wp-content\/uploads\/2026\/08\/randare-blocurbi-caransebes.jpeg&#8221;]<\/p>\n<div id=\"post-area\" class=\"post-982087 post type-post status-publish format-standard has-post-thumbnail hentry category-administratie category-caransebes category-caras tag-adr-vest tag-blocuri-reabilitate-caransebes tag-nou-contract-semnat tag-primaria-caransebes\">\n<div id=\"social-box\">\n<ul class=\"post-social\">\n<li class=\"social-share-button\">\n<li class=\"social-share-button\">\n<li class=\"social-share-button\"><\/ul>\n<\/div>\n<div id=\"content-area\">\n<div class=\"post-image\"><img loading=\"lazy\" decoding=\"async\" width=\"620\" height=\"400\" src=\"https:\/\/cdn.expressdebanat.ro\/wp-content\/uploads\/2026\/08\/randare-blocurbi-caransebes-620x400.jpeg\" class=\"attachment-post-thumb size-post-thumb wp-post-image perfmatters-lazy\" alt=\"randare blocurbi caransebes\"><img loading=\"lazy\" decoding=\"async\" width=\"620\" height=\"400\" src=\"https:\/\/cdn.expressdebanat.ro\/wp-content\/uploads\/2026\/08\/randare-blocurbi-caransebes-620x400.jpeg\" class=\"attachment-post-thumb size-post-thumb wp-post-image\" alt=\"randare blocurbi caransebes\"><\/div>\n<div class=\"podmk6a97c2773bae5\"><a href=\"https:\/\/www.facebook.com\/clinicavestmed\"><img loading=\"lazy\" decoding=\"async\" class=\"size-full wp-image-961300 perfmatters-lazy\" src=\"https:\/\/cdn.expressdebanat.ro\/wp-content\/uploads\/2026\/02\/WhatsApp-Image-2026-02-03-at-11.55.13.jpeg\" alt=\"vestmed 1000x200\" width=\"1000\" height=\"200\"><img loading=\"lazy\" decoding=\"async\" class=\"size-full wp-image-961300\" src=\"https:\/\/cdn.expressdebanat.ro\/wp-content\/uploads\/2026\/02\/WhatsApp-Image-2026-02-03-at-11.55.13.jpeg\" alt=\"vestmed 1000x200\" width=\"1000\" height=\"200\"><\/a><a href=\"https:\/\/www.cei.ro\/\" target=\"_blank\" rel=\"noopener noreferrer sponsored ugc\" title=\"Publicitate in ziar online Express de Banat, \u0218tiri din Timi\u0219oara \u0219i Re\u0219i\u021ba\"><source data-srcset=\"https:\/\/cdn.expressdebanat.ro\/wp-content\/uploads\/2020\/11\/1000-100.webp \" type=\"image\/webp\" \/><\/a><\/div>\n<p><strong>Un nou contract de finan\u021bare pentru reabilitarea energetic\u0103 a blocurilor din municipiul de pe Timi\u0219 \u0219i Sebe\u0219 a fost semnat \u00eentre reprezentan\u021bii Prim\u0103riei Caransebe\u0219 \u0219i cei ai Agen\u021biei pentru Dezvoltare Regional\u0103 Vest.<\/strong><\/p>\n<p>De aceast\u0103 dat\u0103, documentul parafat, zilele trecute, \u00eentre cele dou\u0103 entit\u0103\u021bi vizeaz\u0103 alocarea fondurilor europene necesare pentru reabilitarea altor dou\u0103 blocuri din ora\u0219. Este vorba despre blocurile 3 \u0219i 5 de pe Strada Splaiul Sebe\u0219ului, care beneficiaz\u0103 de o finan\u021bare de peste \u0219apte milioane de lei.<\/p>\n<p>Potrivit Prim\u0103riei Caransebe\u0219, lucr\u0103rile care urmeaz\u0103 a se realiza au \u00een vedere: izolarea termica a fa\u021badelor, acoperi\u0219urilor \u0219i a plan\u0219eelor; instalarea de sisteme de producere a energiei din surse regenerabile, montarea de panouri solare fotovoltaice pe acoperi\u0219urile blocurilor, modernizarea instala\u021biilor de iluminat, prin \u00eenlocuirea corpurilor existente cu becuri LED eficiente energetic, dar \u0219i crearea de facilit\u0103\u021bi pentru persoanele cu dizabilit\u0103\u021bi, asigur\u00e2nd o infrastructur\u0103 accesibil\u0103 \u00een cadrul cl\u0103dirilor reabilitate.<\/p>\n<p>Valoarea total\u0103 a proiectului dep\u0103\u0219e\u0219te 7,3 milioane de lei, cu TVA inclus, durata contractului fiind de 15 luni.<\/p>\n<p>Reamintim c\u0103 \u00een ultimele trei luni, administra\u021bia local\u0103 din Caransebe\u0219 a semnat cu ADR Vest contracte de finan\u021bare pentru alte investi\u021bii similare.<\/p>\n<p><strong><span>CITE\u0218TE \u0218I: <a href=\"https:\/\/expressdebanat.ro\/peste-11-milioane-de-lei-pentru-reabilitarea-energetica-a-doua-blocuri-din-caransebes\/\" rel=\"ugc \">Peste 11 milioane de lei pentru reabilitarea energetic\u0103 a dou\u0103 blocuri din Caransebe\u0219<\/a><\/span><\/strong><\/p>\n<div class=\"yxkmj6a97c2773bb78\"><a href=\"https:\/\/www.facebook.com\/profile.php?id=100093207818602\" target=\"_blank\" title=\"Stiri Timisoara si Resita Publicitate online\" rel=\"noopener nofollow ugc sponsored\"><img loading=\"lazy\" decoding=\"async\" class=\"size-full wp-image-843025 perfmatters-lazy\" src=\"https:\/\/cdn.expressdebanat.ro\/wp-content\/uploads\/2024\/07\/WhatsApp-Image-2024-07-05-at-14.36.18.jpeg\" alt=\"Stiri Timisoara si Resita publicitate online dacus 05 iulie 2024\" width=\"1000\" height=\"100\"><img loading=\"lazy\" decoding=\"async\" class=\"size-full wp-image-843025\" src=\"https:\/\/cdn.expressdebanat.ro\/wp-content\/uploads\/2024\/07\/WhatsApp-Image-2024-07-05-at-14.36.18.jpeg\" alt=\"Stiri Timisoara si Resita publicitate online dacus 05 iulie 2024\" width=\"1000\" height=\"100\"><\/a><a href=\"https:\/\/www.brantner.com\/en\/group\/international-locations\/romania\/brantner-servicii-ecoogice-srl-resita.html\" target=\"_blank\" title=\"Stiri Timisoara si Resita Publicitate online\" rel=\"noopener nofollow ugc sponsored\"><img loading=\"lazy\" decoding=\"async\" class=\"size-full wp-image-804798 perfmatters-lazy\" src=\"https:\/\/cdn.expressdebanat.ro\/wp-content\/uploads\/2024\/02\/WhatsApp-Image-2024-02-05-at-11.32.01.jpeg\" alt=\"Stiri Timisoara Publicitate online Brantner 1000x100px\" width=\"970\" height=\"90\"><img loading=\"lazy\" decoding=\"async\" class=\"size-full wp-image-804798\" src=\"https:\/\/cdn.expressdebanat.ro\/wp-content\/uploads\/2024\/02\/WhatsApp-Image-2024-02-05-at-11.32.01.jpeg\" alt=\"Stiri Timisoara Publicitate online Brantner 1000x100px\" width=\"970\" height=\"90\"><\/a><\/div>\n<p><span><strong>CITE\u0218TE \u0218I: <a href=\"https:\/\/expressdebanat.ro\/vin-fonduri-noi-pentru-reabilitarea-blocurilor-din-caransebes\/\" rel=\"ugc \"><span class=\"current\">Vin fonduri noi pentru reabilitarea blocurilor din Caransebe\u0219<\/span><\/a><\/strong><\/span><\/p>\n<p><strong><span>CITE\u0218TE \u0218I: <a href=\"https:\/\/expressdebanat.ro\/inca-doua-blocuri-din-caransebes-intra-in-reabilitare-energetica\/\" rel=\"ugc \">\u00cenc\u0103 dou\u0103 blocuri din Caransebe\u0219 intr\u0103 \u00een reabilitare energetic\u0103<\/a><\/span><\/strong><\/p>\n<p><strong><span>CITE\u0218TE \u0218I:<a href=\"https:\/\/expressdebanat.ro\/sapte-milioane-de-lei-pentru-reabilitarea-a-doua-blocuri-din-caransebes\/\" rel=\"ugc \"> \u0218apte milioane de lei pentru reabilitarea a dou\u0103 blocuri din Caransebe\u0219<\/a><\/span><\/strong><\/p>\n<p><span><strong>CITE\u0218TE \u0218I: <a href=\"https:\/\/expressdebanat.ro\/start-pentru-reabilitarea-termica-a-blocurilor-din-caransebes\/\" rel=\"ugc \">Start pentru reabilitarea termic\u0103 a blocurilor din Caransebe\u0219!<\/a><\/strong><\/span><\/p>\n<div class=\"adjqi6a97c2773bbd6\"><a href=\"https:\/\/maxagro.ro\/\" target=\"_blank\" rel=\"noopener noreferrer sponsored ugc\" title=\"Stiri Timisoara si Resita Promovare online in Express de Banat\"><img loading=\"lazy\" decoding=\"async\" width=\"1500\" height=\"300\" class=\"size-full wp-image-752850 perfmatters-lazy\" src=\"https:\/\/cdn.expressdebanat.ro\/wp-content\/uploads\/2023\/05\/banner-maxagro.jpg\" alt=\"stiri Timisoara publicitate si promovare online banner maxagro\"><img loading=\"lazy\" decoding=\"async\" width=\"1500\" height=\"300\" class=\"size-full wp-image-752850\" src=\"https:\/\/cdn.expressdebanat.ro\/wp-content\/uploads\/2023\/05\/banner-maxagro.jpg\" alt=\"stiri Timisoara publicitate si promovare online banner maxagro\"><\/a><\/div>\n<\/div>\n<div id=\"social-box\">\n<ul class=\"post-social\">\n<li class=\"fb-line\">\n<li><a href=\"http:\/\/twitter.com\/share\" class=\"twitter-share-button\" data-lang=\"en\" data-count=\"horizontal\">Tweet<\/a><\/li>\n<li>\n<li><a href=\"http:\/\/pinterest.com\/pin\/create\/button\/?url=https%3A%2F%2Fexpressdebanat.ro%2Fnoi-fonduri-pentru-reabilitarea-blocurilor-din-caransebes%2F&amp;media=https:\/\/cdn.expressdebanat.ro\/wp-content\/uploads\/2026\/08\/randare-blocurbi-caransebes.jpeg&amp;description=Noi%20fonduri%20pentru%20reabilitarea%20blocurilor%20din%20Caransebe%C8%99\" class=\"pin-it-button\">Pin It<\/a><\/li>\n<\/ul>\n<\/div>\n<\/div>\n<div id=\"content-area\">\n<div class=\"post-image\"><img loading=\"lazy\" decoding=\"async\" width=\"620\" height=\"400\" src=\"https:\/\/cdn.expressdebanat.ro\/wp-content\/uploads\/2026\/08\/randare-blocurbi-caransebes-620x400.jpeg\" class=\"attachment-post-thumb size-post-thumb wp-post-image perfmatters-lazy\" alt=\"randare blocurbi caransebes\"><img loading=\"lazy\" decoding=\"async\" width=\"620\" height=\"400\" src=\"https:\/\/cdn.expressdebanat.ro\/wp-content\/uploads\/2026\/08\/randare-blocurbi-caransebes-620x400.jpeg\" class=\"attachment-post-thumb size-post-thumb wp-post-image\" alt=\"randare blocurbi caransebes\"><\/div>\n<div class=\"podmk6a97c2773bae5\"><a href=\"https:\/\/www.facebook.com\/clinicavestmed\"><img loading=\"lazy\" decoding=\"async\" class=\"size-full wp-image-961300 perfmatters-lazy\" src=\"https:\/\/cdn.expressdebanat.ro\/wp-content\/uploads\/2026\/02\/WhatsApp-Image-2026-02-03-at-11.55.13.jpeg\" alt=\"vestmed 1000x200\" width=\"1000\" height=\"200\"><img loading=\"lazy\" decoding=\"async\" class=\"size-full wp-image-961300\" src=\"https:\/\/cdn.expressdebanat.ro\/wp-content\/uploads\/2026\/02\/WhatsApp-Image-2026-02-03-at-11.55.13.jpeg\" alt=\"vestmed 1000x200\" width=\"1000\" height=\"200\"><\/a><a href=\"https:\/\/www.cei.ro\/\" target=\"_blank\" rel=\"noopener noreferrer sponsored ugc\" title=\"Publicitate in ziar online Express de Banat, \u0218tiri din Timi\u0219oara \u0219i Re\u0219i\u021ba\"><source data-srcset=\"https:\/\/cdn.expressdebanat.ro\/wp-content\/uploads\/2020\/11\/1000-100.webp \" type=\"image\/webp\" \/><\/a><\/div>\n<p><strong>Un nou contract de finan\u021bare pentru reabilitarea energetic\u0103 a blocurilor din municipiul de pe Timi\u0219 \u0219i Sebe\u0219 a fost semnat \u00eentre reprezentan\u021bii Prim\u0103riei Caransebe\u0219 \u0219i cei ai Agen\u021biei pentru Dezvoltare Regional\u0103 Vest.<\/strong><\/p>\n<p>De aceast\u0103 dat\u0103, documentul parafat, zilele trecute, \u00eentre cele dou\u0103 entit\u0103\u021bi vizeaz\u0103 alocarea fondurilor europene necesare pentru reabilitarea altor dou\u0103 blocuri din ora\u0219. Este vorba despre blocurile 3 \u0219i 5 de pe Strada Splaiul Sebe\u0219ului, care beneficiaz\u0103 de o finan\u021bare de peste \u0219apte milioane de lei.<\/p>\n<p>Potrivit Prim\u0103riei Caransebe\u0219, lucr\u0103rile care urmeaz\u0103 a se realiza au \u00een vedere: izolarea termica a fa\u021badelor, acoperi\u0219urilor \u0219i a plan\u0219eelor; instalarea de sisteme de producere a energiei din surse regenerabile, montarea de panouri solare fotovoltaice pe acoperi\u0219urile blocurilor, modernizarea instala\u021biilor de iluminat, prin \u00eenlocuirea corpurilor existente cu becuri LED eficiente energetic, dar \u0219i crearea de facilit\u0103\u021bi pentru persoanele cu dizabilit\u0103\u021bi, asigur\u00e2nd o infrastructur\u0103 accesibil\u0103 \u00een cadrul cl\u0103dirilor reabilitate.<\/p>\n<p>Valoarea total\u0103 a proiectului dep\u0103\u0219e\u0219te 7,3 milioane de lei, cu TVA inclus, durata contractului fiind de 15 luni.<\/p>\n<p>Reamintim c\u0103 \u00een ultimele trei luni, administra\u021bia local\u0103 din Caransebe\u0219 a semnat cu ADR Vest contracte de finan\u021bare pentru alte investi\u021bii similare.<\/p>\n<p><strong><span>CITE\u0218TE \u0218I: <a href=\"https:\/\/expressdebanat.ro\/peste-11-milioane-de-lei-pentru-reabilitarea-energetica-a-doua-blocuri-din-caransebes\/\" rel=\"ugc \">Peste 11 milioane de lei pentru reabilitarea energetic\u0103 a dou\u0103 blocuri din Caransebe\u0219<\/a><\/span><\/strong><\/p>\n<div class=\"yxkmj6a97c2773bb78\"><a href=\"https:\/\/www.facebook.com\/profile.php?id=100093207818602\" target=\"_blank\" title=\"Stiri Timisoara si Resita Publicitate online\" rel=\"noopener nofollow ugc sponsored\"><img loading=\"lazy\" decoding=\"async\" class=\"size-full wp-image-843025 perfmatters-lazy\" src=\"https:\/\/cdn.expressdebanat.ro\/wp-content\/uploads\/2024\/07\/WhatsApp-Image-2024-07-05-at-14.36.18.jpeg\" alt=\"Stiri Timisoara si Resita publicitate online dacus 05 iulie 2024\" width=\"1000\" height=\"100\"><img loading=\"lazy\" decoding=\"async\" class=\"size-full wp-image-843025\" src=\"https:\/\/cdn.expressdebanat.ro\/wp-content\/uploads\/2024\/07\/WhatsApp-Image-2024-07-05-at-14.36.18.jpeg\" alt=\"Stiri Timisoara si Resita publicitate online dacus 05 iulie 2024\" width=\"1000\" height=\"100\"><\/a><a href=\"https:\/\/www.brantner.com\/en\/group\/international-locations\/romania\/brantner-servicii-ecoogice-srl-resita.html\" target=\"_blank\" title=\"Stiri Timisoara si Resita Publicitate online\" rel=\"noopener nofollow ugc sponsored\"><img loading=\"lazy\" decoding=\"async\" class=\"size-full wp-image-804798 perfmatters-lazy\" src=\"https:\/\/cdn.expressdebanat.ro\/wp-content\/uploads\/2024\/02\/WhatsApp-Image-2024-02-05-at-11.32.01.jpeg\" alt=\"Stiri Timisoara Publicitate online Brantner 1000x100px\" width=\"970\" height=\"90\"><img loading=\"lazy\" decoding=\"async\" class=\"size-full wp-image-804798\" src=\"https:\/\/cdn.expressdebanat.ro\/wp-content\/uploads\/2024\/02\/WhatsApp-Image-2024-02-05-at-11.32.01.jpeg\" alt=\"Stiri Timisoara Publicitate online Brantner 1000x100px\" width=\"970\" height=\"90\"><\/a><\/div>\n<p><span><strong>CITE\u0218TE \u0218I: <a href=\"https:\/\/expressdebanat.ro\/vin-fonduri-noi-pentru-reabilitarea-blocurilor-din-caransebes\/\" rel=\"ugc \"><span class=\"current\">Vin fonduri noi pentru reabilitarea blocurilor din Caransebe\u0219<\/span><\/a><\/strong><\/span><\/p>\n<p><strong><span>CITE\u0218TE \u0218I: <a href=\"https:\/\/expressdebanat.ro\/inca-doua-blocuri-din-caransebes-intra-in-reabilitare-energetica\/\" rel=\"ugc \">\u00cenc\u0103 dou\u0103 blocuri din Caransebe\u0219 intr\u0103 \u00een reabilitare energetic\u0103<\/a><\/span><\/strong><\/p>\n<p><strong><span>CITE\u0218TE \u0218I:<a href=\"https:\/\/expressdebanat.ro\/sapte-milioane-de-lei-pentru-reabilitarea-a-doua-blocuri-din-caransebes\/\" rel=\"ugc \"> \u0218apte milioane de lei pentru reabilitarea a dou\u0103 blocuri din Caransebe\u0219<\/a><\/span><\/strong><\/p>\n<p><span><strong>CITE\u0218TE \u0218I: <a href=\"https:\/\/expressdebanat.ro\/start-pentru-reabilitarea-termica-a-blocurilor-din-caransebes\/\" rel=\"ugc \">Start pentru reabilitarea termic\u0103 a blocurilor din Caransebe\u0219!<\/a><\/strong><\/span><\/p>\n<div class=\"adjqi6a97c2773bbd6\"><a href=\"https:\/\/maxagro.ro\/\" target=\"_blank\" rel=\"noopener noreferrer sponsored ugc\" title=\"Stiri Timisoara si Resita Promovare online in Express de Banat\"><img loading=\"lazy\" decoding=\"async\" width=\"1500\" height=\"300\" class=\"size-full wp-image-752850 perfmatters-lazy\" src=\"https:\/\/cdn.expressdebanat.ro\/wp-content\/uploads\/2023\/05\/banner-maxagro.jpg\" alt=\"stiri Timisoara publicitate si promovare online banner maxagro\"><img loading=\"lazy\" decoding=\"async\" width=\"1500\" height=\"300\" class=\"size-full wp-image-752850\" src=\"https:\/\/cdn.expressdebanat.ro\/wp-content\/uploads\/2023\/05\/banner-maxagro.jpg\" alt=\"stiri Timisoara publicitate si promovare online banner maxagro\"><\/a><\/div>\n<\/div>\n<p>[analyse_source url=&#8221;https:\/\/expressdebanat.ro\/noi-fonduri-pentru-reabilitarea-blocurilor-din-caransebes\/&#8221;]<\/p>\n","protected":false},"excerpt":{"rendered":"<p>[analyse_image type=&#8221;featured&#8221; src=&#8221;https:\/\/cdn.expressdebanat.ro\/wp-content\/uploads\/2026\/08\/randare-blocurbi-caransebes.jpeg&#8221;] Un nou contract de finan\u021bare pentru reabilitarea energetic\u0103 a blocurilor din municipiul de pe Timi\u0219 \u0219i Sebe\u0219 a fost semnat \u00eentre reprezentan\u021bii Prim\u0103riei Caransebe\u0219 \u0219i cei ai Agen\u021biei pentru Dezvoltare Regional\u0103 Vest. De aceast\u0103 dat\u0103, documentul parafat, zilele trecute, \u00eentre cele dou\u0103 entit\u0103\u021bi vizeaz\u0103 alocarea fondurilor europene necesare pentru reabilitarea altor dou\u0103 [&hellip;]<\/p>\n","protected":false},"author":1,"featured_media":0,"comment_status":"open","ping_status":"","sticky":false,"template":"","format":"standard","meta":{"footnotes":""},"categories":[89],"tags":[226,196],"class_list":["post-2123689","post","type-post","status-publish","format-standard","hentry","category-romania","tag-crawlmanager","tag-expressdebanat-ro"],"_links":{"self":[{"href":"https:\/\/analyse.optim.biz\/index.php?rest_route=\/wp\/v2\/posts\/2123689","targetHints":{"allow":["GET"]}}],"collection":[{"href":"https:\/\/analyse.optim.biz\/index.php?rest_route=\/wp\/v2\/posts"}],"about":[{"href":"https:\/\/analyse.optim.biz\/index.php?rest_route=\/wp\/v2\/types\/post"}],"author":[{"embeddable":true,"href":"https:\/\/analyse.optim.biz\/index.php?rest_route=\/wp\/v2\/users\/1"}],"replies":[{"embeddable":true,"href":"https:\/\/analyse.optim.biz\/index.php?rest_route=%2Fwp%2Fv2%2Fcomments&post=2123689"}],"version-history":[{"count":0,"href":"https:\/\/analyse.optim.biz\/index.php?rest_route=\/wp\/v2\/posts\/2123689\/revisions"}],"wp:attachment":[{"href":"https:\/\/analyse.optim.biz\/index.php?rest_route=%2Fwp%2Fv2%2Fmedia&parent=2123689"}],"wp:term":[{"taxonomy":"category","embeddable":true,"href":"https:\/\/analyse.optim.biz\/index.php?rest_route=%2Fwp%2Fv2%2Fcategories&post=2123689"},{"taxonomy":"post_tag","embeddable":true,"href":"https:\/\/analyse.optim.biz\/index.php?rest_route=%2Fwp%2Fv2%2Ftags&post=2123689"}],"curies":[{"name":"wp","href":"https:\/\/api.w.org\/{rel}","templated":true}]}}