{"id":2123688,"date":"2026-08-31T09:08:24","date_gmt":"2026-08-31T06:08:24","guid":{"rendered":"https:\/\/analyse.optim.biz\/?p=2123688"},"modified":"2026-08-31T09:08:24","modified_gmt":"2026-08-31T06:08:24","slug":"unul-dintre-cele-mai-mari-parcuri-fotovoltaice-din-judet-se-construieste-la-maureni","status":"publish","type":"post","link":"https:\/\/analyse.optim.biz\/?p=2123688","title":{"rendered":"Unul dintre cele mai mari parcuri fotovoltaice din jude\u021b se construie\u0219te la M\u0103ureni"},"content":{"rendered":"<p>[analyse_image type=&#8221;featured&#8221; src=&#8221;https:\/\/cdn.expressdebanat.ro\/wp-content\/uploads\/2023\/08\/parc_fotovoltaic_resita.jpghttps:\/\/cdn.expressdebanat.ro\/wp-content\/uploads\/2026\/08\/discutii_investitori_maureni.jpeg&#8221;]<\/p>\n<div id=\"post-area\" class=\"post-982068 post type-post status-publish format-standard has-post-thumbnail hentry category-administratie category-bocsa category-caras tag-investitor-strain tag-parc-fotovoltaic-maureni tag-portugalia tag-primar-brian-filimon\">\n<div id=\"social-box\">\n<ul class=\"post-social\">\n<li class=\"social-share-button\">\n<li class=\"social-share-button\">\n<li class=\"social-share-button\"><\/ul>\n<\/div>\n<div id=\"content-area\">\n<div class=\"post-image\"><img loading=\"lazy\" decoding=\"async\" width=\"620\" height=\"400\" src=\"https:\/\/cdn.expressdebanat.ro\/wp-content\/uploads\/2023\/08\/parc_fotovoltaic_resita-620x400.jpg\" class=\"attachment-post-thumb size-post-thumb wp-post-image perfmatters-lazy\" alt=\"parc_fotovotaic\"><img loading=\"lazy\" decoding=\"async\" width=\"620\" height=\"400\" src=\"https:\/\/cdn.expressdebanat.ro\/wp-content\/uploads\/2023\/08\/parc_fotovoltaic_resita-620x400.jpg\" class=\"attachment-post-thumb size-post-thumb wp-post-image\" alt=\"parc_fotovotaic\"><\/div>\n<div class=\"aldhm6a97b8a98e648\"><a href=\"https:\/\/www.facebook.com\/clinicavestmed\"><img loading=\"lazy\" decoding=\"async\" class=\"size-full wp-image-961300 perfmatters-lazy\" src=\"https:\/\/cdn.expressdebanat.ro\/wp-content\/uploads\/2026\/02\/WhatsApp-Image-2026-02-03-at-11.55.13.jpeg\" alt=\"vestmed 1000x200\" width=\"1000\" height=\"200\"><img loading=\"lazy\" decoding=\"async\" class=\"size-full wp-image-961300\" src=\"https:\/\/cdn.expressdebanat.ro\/wp-content\/uploads\/2026\/02\/WhatsApp-Image-2026-02-03-at-11.55.13.jpeg\" alt=\"vestmed 1000x200\" width=\"1000\" height=\"200\"><\/a><a href=\"https:\/\/www.cei.ro\/\" target=\"_blank\" rel=\"noopener noreferrer sponsored ugc\" title=\"Publicitate in ziar online Express de Banat, \u0218tiri din Timi\u0219oara \u0219i Re\u0219i\u021ba\"><source data-srcset=\"https:\/\/cdn.expressdebanat.ro\/wp-content\/uploads\/2020\/11\/1000-100.webp \" type=\"image\/webp\" \/><\/a><\/div>\n<p><strong>Un parc fotovoltaic cu o capacitate de peste 50 MW va fi construit \u00eentre localit\u0103\u021bile M\u0103ureni \u0219i \u0218o\u0219dea din Cara\u0219-Severin. Lucr\u0103rile sunt programate s\u0103 \u00eenceap\u0103 \u00een aceast\u0103 toamn\u0103.<\/strong><\/p>\n<p>Unul dintre cele mai importante proiecte din domeniul energiei regenerabile din Cara\u0219-Severin urmeaz\u0103 s\u0103 fie realizat \u00een comuna M\u0103ureni. Un investitor din Portugalia va construi un parc fotovoltaic cu o capacitate de peste 50 MW, proiectul incluz\u00e2nd \u0219i o baterie de stocare de aproape 50 MW, conform administra\u021biei locale.<\/p>\n<p>Lucr\u0103rile sunt programate s\u0103 demareze \u00een luna octombrie, pe un teren situat \u00eentre localit\u0103\u021bile M\u0103ureni \u0219i \u0218o\u0219dea, potrivit primarului Brian Filimon.<\/p>\n<div id=\"attachment_982071\" class=\"wp-caption alignnone\"><img loading=\"lazy\" decoding=\"async\" aria-describedby=\"caption-attachment-982071\" class=\"size-full wp-image-982071 perfmatters-lazy\" src=\"https:\/\/cdn.expressdebanat.ro\/wp-content\/uploads\/2026\/08\/discutii_investitori_maureni.jpeg\" alt=\"discutii investitori maureni\" width=\"2048\" height=\"1536\"><img loading=\"lazy\" decoding=\"async\" aria-describedby=\"caption-attachment-982071\" class=\"size-full wp-image-982071\" src=\"https:\/\/cdn.expressdebanat.ro\/wp-content\/uploads\/2026\/08\/discutii_investitori_maureni.jpeg\" alt=\"discutii investitori maureni\" width=\"2048\" height=\"1536\"><\/p>\n<p id=\"caption-attachment-982071\" class=\"wp-caption-text\">Discu\u021biile legate de viitorul proiect s-au purtat deja la Prim\u0103ria M\u0103ureni<\/p>\n<div class=\"hcqqv6a97b8a98e6ca\"><a href=\"https:\/\/www.facebook.com\/profile.php?id=100093207818602\" target=\"_blank\" title=\"Stiri Timisoara si Resita Publicitate online\" rel=\"noopener nofollow ugc sponsored\"><img loading=\"lazy\" decoding=\"async\" class=\"size-full wp-image-843025 perfmatters-lazy\" src=\"https:\/\/cdn.expressdebanat.ro\/wp-content\/uploads\/2024\/07\/WhatsApp-Image-2024-07-05-at-14.36.18.jpeg\" alt=\"Stiri Timisoara si Resita publicitate online dacus 05 iulie 2024\" width=\"1000\" height=\"100\"><img loading=\"lazy\" decoding=\"async\" class=\"size-full wp-image-843025\" src=\"https:\/\/cdn.expressdebanat.ro\/wp-content\/uploads\/2024\/07\/WhatsApp-Image-2024-07-05-at-14.36.18.jpeg\" alt=\"Stiri Timisoara si Resita publicitate online dacus 05 iulie 2024\" width=\"1000\" height=\"100\"><\/a><a href=\"https:\/\/www.brantner.com\/en\/group\/international-locations\/romania\/brantner-servicii-ecoogice-srl-resita.html\" target=\"_blank\" title=\"Stiri Timisoara si Resita Publicitate online\" rel=\"noopener nofollow ugc sponsored\"><img loading=\"lazy\" decoding=\"async\" class=\"size-full wp-image-804798 perfmatters-lazy\" src=\"https:\/\/cdn.expressdebanat.ro\/wp-content\/uploads\/2024\/02\/WhatsApp-Image-2024-02-05-at-11.32.01.jpeg\" alt=\"Stiri Timisoara Publicitate online Brantner 1000x100px\" width=\"970\" height=\"90\"><img loading=\"lazy\" decoding=\"async\" class=\"size-full wp-image-804798\" src=\"https:\/\/cdn.expressdebanat.ro\/wp-content\/uploads\/2024\/02\/WhatsApp-Image-2024-02-05-at-11.32.01.jpeg\" alt=\"Stiri Timisoara Publicitate online Brantner 1000x100px\" width=\"970\" height=\"90\"><\/a><\/div>\n<\/div>\n<p>\u201e<em>A venit momentul \u00een care un investitor mare va construi unul dintre cele mai mari parcuri fotovoltaice din jude\u021b, de peste 50 MW, cu aproape 50 MW baterie de stocare. Constructorul este din Portugalia \u0219i sunt foarte profesioni\u0219ti, iar din luna octombrie \u00eencepe execu\u021bia \u00een teren\u201d,<\/em> a transmis primarul comunei M\u0103ureni.<\/p>\n<p>Filimon spune c\u0103 administra\u021bia local\u0103 este deschis\u0103 investi\u021biilor care pot contribui la dezvoltarea comunei \u0219i la crearea unor noi oportunit\u0103\u021bi pentru comunitatea local\u0103.<\/p>\n<p>\u201e<em>Ne bucur\u0103m c\u0103 a \u00eenceput s\u0103 existe interes din partea dezvoltatorilor. Suntem c\u00e2t se poate de deschi\u0219i \u00een aceast\u0103 privin\u021b\u0103 \u0219i \u00eei vom sus\u021bine pe to\u021bi cei care opteaz\u0103 s\u0103 investeasc\u0103 la noi \u00een comunitate\u201d,<\/em> a mai precizat edilul.<\/p>\n<div class=\"mugos6a97b8a98e724\"><a href=\"https:\/\/maxagro.ro\/\" target=\"_blank\" rel=\"noopener noreferrer sponsored ugc\" title=\"Stiri Timisoara si Resita Promovare online in Express de Banat\"><img loading=\"lazy\" decoding=\"async\" width=\"1500\" height=\"300\" class=\"size-full wp-image-752850 perfmatters-lazy\" src=\"https:\/\/cdn.expressdebanat.ro\/wp-content\/uploads\/2023\/05\/banner-maxagro.jpg\" alt=\"stiri Timisoara publicitate si promovare online banner maxagro\"><img loading=\"lazy\" decoding=\"async\" width=\"1500\" height=\"300\" class=\"size-full wp-image-752850\" src=\"https:\/\/cdn.expressdebanat.ro\/wp-content\/uploads\/2023\/05\/banner-maxagro.jpg\" alt=\"stiri Timisoara publicitate si promovare online banner maxagro\"><\/a><\/div>\n<\/div>\n<div id=\"social-box\">\n<ul class=\"post-social\">\n<li class=\"fb-line\">\n<li><a href=\"http:\/\/twitter.com\/share\" class=\"twitter-share-button\" data-lang=\"en\" data-count=\"horizontal\">Tweet<\/a><\/li>\n<li>\n<li><a href=\"http:\/\/pinterest.com\/pin\/create\/button\/?url=https%3A%2F%2Fexpressdebanat.ro%2Funul-dintre-cele-mai-mari-parcuri-fotovoltaice-din-judet-se-construieste-la-maureni%2F&amp;media=https:\/\/cdn.expressdebanat.ro\/wp-content\/uploads\/2023\/08\/parc_fotovoltaic_resita.jpg&amp;description=Unul%20dintre%20cele%20mai%20mari%20parcuri%20fotovoltaice%20din%20jude%C8%9B%20se%20construie%C8%99te%20la%20M%C4%83ureni\" class=\"pin-it-button\">Pin It<\/a><\/li>\n<\/ul>\n<\/div>\n<\/div>\n<div id=\"content-area\">\n<div class=\"post-image\"><img loading=\"lazy\" decoding=\"async\" width=\"620\" height=\"400\" src=\"https:\/\/cdn.expressdebanat.ro\/wp-content\/uploads\/2023\/08\/parc_fotovoltaic_resita-620x400.jpg\" class=\"attachment-post-thumb size-post-thumb wp-post-image perfmatters-lazy\" alt=\"parc_fotovotaic\"><img loading=\"lazy\" decoding=\"async\" width=\"620\" height=\"400\" src=\"https:\/\/cdn.expressdebanat.ro\/wp-content\/uploads\/2023\/08\/parc_fotovoltaic_resita-620x400.jpg\" class=\"attachment-post-thumb size-post-thumb wp-post-image\" alt=\"parc_fotovotaic\"><\/div>\n<div class=\"aldhm6a97b8a98e648\"><a href=\"https:\/\/www.facebook.com\/clinicavestmed\"><img loading=\"lazy\" decoding=\"async\" class=\"size-full wp-image-961300 perfmatters-lazy\" src=\"https:\/\/cdn.expressdebanat.ro\/wp-content\/uploads\/2026\/02\/WhatsApp-Image-2026-02-03-at-11.55.13.jpeg\" alt=\"vestmed 1000x200\" width=\"1000\" height=\"200\"><img loading=\"lazy\" decoding=\"async\" class=\"size-full wp-image-961300\" src=\"https:\/\/cdn.expressdebanat.ro\/wp-content\/uploads\/2026\/02\/WhatsApp-Image-2026-02-03-at-11.55.13.jpeg\" alt=\"vestmed 1000x200\" width=\"1000\" height=\"200\"><\/a><a href=\"https:\/\/www.cei.ro\/\" target=\"_blank\" rel=\"noopener noreferrer sponsored ugc\" title=\"Publicitate in ziar online Express de Banat, \u0218tiri din Timi\u0219oara \u0219i Re\u0219i\u021ba\"><source data-srcset=\"https:\/\/cdn.expressdebanat.ro\/wp-content\/uploads\/2020\/11\/1000-100.webp \" type=\"image\/webp\" \/><\/a><\/div>\n<p><strong>Un parc fotovoltaic cu o capacitate de peste 50 MW va fi construit \u00eentre localit\u0103\u021bile M\u0103ureni \u0219i \u0218o\u0219dea din Cara\u0219-Severin. Lucr\u0103rile sunt programate s\u0103 \u00eenceap\u0103 \u00een aceast\u0103 toamn\u0103.<\/strong><\/p>\n<p>Unul dintre cele mai importante proiecte din domeniul energiei regenerabile din Cara\u0219-Severin urmeaz\u0103 s\u0103 fie realizat \u00een comuna M\u0103ureni. Un investitor din Portugalia va construi un parc fotovoltaic cu o capacitate de peste 50 MW, proiectul incluz\u00e2nd \u0219i o baterie de stocare de aproape 50 MW, conform administra\u021biei locale.<\/p>\n<p>Lucr\u0103rile sunt programate s\u0103 demareze \u00een luna octombrie, pe un teren situat \u00eentre localit\u0103\u021bile M\u0103ureni \u0219i \u0218o\u0219dea, potrivit primarului Brian Filimon.<\/p>\n<div id=\"attachment_982071\" class=\"wp-caption alignnone\"><img loading=\"lazy\" decoding=\"async\" aria-describedby=\"caption-attachment-982071\" class=\"size-full wp-image-982071 perfmatters-lazy\" src=\"https:\/\/cdn.expressdebanat.ro\/wp-content\/uploads\/2026\/08\/discutii_investitori_maureni.jpeg\" alt=\"discutii investitori maureni\" width=\"2048\" height=\"1536\"><img loading=\"lazy\" decoding=\"async\" aria-describedby=\"caption-attachment-982071\" class=\"size-full wp-image-982071\" src=\"https:\/\/cdn.expressdebanat.ro\/wp-content\/uploads\/2026\/08\/discutii_investitori_maureni.jpeg\" alt=\"discutii investitori maureni\" width=\"2048\" height=\"1536\"><\/p>\n<p id=\"caption-attachment-982071\" class=\"wp-caption-text\">Discu\u021biile legate de viitorul proiect s-au purtat deja la Prim\u0103ria M\u0103ureni<\/p>\n<div class=\"hcqqv6a97b8a98e6ca\"><a href=\"https:\/\/www.facebook.com\/profile.php?id=100093207818602\" target=\"_blank\" title=\"Stiri Timisoara si Resita Publicitate online\" rel=\"noopener nofollow ugc sponsored\"><img loading=\"lazy\" decoding=\"async\" class=\"size-full wp-image-843025 perfmatters-lazy\" src=\"https:\/\/cdn.expressdebanat.ro\/wp-content\/uploads\/2024\/07\/WhatsApp-Image-2024-07-05-at-14.36.18.jpeg\" alt=\"Stiri Timisoara si Resita publicitate online dacus 05 iulie 2024\" width=\"1000\" height=\"100\"><img loading=\"lazy\" decoding=\"async\" class=\"size-full wp-image-843025\" src=\"https:\/\/cdn.expressdebanat.ro\/wp-content\/uploads\/2024\/07\/WhatsApp-Image-2024-07-05-at-14.36.18.jpeg\" alt=\"Stiri Timisoara si Resita publicitate online dacus 05 iulie 2024\" width=\"1000\" height=\"100\"><\/a><a href=\"https:\/\/www.brantner.com\/en\/group\/international-locations\/romania\/brantner-servicii-ecoogice-srl-resita.html\" target=\"_blank\" title=\"Stiri Timisoara si Resita Publicitate online\" rel=\"noopener nofollow ugc sponsored\"><img loading=\"lazy\" decoding=\"async\" class=\"size-full wp-image-804798 perfmatters-lazy\" src=\"https:\/\/cdn.expressdebanat.ro\/wp-content\/uploads\/2024\/02\/WhatsApp-Image-2024-02-05-at-11.32.01.jpeg\" alt=\"Stiri Timisoara Publicitate online Brantner 1000x100px\" width=\"970\" height=\"90\"><img loading=\"lazy\" decoding=\"async\" class=\"size-full wp-image-804798\" src=\"https:\/\/cdn.expressdebanat.ro\/wp-content\/uploads\/2024\/02\/WhatsApp-Image-2024-02-05-at-11.32.01.jpeg\" alt=\"Stiri Timisoara Publicitate online Brantner 1000x100px\" width=\"970\" height=\"90\"><\/a><\/div>\n<\/div>\n<p>\u201e<em>A venit momentul \u00een care un investitor mare va construi unul dintre cele mai mari parcuri fotovoltaice din jude\u021b, de peste 50 MW, cu aproape 50 MW baterie de stocare. Constructorul este din Portugalia \u0219i sunt foarte profesioni\u0219ti, iar din luna octombrie \u00eencepe execu\u021bia \u00een teren\u201d,<\/em> a transmis primarul comunei M\u0103ureni.<\/p>\n<p>Filimon spune c\u0103 administra\u021bia local\u0103 este deschis\u0103 investi\u021biilor care pot contribui la dezvoltarea comunei \u0219i la crearea unor noi oportunit\u0103\u021bi pentru comunitatea local\u0103.<\/p>\n<p>\u201e<em>Ne bucur\u0103m c\u0103 a \u00eenceput s\u0103 existe interes din partea dezvoltatorilor. Suntem c\u00e2t se poate de deschi\u0219i \u00een aceast\u0103 privin\u021b\u0103 \u0219i \u00eei vom sus\u021bine pe to\u021bi cei care opteaz\u0103 s\u0103 investeasc\u0103 la noi \u00een comunitate\u201d,<\/em> a mai precizat edilul.<\/p>\n<div class=\"mugos6a97b8a98e724\"><a href=\"https:\/\/maxagro.ro\/\" target=\"_blank\" rel=\"noopener noreferrer sponsored ugc\" title=\"Stiri Timisoara si Resita Promovare online in Express de Banat\"><img loading=\"lazy\" decoding=\"async\" width=\"1500\" height=\"300\" class=\"size-full wp-image-752850 perfmatters-lazy\" src=\"https:\/\/cdn.expressdebanat.ro\/wp-content\/uploads\/2023\/05\/banner-maxagro.jpg\" alt=\"stiri Timisoara publicitate si promovare online banner maxagro\"><img loading=\"lazy\" decoding=\"async\" width=\"1500\" height=\"300\" class=\"size-full wp-image-752850\" src=\"https:\/\/cdn.expressdebanat.ro\/wp-content\/uploads\/2023\/05\/banner-maxagro.jpg\" alt=\"stiri Timisoara publicitate si promovare online banner maxagro\"><\/a><\/div>\n<\/div>\n<p>[analyse_source url=&#8221;https:\/\/expressdebanat.ro\/unul-dintre-cele-mai-mari-parcuri-fotovoltaice-din-judet-se-construieste-la-maureni\/&#8221;]<\/p>\n","protected":false},"excerpt":{"rendered":"<p>[analyse_image type=&#8221;featured&#8221; src=&#8221;https:\/\/cdn.expressdebanat.ro\/wp-content\/uploads\/2023\/08\/parc_fotovoltaic_resita.jpghttps:\/\/cdn.expressdebanat.ro\/wp-content\/uploads\/2026\/08\/discutii_investitori_maureni.jpeg&#8221;] Un parc fotovoltaic cu o capacitate de peste 50 MW va fi construit \u00eentre localit\u0103\u021bile M\u0103ureni \u0219i \u0218o\u0219dea din Cara\u0219-Severin. Lucr\u0103rile sunt programate s\u0103 \u00eenceap\u0103 \u00een aceast\u0103 toamn\u0103. Unul dintre cele mai importante proiecte din domeniul energiei regenerabile din Cara\u0219-Severin urmeaz\u0103 s\u0103 fie realizat \u00een comuna M\u0103ureni. Un investitor din Portugalia va [&hellip;]<\/p>\n","protected":false},"author":1,"featured_media":0,"comment_status":"open","ping_status":"","sticky":false,"template":"","format":"standard","meta":{"footnotes":""},"categories":[89],"tags":[226,196],"class_list":["post-2123688","post","type-post","status-publish","format-standard","hentry","category-romania","tag-crawlmanager","tag-expressdebanat-ro"],"_links":{"self":[{"href":"https:\/\/analyse.optim.biz\/index.php?rest_route=\/wp\/v2\/posts\/2123688","targetHints":{"allow":["GET"]}}],"collection":[{"href":"https:\/\/analyse.optim.biz\/index.php?rest_route=\/wp\/v2\/posts"}],"about":[{"href":"https:\/\/analyse.optim.biz\/index.php?rest_route=\/wp\/v2\/types\/post"}],"author":[{"embeddable":true,"href":"https:\/\/analyse.optim.biz\/index.php?rest_route=\/wp\/v2\/users\/1"}],"replies":[{"embeddable":true,"href":"https:\/\/analyse.optim.biz\/index.php?rest_route=%2Fwp%2Fv2%2Fcomments&post=2123688"}],"version-history":[{"count":0,"href":"https:\/\/analyse.optim.biz\/index.php?rest_route=\/wp\/v2\/posts\/2123688\/revisions"}],"wp:attachment":[{"href":"https:\/\/analyse.optim.biz\/index.php?rest_route=%2Fwp%2Fv2%2Fmedia&parent=2123688"}],"wp:term":[{"taxonomy":"category","embeddable":true,"href":"https:\/\/analyse.optim.biz\/index.php?rest_route=%2Fwp%2Fv2%2Fcategories&post=2123688"},{"taxonomy":"post_tag","embeddable":true,"href":"https:\/\/analyse.optim.biz\/index.php?rest_route=%2Fwp%2Fv2%2Ftags&post=2123688"}],"curies":[{"name":"wp","href":"https:\/\/api.w.org\/{rel}","templated":true}]}}