{"id":2123687,"date":"2026-08-29T15:59:30","date_gmt":"2026-08-29T12:59:30","guid":{"rendered":"https:\/\/analyse.optim.biz\/?p=2123687"},"modified":"2026-08-29T15:59:30","modified_gmt":"2026-08-29T12:59:30","slug":"popa-demonteaza-acuzatiile-ecologistilor-zona-este-antropizata-de-zeci-de-ani-nu-distrugem-natura","status":"publish","type":"post","link":"https:\/\/analyse.optim.biz\/?p=2123687","title":{"rendered":"Popa demonteaz\u0103 acuza\u021biile ecologi\u0219tilor: \u201eZona este antropizat\u0103 de zeci de ani, nu distrugem natura!\u201d"},"content":{"rendered":"<p>[analyse_image type=&#8221;featured&#8221; src=&#8221;https:\/\/cdn.expressdebanat.ro\/wp-content\/uploads\/2026\/08\/Ioan-Popa-2.jpeg&#8221;]<\/p>\n<div id=\"post-area\" class=\"post-981895 post type-post status-publish format-standard has-post-thumbnail hentry category-administratie category-caras category-resita category-turism tag-agent-green tag-articol-principal tag-domeniul-turistic-semenic tag-express-de-banat tag-important tag-primarul-ioan-popa\">\n<div id=\"social-box\">\n<ul class=\"post-social\">\n<li class=\"social-share-button\">\n<li class=\"social-share-button\">\n<li class=\"social-share-button\"><\/ul>\n<\/div>\n<div id=\"content-area\">\n<div class=\"post-image\"><img loading=\"lazy\" decoding=\"async\" width=\"620\" height=\"400\" src=\"https:\/\/cdn.expressdebanat.ro\/wp-content\/uploads\/2026\/08\/Ioan-Popa-2-620x400.jpeg\" class=\"attachment-post-thumb size-post-thumb wp-post-image perfmatters-lazy\" alt=\"ioan popa\"><img loading=\"lazy\" decoding=\"async\" width=\"620\" height=\"400\" src=\"https:\/\/cdn.expressdebanat.ro\/wp-content\/uploads\/2026\/08\/Ioan-Popa-2-620x400.jpeg\" class=\"attachment-post-thumb size-post-thumb wp-post-image\" alt=\"ioan popa\"><\/div>\n<p><strong>Primarul municipiului Re\u0219i\u021ba, Ioan Popa, respinge acuza\u021biile legate de impactul ecologic al noului proiect de dezvoltare turistic\u0103 de pe muntele Semenic, calific\u00e2nd reac\u021biile recente din spa\u021biul public drept nefondate.<\/strong><\/p>\n<p>Edilul a explicat c\u0103 proiectul este preg\u0103tit de peste un deceniu \u0219i a trecut prin toate filtrele institu\u021bionale necesare, inclusiv dezbateri publice \u0219i evalu\u0103ri riguroase la Agen\u021bia pentru Protec\u021bia Mediului.<\/p>\n<p>\u200b\u201e<em>Acest proiect a parcurs absolut to\u021bi pa\u0219ii necesari. Lucr\u0103m la el de peste 10 ani. Eu, personal, am fost la Agen\u021bia de Mediu \u00een c\u00e2teva \u00eent\u00e2lniri, \u00een c\u00e2teva dezbateri publice care au fost anun\u021bate, au fost mediatizate, au fost discutate\u2026 a fost discutat impactul pe care ar putea s\u0103-l aib\u0103 asupra mediului \u00een zona respectiv\u0103.<\/em>\u201d, a declarat Ioan Popa, primarul Re\u0219i\u021bei.<\/p>\n<p>Unul dintre argumentele principale aduse de administra\u021bia local\u0103 este faptul c\u0103 viitoarea telegondol\u0103 nu afecteaz\u0103 zone naturale intacte, ci utilizeaz\u0103 un culoar deschis de c\u00e2teva decenii, c\u00e2nd a fost amenajat primul telescaun din \u021bar\u0103.<\/p>\n<p>\u200b\u201e<em>Cel mai important \u0219i esen\u021bial punct aici este c\u0103 aceast\u0103 gondol\u0103 \u0219i acest areal are loc pe fostul traseu al primului telescaun din Rom\u00e2nia. Adic\u0103, acolo, \u00een interiorul Parcului Na\u021bional Semenic, era o zon\u0103 de dezvoltare durabil\u0103 care a fost antropizat\u0103. Acolo oamenii deja au avut \u0219i exist\u0103 activit\u0103\u021bi de zeci de ani. Deci, nu vorbim de ceva nou.<\/em>\u201d, puncteaz\u0103 edilul.<\/p>\n<h3>Nimeni nu a reclamat ruina Semenicului, dar contest\u0103 dezvoltarea<\/h3>\n<p>Referindu-se direct la contesta\u021biile formulate \u00een spa\u021biul public, inclusiv cele venite din partea activistului de mediu Gabriel P\u0103un (Agent Green), Ioan Popa consider\u0103 c\u0103 situa\u021bia a fost exagerat\u0103 \u0219i atrage aten\u021bia asupra degrad\u0103rii reale a sta\u021biunii din ultimii zeci de ani, care nu a st\u00e2rnit acela\u0219i interes.<\/p>\n<p>\u200b\u201e<em>Cred c\u0103 s-a creat o furtun\u0103 \u00eentr-un pahar cu ap\u0103. [\u2026] Cert este c\u0103 \u0219i eu sunt un iubitor de natur\u0103 \u0219i mie \u00eemi place s\u0103 protej\u0103m natura, dar noi vorbim aici despre un loc care a fost antropizat, \u00een care s-au \u00eent\u00e2mplat lucruri, exist\u0103 hotelurile de pe Semenic care sunt \u00een paragin\u0103. Adic\u0103, culmea, nimeni n-a venit s\u0103 fac\u0103 repro\u0219uri vizavi de ce s-a \u00eent\u00e2mplat \u0219i cum s-a ruinat toat\u0103 sta\u021biunea Semenic, \u0219i acuma, c\u00e2nd \u00eencerc\u0103m s\u0103 facem ceva, s\u0103 vin\u0103 aceste remarci\u2026 le consider nelalocul lor.<\/em>\u201d, a explicat primarul Re\u0219i\u021bei.<\/p>\n<p>Ioan Popa a concluzionat ferm c\u0103 lucrurile nu vor fi blocate: \u201e<em>Proiectul merge \u00eenainte, ne vedem de treab\u0103, nu-i nicio problem\u0103.<\/em>\u201d<\/p>\n<\/div>\n<div id=\"social-box\">\n<ul class=\"post-social\">\n<li class=\"fb-line\">\n<li><a href=\"http:\/\/twitter.com\/share\" class=\"twitter-share-button\" data-lang=\"en\" data-count=\"horizontal\">Tweet<\/a><\/li>\n<li>\n<li><a href=\"http:\/\/pinterest.com\/pin\/create\/button\/?url=https%3A%2F%2Fexpressdebanat.ro%2Fpopa-demonteaza-acuzatiile-ecologistilor-zona-este-antropizata-de-zeci-de-ani-nu-distrugem-natura%2F&amp;media=https:\/\/cdn.expressdebanat.ro\/wp-content\/uploads\/2026\/08\/Ioan-Popa-2.jpeg&amp;description=Popa%20demonteaz%C4%83%20acuza%C8%9Biile%20ecologi%C8%99tilor:%20%E2%80%9EZona%20este%20antropizat%C4%83%20de%20zeci%20de%20ani,%20nu%20distrugem%20natura!%E2%80%9D\" class=\"pin-it-button\">Pin It<\/a><\/li>\n<\/ul>\n<\/div>\n<\/div>\n<div id=\"content-area\">\n<div class=\"post-image\"><img loading=\"lazy\" decoding=\"async\" width=\"620\" height=\"400\" src=\"https:\/\/cdn.expressdebanat.ro\/wp-content\/uploads\/2026\/08\/Ioan-Popa-2-620x400.jpeg\" class=\"attachment-post-thumb size-post-thumb wp-post-image perfmatters-lazy\" alt=\"ioan popa\"><img loading=\"lazy\" decoding=\"async\" width=\"620\" height=\"400\" src=\"https:\/\/cdn.expressdebanat.ro\/wp-content\/uploads\/2026\/08\/Ioan-Popa-2-620x400.jpeg\" class=\"attachment-post-thumb size-post-thumb wp-post-image\" alt=\"ioan popa\"><\/div>\n<p><strong>Primarul municipiului Re\u0219i\u021ba, Ioan Popa, respinge acuza\u021biile legate de impactul ecologic al noului proiect de dezvoltare turistic\u0103 de pe muntele Semenic, calific\u00e2nd reac\u021biile recente din spa\u021biul public drept nefondate.<\/strong><\/p>\n<p>Edilul a explicat c\u0103 proiectul este preg\u0103tit de peste un deceniu \u0219i a trecut prin toate filtrele institu\u021bionale necesare, inclusiv dezbateri publice \u0219i evalu\u0103ri riguroase la Agen\u021bia pentru Protec\u021bia Mediului.<\/p>\n<p>\u200b\u201e<em>Acest proiect a parcurs absolut to\u021bi pa\u0219ii necesari. Lucr\u0103m la el de peste 10 ani. Eu, personal, am fost la Agen\u021bia de Mediu \u00een c\u00e2teva \u00eent\u00e2lniri, \u00een c\u00e2teva dezbateri publice care au fost anun\u021bate, au fost mediatizate, au fost discutate\u2026 a fost discutat impactul pe care ar putea s\u0103-l aib\u0103 asupra mediului \u00een zona respectiv\u0103.<\/em>\u201d, a declarat Ioan Popa, primarul Re\u0219i\u021bei.<\/p>\n<p>Unul dintre argumentele principale aduse de administra\u021bia local\u0103 este faptul c\u0103 viitoarea telegondol\u0103 nu afecteaz\u0103 zone naturale intacte, ci utilizeaz\u0103 un culoar deschis de c\u00e2teva decenii, c\u00e2nd a fost amenajat primul telescaun din \u021bar\u0103.<\/p>\n<p>\u200b\u201e<em>Cel mai important \u0219i esen\u021bial punct aici este c\u0103 aceast\u0103 gondol\u0103 \u0219i acest areal are loc pe fostul traseu al primului telescaun din Rom\u00e2nia. Adic\u0103, acolo, \u00een interiorul Parcului Na\u021bional Semenic, era o zon\u0103 de dezvoltare durabil\u0103 care a fost antropizat\u0103. Acolo oamenii deja au avut \u0219i exist\u0103 activit\u0103\u021bi de zeci de ani. Deci, nu vorbim de ceva nou.<\/em>\u201d, puncteaz\u0103 edilul.<\/p>\n<h3>Nimeni nu a reclamat ruina Semenicului, dar contest\u0103 dezvoltarea<\/h3>\n<p>Referindu-se direct la contesta\u021biile formulate \u00een spa\u021biul public, inclusiv cele venite din partea activistului de mediu Gabriel P\u0103un (Agent Green), Ioan Popa consider\u0103 c\u0103 situa\u021bia a fost exagerat\u0103 \u0219i atrage aten\u021bia asupra degrad\u0103rii reale a sta\u021biunii din ultimii zeci de ani, care nu a st\u00e2rnit acela\u0219i interes.<\/p>\n<p>\u200b\u201e<em>Cred c\u0103 s-a creat o furtun\u0103 \u00eentr-un pahar cu ap\u0103. [\u2026] Cert este c\u0103 \u0219i eu sunt un iubitor de natur\u0103 \u0219i mie \u00eemi place s\u0103 protej\u0103m natura, dar noi vorbim aici despre un loc care a fost antropizat, \u00een care s-au \u00eent\u00e2mplat lucruri, exist\u0103 hotelurile de pe Semenic care sunt \u00een paragin\u0103. Adic\u0103, culmea, nimeni n-a venit s\u0103 fac\u0103 repro\u0219uri vizavi de ce s-a \u00eent\u00e2mplat \u0219i cum s-a ruinat toat\u0103 sta\u021biunea Semenic, \u0219i acuma, c\u00e2nd \u00eencerc\u0103m s\u0103 facem ceva, s\u0103 vin\u0103 aceste remarci\u2026 le consider nelalocul lor.<\/em>\u201d, a explicat primarul Re\u0219i\u021bei.<\/p>\n<p>Ioan Popa a concluzionat ferm c\u0103 lucrurile nu vor fi blocate: \u201e<em>Proiectul merge \u00eenainte, ne vedem de treab\u0103, nu-i nicio problem\u0103.<\/em>\u201d<\/p>\n<\/div>\n<p>[analyse_source url=&#8221;https:\/\/expressdebanat.ro\/popa-demonteaza-acuzatiile-ecologistilor-zona-este-antropizata-de-zeci-de-ani-nu-distrugem-natura\/&#8221;]<\/p>\n","protected":false},"excerpt":{"rendered":"<p>[analyse_image type=&#8221;featured&#8221; src=&#8221;https:\/\/cdn.expressdebanat.ro\/wp-content\/uploads\/2026\/08\/Ioan-Popa-2.jpeg&#8221;] Primarul municipiului Re\u0219i\u021ba, Ioan Popa, respinge acuza\u021biile legate de impactul ecologic al noului proiect de dezvoltare turistic\u0103 de pe muntele Semenic, calific\u00e2nd reac\u021biile recente din spa\u021biul public drept nefondate. Edilul a explicat c\u0103 proiectul este preg\u0103tit de peste un deceniu \u0219i a trecut prin toate filtrele institu\u021bionale necesare, inclusiv dezbateri publice \u0219i [&hellip;]<\/p>\n","protected":false},"author":1,"featured_media":0,"comment_status":"open","ping_status":"","sticky":false,"template":"","format":"standard","meta":{"footnotes":""},"categories":[89],"tags":[226,196],"class_list":["post-2123687","post","type-post","status-publish","format-standard","hentry","category-romania","tag-crawlmanager","tag-expressdebanat-ro"],"_links":{"self":[{"href":"https:\/\/analyse.optim.biz\/index.php?rest_route=\/wp\/v2\/posts\/2123687","targetHints":{"allow":["GET"]}}],"collection":[{"href":"https:\/\/analyse.optim.biz\/index.php?rest_route=\/wp\/v2\/posts"}],"about":[{"href":"https:\/\/analyse.optim.biz\/index.php?rest_route=\/wp\/v2\/types\/post"}],"author":[{"embeddable":true,"href":"https:\/\/analyse.optim.biz\/index.php?rest_route=\/wp\/v2\/users\/1"}],"replies":[{"embeddable":true,"href":"https:\/\/analyse.optim.biz\/index.php?rest_route=%2Fwp%2Fv2%2Fcomments&post=2123687"}],"version-history":[{"count":0,"href":"https:\/\/analyse.optim.biz\/index.php?rest_route=\/wp\/v2\/posts\/2123687\/revisions"}],"wp:attachment":[{"href":"https:\/\/analyse.optim.biz\/index.php?rest_route=%2Fwp%2Fv2%2Fmedia&parent=2123687"}],"wp:term":[{"taxonomy":"category","embeddable":true,"href":"https:\/\/analyse.optim.biz\/index.php?rest_route=%2Fwp%2Fv2%2Fcategories&post=2123687"},{"taxonomy":"post_tag","embeddable":true,"href":"https:\/\/analyse.optim.biz\/index.php?rest_route=%2Fwp%2Fv2%2Ftags&post=2123687"}],"curies":[{"name":"wp","href":"https:\/\/api.w.org\/{rel}","templated":true}]}}