{"id":2123686,"date":"2026-08-29T06:32:16","date_gmt":"2026-08-29T03:32:16","guid":{"rendered":"https:\/\/analyse.optim.biz\/?p=2123686"},"modified":"2026-08-29T06:32:16","modified_gmt":"2026-08-29T03:32:16","slug":"documentar-netflix-la-moldova-noua-torma-isi-pierde-iar-mandatul-de-primar-dintr-un-motiv-stupid","status":"publish","type":"post","link":"https:\/\/analyse.optim.biz\/?p=2123686","title":{"rendered":"Documentar Netflix, la Moldova Nou\u0103! Torma \u00ee\u0219i pierde iar mandatul de primar, dintr-un motiv stupid!"},"content":{"rendered":"<p>[analyse_image type=&#8221;featured&#8221; src=&#8221;https:\/\/cdn.expressdebanat.ro\/wp-content\/uploads\/2026\/08\/torma_adrian_moldova_noua-scaled.jpg&#8221;]<\/p>\n<div id=\"post-area\" class=\"post-981976 post type-post status-publish format-standard has-post-thumbnail hentry category-administratie category-caras category-moldova-noua category-politica tag-adrian-torma tag-dominic-fritz tag-express-de-banat tag-important tag-noua-lege-ani tag-primar-moldova-noua tag-psd tag-stiri-caras-severin\">\n<div id=\"social-box\">\n<ul class=\"post-social\">\n<li class=\"social-share-button\">\n<li class=\"social-share-button\">\n<li class=\"social-share-button\"><\/ul>\n<\/div>\n<div id=\"content-area\">\n<div class=\"post-image\"><img loading=\"lazy\" decoding=\"async\" width=\"620\" height=\"400\" src=\"https:\/\/cdn.expressdebanat.ro\/wp-content\/uploads\/2026\/08\/torma_adrian_moldova_noua-620x400.jpg\" class=\"attachment-post-thumb size-post-thumb wp-post-image perfmatters-lazy\" alt=\"torma adrian moldova noua\"><img loading=\"lazy\" decoding=\"async\" width=\"620\" height=\"400\" src=\"https:\/\/cdn.expressdebanat.ro\/wp-content\/uploads\/2026\/08\/torma_adrian_moldova_noua-620x400.jpg\" class=\"attachment-post-thumb size-post-thumb wp-post-image\" alt=\"torma adrian moldova noua\"><\/div>\n<p><strong>Adrian Torma pleac\u0103 odat\u0103 cu Dominic Fritz din func\u021bia de primar al ora\u0219ului Moldova Nou\u0103! Se consider\u0103 nedrept\u0103\u021bit, dar spune c\u0103, legea, bun\u0103 sau rea, trebuie respectat\u0103 f\u0103r\u0103 alte comentarii \u0219i v\u0103ic\u0103reli!<\/strong><\/p>\n<p>Adrian Torma nu a fost prins cu \u0219pag\u0103, cu m\u00e2na \u00een banii ora\u0219ului sau atribuind vreun contract unei firme de cas\u0103. Era deja putred de bogat c\u00e2nd a intrat \u00een politic\u0103. A c\u00e2\u0219tigat de 3 ori Prim\u0103ria Moldova Nou\u0103 \u0219i tot de at\u00e2tea ori se vede obligat s\u0103-\u0219i \u00eencheie mandatul \u00eenainte de termen. Din motive c\u00e2t se poate de stupide!<\/p>\n<p>\u00cen urm\u0103toarele 30 de zile, social-democratul \u00ee\u0219i pierde mandatul de primar al ora\u0219ului Moldova Nou\u0103 pentru o semn\u0103tur\u0103 pus\u0103 \u00een urm\u0103 cu aproape zece ani pe un contract de comodat cu un ONG. O asocia\u021bia \u00een cadrul c\u0103reia copiii din ora\u0219 practicau dansuri tradi\u021bionale. E vorba dspre renumita Tommyland. ONG \u00een care so\u021bia sa era membru fondator \u0219i vicepre\u0219edinte. Dar \u0219i principal sponsor! Conflict de interese, a stabilit definitiv Justi\u021bia. Primarul Torma a fost sanc\u021bionat administrativ. 10% din salariu timp de 6 luni. Numai c\u0103, noua Lege a integrit\u0103\u021bii transform\u0103 acum acea semn\u0103tur\u0103 \u00eentr-o sanc\u021biune devastatoare: Torma pleac\u0103 din fotoliul \u00een care l-au trimis, prin vot, cet\u0103\u021benii din Moldova Nou\u0103!<\/p>\n<p>Devenit\u0103 celebr\u0103 \u00een spa\u021biul public mai ales prin a\u0219a-numitul \u201eamendament Fritz\u201d, dup\u0103 numele primarului Timi\u0219oarei, Dominic Fritz, noua lege a Integrit\u0103\u021bii \u00eel oblig\u0103 pe Adrian Torma s\u0103 achite o factur\u0103 politic\u0103 uria\u0219\u0103, la aproape 10 ani dup\u0103 ce a pus la dispozi\u021bia copiilor de la Tommyland o sal\u0103 pentru repeti\u021bii. A\u0219a cum hot\u0103r\u00e2ser\u0103 consilierii locali, de la toate forma\u021biunile politice.<\/p>\n<p>O fapt\u0103 administrativ\u0103 din 2016, judecat\u0103 definitiv aproape nou\u0103 ani mai t\u00e2rziu, \u00eel poate scoate \u00een 2026 dintr-un mandat pentru care cet\u0103\u021benii din Moldova Nou\u0103 l-au votat \u00een 2024.<\/p>\n<p><em>\u201e<\/em><em>Eu am mai tr\u0103it astfel de experien<\/em><em>\u021b\u0103<\/em><em>. La mine povestea e frumoas<\/em><em>\u0103<\/em><em>, e de Netflix! Poate c<\/em><em>\u0103<\/em><em> voi continua povestea aici, la Moldova Nou<\/em><em>\u0103<\/em><em>,<\/em><em> dintr-o alt<\/em><em>\u0103<\/em><em>postur\u0103, cum ar fi cea de citymanager, sau poate c<\/em><em>\u0103<\/em><em>\u0219<\/em><em>ansa \u00eemi va oferi posibilitatea s<\/em><em>\u0103<\/em><em> ajung \u00eentr-o alt<\/em><em>\u0103<\/em><em> pozi<\/em><em>\u021b<\/em><em>ie politic<\/em><em>\u0103<\/em><em>. Sunt destule oportuni<\/em><em>t\u0103\u021bi.\u201d,<\/em> a spus Adrian Torma pentru expressdebanat.ro.<\/p>\n<p>Reac\u021bia lui Adrian Torma r\u0103m\u00e2ne aceea\u0219i \u0219i dup\u0103 promulgarea legii de c\u0103tre pre\u0219edintele Nicu\u0219or Dan, \u00een antitez\u0103 total\u0103 fa\u021b\u0103 de modul \u00een care Dominic Fritz se desparte de fotoliul de primar al Timi\u0219oarei. Edilul-\u0219ef de pe Clisura Dun\u0103rii nu acuz\u0103 dispari\u021bia statului de drept, ci insist\u0103 c\u0103 unde-i lege, nu-i tocmeal\u0103. Indiferent cum e legea!<\/p>\n<p><em><strong>\u201e<\/strong>\u00cen continuare eu consider c\u0103 la mine nu a fost un real conflict de interese. Legea ANI e exagerat\u0103, dar eu trebuie s\u0103 o respect. Primarul de la Anina, care a fost membru \u00eentr-un consiliu de administra\u021bie la \u0219coal\u0103, \u00een calitate de p\u0103rinte, a trebuit s\u0103-\u0219i piard\u0103 mandatul. Nici la mine nu a fost conflict de interes. P\u0103i familia mea, prin compania pe care o de\u021binem, a sus\u021binut foarte mult acel ONG, ani de zile, prin care mul\u021bi copii, sute de copii, au beneficiat de ceea ce nu putea s\u0103 ofere administra\u021bia public\u0103, de fonduri pentru ca domnul profesor Popovici s\u0103 organizeze dansuri populare \u0219i s\u0103-i plimbe peste tot \u00een zona noastr\u0103 balcanic\u0103.\u201d,<\/em> a ad\u0103ugat Adrian Torma.<\/p>\n<p>El reitereaz\u0103 \u0219i faptul c\u0103 nu are niciun resentiment fa\u021b\u0103 de propriul partid, cel care a ini\u021biat amendamentul la Legea Integrit\u0103\u021bii care \u00eel las\u0103 f\u0103r\u0103 mandat:<\/p>\n<p><em>\u201eN-am cum s\u0103 fiu sup\u0103rat pe PSD. Au votat toate partidele, deci nu a fost ceva politic, ceva \u021bintit. To\u021bi colegii mei, de la nivel local, jude\u021b \u0219i chiar de la nivel national, fo\u0219ti colegi parlamentari, mi-au ar\u0103tat empatie, mi-au ar\u0103tat suport. Oamenii din comunitatea noastr\u0103, la fel. Oamenii din Moldova Nou\u0103 au avut \u00eencredere \u00een omul Adi Torma, vot\u00e2ndu-m\u0103 indifferent de partidul din care am f\u0103cut parte. Asta m\u0103 onoreaz\u0103. Asta \u00eemi d\u0103 \u0219i mie \u00eencredere c\u0103 oamenii din Moldova Nou\u0103 v\u0103d mai mult dec\u00e2t un partid, v\u0103d un om cu capacitatea \u0219i dorin\u021ba s\u0103 se \u00eent\u00e2mple lucruri bune pentru ora\u0219. \u00cen spatele meu e o echip\u0103 mo\u0219tenit\u0103. A intrat \u00een ritmul meu, \u00een abordarea mea \u0219i se \u00eent\u00e2mpl\u0103 multe lucruri bune \u00een ora\u0219ul Moldova Nou\u0103. A\u0219a c\u0103, din ce \u0219tiu eu, echipa, \u00eempreun\u0103 cu domnul viceprimar \u0219i domnii consilieri locali, m\u0103 doresc \u00een continuare s\u0103 fiu parte din povestea ora\u0219ului Moldova Nou\u0103!\u201d<\/em><\/p>\n<\/div>\n<div id=\"social-box\">\n<ul class=\"post-social\">\n<li class=\"fb-line\">\n<li><a href=\"http:\/\/twitter.com\/share\" class=\"twitter-share-button\" data-lang=\"en\" data-count=\"horizontal\">Tweet<\/a><\/li>\n<li>\n<li><a href=\"http:\/\/pinterest.com\/pin\/create\/button\/?url=https%3A%2F%2Fexpressdebanat.ro%2Fdocumentar-netflix-la-moldova-noua-torma-isi-pierde-iar-mandatul-de-primar-dintr-un-motiv-stupid%2F&amp;media=https:\/\/cdn.expressdebanat.ro\/wp-content\/uploads\/2026\/08\/torma_adrian_moldova_noua-scaled.jpg&amp;description=Documentar%20Netflix,%20la%20Moldova%20Nou%C4%83!%20Torma%20%C3%AE%C8%99i%20pierde%20iar%20mandatul%20de%20primar,%20dintr-un%20motiv%20stupid!\" class=\"pin-it-button\">Pin It<\/a><\/li>\n<\/ul>\n<\/div>\n<\/div>\n<div id=\"content-area\">\n<div class=\"post-image\"><img loading=\"lazy\" decoding=\"async\" width=\"620\" height=\"400\" src=\"https:\/\/cdn.expressdebanat.ro\/wp-content\/uploads\/2026\/08\/torma_adrian_moldova_noua-620x400.jpg\" class=\"attachment-post-thumb size-post-thumb wp-post-image perfmatters-lazy\" alt=\"torma adrian moldova noua\"><img loading=\"lazy\" decoding=\"async\" width=\"620\" height=\"400\" src=\"https:\/\/cdn.expressdebanat.ro\/wp-content\/uploads\/2026\/08\/torma_adrian_moldova_noua-620x400.jpg\" class=\"attachment-post-thumb size-post-thumb wp-post-image\" alt=\"torma adrian moldova noua\"><\/div>\n<p><strong>Adrian Torma pleac\u0103 odat\u0103 cu Dominic Fritz din func\u021bia de primar al ora\u0219ului Moldova Nou\u0103! Se consider\u0103 nedrept\u0103\u021bit, dar spune c\u0103, legea, bun\u0103 sau rea, trebuie respectat\u0103 f\u0103r\u0103 alte comentarii \u0219i v\u0103ic\u0103reli!<\/strong><\/p>\n<p>Adrian Torma nu a fost prins cu \u0219pag\u0103, cu m\u00e2na \u00een banii ora\u0219ului sau atribuind vreun contract unei firme de cas\u0103. Era deja putred de bogat c\u00e2nd a intrat \u00een politic\u0103. A c\u00e2\u0219tigat de 3 ori Prim\u0103ria Moldova Nou\u0103 \u0219i tot de at\u00e2tea ori se vede obligat s\u0103-\u0219i \u00eencheie mandatul \u00eenainte de termen. Din motive c\u00e2t se poate de stupide!<\/p>\n<p>\u00cen urm\u0103toarele 30 de zile, social-democratul \u00ee\u0219i pierde mandatul de primar al ora\u0219ului Moldova Nou\u0103 pentru o semn\u0103tur\u0103 pus\u0103 \u00een urm\u0103 cu aproape zece ani pe un contract de comodat cu un ONG. O asocia\u021bia \u00een cadrul c\u0103reia copiii din ora\u0219 practicau dansuri tradi\u021bionale. E vorba dspre renumita Tommyland. ONG \u00een care so\u021bia sa era membru fondator \u0219i vicepre\u0219edinte. Dar \u0219i principal sponsor! Conflict de interese, a stabilit definitiv Justi\u021bia. Primarul Torma a fost sanc\u021bionat administrativ. 10% din salariu timp de 6 luni. Numai c\u0103, noua Lege a integrit\u0103\u021bii transform\u0103 acum acea semn\u0103tur\u0103 \u00eentr-o sanc\u021biune devastatoare: Torma pleac\u0103 din fotoliul \u00een care l-au trimis, prin vot, cet\u0103\u021benii din Moldova Nou\u0103!<\/p>\n<p>Devenit\u0103 celebr\u0103 \u00een spa\u021biul public mai ales prin a\u0219a-numitul \u201eamendament Fritz\u201d, dup\u0103 numele primarului Timi\u0219oarei, Dominic Fritz, noua lege a Integrit\u0103\u021bii \u00eel oblig\u0103 pe Adrian Torma s\u0103 achite o factur\u0103 politic\u0103 uria\u0219\u0103, la aproape 10 ani dup\u0103 ce a pus la dispozi\u021bia copiilor de la Tommyland o sal\u0103 pentru repeti\u021bii. A\u0219a cum hot\u0103r\u00e2ser\u0103 consilierii locali, de la toate forma\u021biunile politice.<\/p>\n<p>O fapt\u0103 administrativ\u0103 din 2016, judecat\u0103 definitiv aproape nou\u0103 ani mai t\u00e2rziu, \u00eel poate scoate \u00een 2026 dintr-un mandat pentru care cet\u0103\u021benii din Moldova Nou\u0103 l-au votat \u00een 2024.<\/p>\n<p><em>\u201e<\/em><em>Eu am mai tr\u0103it astfel de experien<\/em><em>\u021b\u0103<\/em><em>. La mine povestea e frumoas<\/em><em>\u0103<\/em><em>, e de Netflix! Poate c<\/em><em>\u0103<\/em><em> voi continua povestea aici, la Moldova Nou<\/em><em>\u0103<\/em><em>,<\/em><em> dintr-o alt<\/em><em>\u0103<\/em><em>postur\u0103, cum ar fi cea de citymanager, sau poate c<\/em><em>\u0103<\/em><em>\u0219<\/em><em>ansa \u00eemi va oferi posibilitatea s<\/em><em>\u0103<\/em><em> ajung \u00eentr-o alt<\/em><em>\u0103<\/em><em> pozi<\/em><em>\u021b<\/em><em>ie politic<\/em><em>\u0103<\/em><em>. Sunt destule oportuni<\/em><em>t\u0103\u021bi.\u201d,<\/em> a spus Adrian Torma pentru expressdebanat.ro.<\/p>\n<p>Reac\u021bia lui Adrian Torma r\u0103m\u00e2ne aceea\u0219i \u0219i dup\u0103 promulgarea legii de c\u0103tre pre\u0219edintele Nicu\u0219or Dan, \u00een antitez\u0103 total\u0103 fa\u021b\u0103 de modul \u00een care Dominic Fritz se desparte de fotoliul de primar al Timi\u0219oarei. Edilul-\u0219ef de pe Clisura Dun\u0103rii nu acuz\u0103 dispari\u021bia statului de drept, ci insist\u0103 c\u0103 unde-i lege, nu-i tocmeal\u0103. Indiferent cum e legea!<\/p>\n<p><em><strong>\u201e<\/strong>\u00cen continuare eu consider c\u0103 la mine nu a fost un real conflict de interese. Legea ANI e exagerat\u0103, dar eu trebuie s\u0103 o respect. Primarul de la Anina, care a fost membru \u00eentr-un consiliu de administra\u021bie la \u0219coal\u0103, \u00een calitate de p\u0103rinte, a trebuit s\u0103-\u0219i piard\u0103 mandatul. Nici la mine nu a fost conflict de interes. P\u0103i familia mea, prin compania pe care o de\u021binem, a sus\u021binut foarte mult acel ONG, ani de zile, prin care mul\u021bi copii, sute de copii, au beneficiat de ceea ce nu putea s\u0103 ofere administra\u021bia public\u0103, de fonduri pentru ca domnul profesor Popovici s\u0103 organizeze dansuri populare \u0219i s\u0103-i plimbe peste tot \u00een zona noastr\u0103 balcanic\u0103.\u201d,<\/em> a ad\u0103ugat Adrian Torma.<\/p>\n<p>El reitereaz\u0103 \u0219i faptul c\u0103 nu are niciun resentiment fa\u021b\u0103 de propriul partid, cel care a ini\u021biat amendamentul la Legea Integrit\u0103\u021bii care \u00eel las\u0103 f\u0103r\u0103 mandat:<\/p>\n<p><em>\u201eN-am cum s\u0103 fiu sup\u0103rat pe PSD. Au votat toate partidele, deci nu a fost ceva politic, ceva \u021bintit. To\u021bi colegii mei, de la nivel local, jude\u021b \u0219i chiar de la nivel national, fo\u0219ti colegi parlamentari, mi-au ar\u0103tat empatie, mi-au ar\u0103tat suport. Oamenii din comunitatea noastr\u0103, la fel. Oamenii din Moldova Nou\u0103 au avut \u00eencredere \u00een omul Adi Torma, vot\u00e2ndu-m\u0103 indifferent de partidul din care am f\u0103cut parte. Asta m\u0103 onoreaz\u0103. Asta \u00eemi d\u0103 \u0219i mie \u00eencredere c\u0103 oamenii din Moldova Nou\u0103 v\u0103d mai mult dec\u00e2t un partid, v\u0103d un om cu capacitatea \u0219i dorin\u021ba s\u0103 se \u00eent\u00e2mple lucruri bune pentru ora\u0219. \u00cen spatele meu e o echip\u0103 mo\u0219tenit\u0103. A intrat \u00een ritmul meu, \u00een abordarea mea \u0219i se \u00eent\u00e2mpl\u0103 multe lucruri bune \u00een ora\u0219ul Moldova Nou\u0103. A\u0219a c\u0103, din ce \u0219tiu eu, echipa, \u00eempreun\u0103 cu domnul viceprimar \u0219i domnii consilieri locali, m\u0103 doresc \u00een continuare s\u0103 fiu parte din povestea ora\u0219ului Moldova Nou\u0103!\u201d<\/em><\/p>\n<\/div>\n<p>[analyse_source url=&#8221;https:\/\/expressdebanat.ro\/documentar-netflix-la-moldova-noua-torma-isi-pierde-iar-mandatul-de-primar-dintr-un-motiv-stupid\/&#8221;]<\/p>\n","protected":false},"excerpt":{"rendered":"<p>[analyse_image type=&#8221;featured&#8221; src=&#8221;https:\/\/cdn.expressdebanat.ro\/wp-content\/uploads\/2026\/08\/torma_adrian_moldova_noua-scaled.jpg&#8221;] Adrian Torma pleac\u0103 odat\u0103 cu Dominic Fritz din func\u021bia de primar al ora\u0219ului Moldova Nou\u0103! Se consider\u0103 nedrept\u0103\u021bit, dar spune c\u0103, legea, bun\u0103 sau rea, trebuie respectat\u0103 f\u0103r\u0103 alte comentarii \u0219i v\u0103ic\u0103reli! Adrian Torma nu a fost prins cu \u0219pag\u0103, cu m\u00e2na \u00een banii ora\u0219ului sau atribuind vreun contract unei firme de [&hellip;]<\/p>\n","protected":false},"author":1,"featured_media":0,"comment_status":"open","ping_status":"","sticky":false,"template":"","format":"standard","meta":{"footnotes":""},"categories":[89],"tags":[226,196],"class_list":["post-2123686","post","type-post","status-publish","format-standard","hentry","category-romania","tag-crawlmanager","tag-expressdebanat-ro"],"_links":{"self":[{"href":"https:\/\/analyse.optim.biz\/index.php?rest_route=\/wp\/v2\/posts\/2123686","targetHints":{"allow":["GET"]}}],"collection":[{"href":"https:\/\/analyse.optim.biz\/index.php?rest_route=\/wp\/v2\/posts"}],"about":[{"href":"https:\/\/analyse.optim.biz\/index.php?rest_route=\/wp\/v2\/types\/post"}],"author":[{"embeddable":true,"href":"https:\/\/analyse.optim.biz\/index.php?rest_route=\/wp\/v2\/users\/1"}],"replies":[{"embeddable":true,"href":"https:\/\/analyse.optim.biz\/index.php?rest_route=%2Fwp%2Fv2%2Fcomments&post=2123686"}],"version-history":[{"count":0,"href":"https:\/\/analyse.optim.biz\/index.php?rest_route=\/wp\/v2\/posts\/2123686\/revisions"}],"wp:attachment":[{"href":"https:\/\/analyse.optim.biz\/index.php?rest_route=%2Fwp%2Fv2%2Fmedia&parent=2123686"}],"wp:term":[{"taxonomy":"category","embeddable":true,"href":"https:\/\/analyse.optim.biz\/index.php?rest_route=%2Fwp%2Fv2%2Fcategories&post=2123686"},{"taxonomy":"post_tag","embeddable":true,"href":"https:\/\/analyse.optim.biz\/index.php?rest_route=%2Fwp%2Fv2%2Ftags&post=2123686"}],"curies":[{"name":"wp","href":"https:\/\/api.w.org\/{rel}","templated":true}]}}