{"id":2123683,"date":"2026-08-28T14:40:09","date_gmt":"2026-08-28T11:40:09","guid":{"rendered":"https:\/\/analyse.optim.biz\/?p=2123683"},"modified":"2026-08-28T14:40:09","modified_gmt":"2026-08-28T11:40:09","slug":"nicusor-dan-a-promulgat-noua-lege-ani-cu-tot-cu-amendamentul-fritz","status":"publish","type":"post","link":"https:\/\/analyse.optim.biz\/?p=2123683","title":{"rendered":"Nicu\u0219or Dan a promulgat noua Lege ANI, cu tot cu amendamentul Fritz"},"content":{"rendered":"<p>[analyse_image type=&#8221;featured&#8221; src=&#8221;https:\/\/cdn.expressdebanat.ro\/wp-content\/uploads\/2026\/08\/WhatsApp-Image-2026-08-17-at-17.36.32-1.jpeg&#8221;]<\/p>\n<div id=\"post-area\" class=\"post-981955 post type-post status-publish format-standard has-post-thumbnail hentry category-national category-politica tag-important tag-legea-ani tag-nicusor-dan\">\n<div id=\"social-box\">\n<ul class=\"post-social\">\n<li class=\"social-share-button\">\n<li class=\"social-share-button\">\n<li class=\"social-share-button\"><\/ul>\n<\/div>\n<div id=\"content-area\">\n<div class=\"post-image\"><img loading=\"lazy\" decoding=\"async\" width=\"620\" height=\"400\" src=\"https:\/\/cdn.expressdebanat.ro\/wp-content\/uploads\/2026\/08\/WhatsApp-Image-2026-08-17-at-17.36.32-1-620x400.jpeg\" class=\"attachment-post-thumb size-post-thumb wp-post-image perfmatters-lazy\" alt=\"dominic fritz si nicusor dan la timisoara\"><img loading=\"lazy\" decoding=\"async\" width=\"620\" height=\"400\" src=\"https:\/\/cdn.expressdebanat.ro\/wp-content\/uploads\/2026\/08\/WhatsApp-Image-2026-08-17-at-17.36.32-1-620x400.jpeg\" class=\"attachment-post-thumb size-post-thumb wp-post-image\" alt=\"dominic fritz si nicusor dan la timisoara\"><\/div>\n<p><strong>Pre\u0219edintele Nicu\u0219or Dan a anun\u021bat vineri c\u0103 a promulgat Legea pentru modificarea \u0219i completarea unor acte normative \u00een domeniul integrit\u0103\u021bii.<\/strong><\/p>\n<p><em>\u201eAm promulgat ast\u0103zi Legea pentru modificarea \u0219i completarea unor acte normative \u00een domeniul integrit\u0103\u021bii \u00een forma care mi-a fost transmis\u0103 de c\u0103tre Parlamentul Rom\u00e2niei. \u00cemi men\u021bin \u00een continuare argumentele din sesizarea de neconstitu\u021bionalitate pe care am \u00eenaintat-o Cur\u021bii Constitu\u021bionale.\u201d<\/em>, a transmis Nicu\u0219or Dan.<\/p>\n<p>\u0218eful statului a explicat c\u0103, \u00een lipsa riscului ca Rom\u00e2nia s\u0103 piard\u0103 fonduri din PNRR, ar fi trimis legea \u00eenapoi \u00een Parlament pentru reexaminare.<\/p>\n<p><em>\u201e\u00centr-un alt context, \u00een care nu ar fi existat riscul pierderii banilor din PNRR din cauza neadopt\u0103rii acestei legi \u0219i ar fi existat timpul necesar pentru dezbatere, a\u0219 fi retrimis proiectul \u00een Parlament pentru reexaminare. Nu ne permitem s\u0103 nu acces\u0103m aceste fonduri \u0219i nici nu pot accepta o nou\u0103 lovitur\u0103 adus\u0103 credibilit\u0103\u021bii Rom\u00e2niei \u00een plan extern.\u201d<\/em>, a subliniat pre\u0219edintele.<\/p>\n<p>Pre\u0219edintele a cerut Parlamentului s\u0103 reia discu\u021biile asupra legii \u00een sesiunea de toamn\u0103.<\/p>\n<p><em>\u201eCer Parlamentului ca, \u00een sesiunea de toamn\u0103, s\u0103 reia \u0219i s\u0103 aprofundeze discu\u021biile asupra acestei legi. Integritatea este un subiect mult prea important pentru societate \u0219i trebuie transpus \u00eentr-o lege aflat\u0103 dincolo de orice suspiciuni \u0219i interpret\u0103ri.\u201d<\/em>, a ad\u0103ugat Nicu\u0219or Dan.<\/p>\n<p>Legea ANI a fost adoptat\u0103 miercuri de Senat, \u00een calitate de for decizional, cu 106 voturi \u201epentru\u201d \u0219i 19 \u201e\u00eempotriv\u0103\u201d. Legea include \u0219i a\u0219a-numitul \u201eamendament Fritz\u201d, care prevede pierderea mandatului pentru ale\u0219ii locali sau demnitarii g\u0103si\u021bi incompatibili ori \u00een conflict de interese. USR a sus\u021binut c\u0103 prevederea \u00eel vizeaz\u0103 pe Dominic Fritz, primarul Timi\u0219oarei \u0219i liderul partidului.<\/p>\n<p>Adoptarea legii este legat\u0103 de accesarea unor fonduri de 770 de milioane de euro din PNRR.<\/p>\n<\/div>\n<div id=\"social-box\">\n<ul class=\"post-social\">\n<li class=\"fb-line\">\n<li><a href=\"http:\/\/twitter.com\/share\" class=\"twitter-share-button\" data-lang=\"en\" data-count=\"horizontal\">Tweet<\/a><\/li>\n<li>\n<li><a href=\"http:\/\/pinterest.com\/pin\/create\/button\/?url=https%3A%2F%2Fexpressdebanat.ro%2Fnicusor-dan-a-promulgat-legea-integritatii-cu-tot-cu-amendamentul-fritz%2F&amp;media=https:\/\/cdn.expressdebanat.ro\/wp-content\/uploads\/2026\/08\/WhatsApp-Image-2026-08-17-at-17.36.32-1.jpeg&amp;description=Nicu%C8%99or%20Dan%20a%20promulgat%20noua%20Lege%20ANI,%20cu%20tot%20cu%20amendamentul%20Fritz\" class=\"pin-it-button\">Pin It<\/a><\/li>\n<\/ul>\n<\/div>\n<\/div>\n<div id=\"content-area\">\n<div class=\"post-image\"><img loading=\"lazy\" decoding=\"async\" width=\"620\" height=\"400\" src=\"https:\/\/cdn.expressdebanat.ro\/wp-content\/uploads\/2026\/08\/WhatsApp-Image-2026-08-17-at-17.36.32-1-620x400.jpeg\" class=\"attachment-post-thumb size-post-thumb wp-post-image perfmatters-lazy\" alt=\"dominic fritz si nicusor dan la timisoara\"><img loading=\"lazy\" decoding=\"async\" width=\"620\" height=\"400\" src=\"https:\/\/cdn.expressdebanat.ro\/wp-content\/uploads\/2026\/08\/WhatsApp-Image-2026-08-17-at-17.36.32-1-620x400.jpeg\" class=\"attachment-post-thumb size-post-thumb wp-post-image\" alt=\"dominic fritz si nicusor dan la timisoara\"><\/div>\n<p><strong>Pre\u0219edintele Nicu\u0219or Dan a anun\u021bat vineri c\u0103 a promulgat Legea pentru modificarea \u0219i completarea unor acte normative \u00een domeniul integrit\u0103\u021bii.<\/strong><\/p>\n<p><em>\u201eAm promulgat ast\u0103zi Legea pentru modificarea \u0219i completarea unor acte normative \u00een domeniul integrit\u0103\u021bii \u00een forma care mi-a fost transmis\u0103 de c\u0103tre Parlamentul Rom\u00e2niei. \u00cemi men\u021bin \u00een continuare argumentele din sesizarea de neconstitu\u021bionalitate pe care am \u00eenaintat-o Cur\u021bii Constitu\u021bionale.\u201d<\/em>, a transmis Nicu\u0219or Dan.<\/p>\n<p>\u0218eful statului a explicat c\u0103, \u00een lipsa riscului ca Rom\u00e2nia s\u0103 piard\u0103 fonduri din PNRR, ar fi trimis legea \u00eenapoi \u00een Parlament pentru reexaminare.<\/p>\n<p><em>\u201e\u00centr-un alt context, \u00een care nu ar fi existat riscul pierderii banilor din PNRR din cauza neadopt\u0103rii acestei legi \u0219i ar fi existat timpul necesar pentru dezbatere, a\u0219 fi retrimis proiectul \u00een Parlament pentru reexaminare. Nu ne permitem s\u0103 nu acces\u0103m aceste fonduri \u0219i nici nu pot accepta o nou\u0103 lovitur\u0103 adus\u0103 credibilit\u0103\u021bii Rom\u00e2niei \u00een plan extern.\u201d<\/em>, a subliniat pre\u0219edintele.<\/p>\n<p>Pre\u0219edintele a cerut Parlamentului s\u0103 reia discu\u021biile asupra legii \u00een sesiunea de toamn\u0103.<\/p>\n<p><em>\u201eCer Parlamentului ca, \u00een sesiunea de toamn\u0103, s\u0103 reia \u0219i s\u0103 aprofundeze discu\u021biile asupra acestei legi. Integritatea este un subiect mult prea important pentru societate \u0219i trebuie transpus \u00eentr-o lege aflat\u0103 dincolo de orice suspiciuni \u0219i interpret\u0103ri.\u201d<\/em>, a ad\u0103ugat Nicu\u0219or Dan.<\/p>\n<p>Legea ANI a fost adoptat\u0103 miercuri de Senat, \u00een calitate de for decizional, cu 106 voturi \u201epentru\u201d \u0219i 19 \u201e\u00eempotriv\u0103\u201d. Legea include \u0219i a\u0219a-numitul \u201eamendament Fritz\u201d, care prevede pierderea mandatului pentru ale\u0219ii locali sau demnitarii g\u0103si\u021bi incompatibili ori \u00een conflict de interese. USR a sus\u021binut c\u0103 prevederea \u00eel vizeaz\u0103 pe Dominic Fritz, primarul Timi\u0219oarei \u0219i liderul partidului.<\/p>\n<p>Adoptarea legii este legat\u0103 de accesarea unor fonduri de 770 de milioane de euro din PNRR.<\/p>\n<\/div>\n<p>[analyse_source url=&#8221;https:\/\/expressdebanat.ro\/nicusor-dan-a-promulgat-legea-integritatii-cu-tot-cu-amendamentul-fritz\/&#8221;]<\/p>\n","protected":false},"excerpt":{"rendered":"<p>[analyse_image type=&#8221;featured&#8221; src=&#8221;https:\/\/cdn.expressdebanat.ro\/wp-content\/uploads\/2026\/08\/WhatsApp-Image-2026-08-17-at-17.36.32-1.jpeg&#8221;] Pre\u0219edintele Nicu\u0219or Dan a anun\u021bat vineri c\u0103 a promulgat Legea pentru modificarea \u0219i completarea unor acte normative \u00een domeniul integrit\u0103\u021bii. \u201eAm promulgat ast\u0103zi Legea pentru modificarea \u0219i completarea unor acte normative \u00een domeniul integrit\u0103\u021bii \u00een forma care mi-a fost transmis\u0103 de c\u0103tre Parlamentul Rom\u00e2niei. \u00cemi men\u021bin \u00een continuare argumentele din sesizarea de [&hellip;]<\/p>\n","protected":false},"author":1,"featured_media":0,"comment_status":"open","ping_status":"","sticky":false,"template":"","format":"standard","meta":{"footnotes":""},"categories":[89],"tags":[226,196],"class_list":["post-2123683","post","type-post","status-publish","format-standard","hentry","category-romania","tag-crawlmanager","tag-expressdebanat-ro"],"_links":{"self":[{"href":"https:\/\/analyse.optim.biz\/index.php?rest_route=\/wp\/v2\/posts\/2123683","targetHints":{"allow":["GET"]}}],"collection":[{"href":"https:\/\/analyse.optim.biz\/index.php?rest_route=\/wp\/v2\/posts"}],"about":[{"href":"https:\/\/analyse.optim.biz\/index.php?rest_route=\/wp\/v2\/types\/post"}],"author":[{"embeddable":true,"href":"https:\/\/analyse.optim.biz\/index.php?rest_route=\/wp\/v2\/users\/1"}],"replies":[{"embeddable":true,"href":"https:\/\/analyse.optim.biz\/index.php?rest_route=%2Fwp%2Fv2%2Fcomments&post=2123683"}],"version-history":[{"count":0,"href":"https:\/\/analyse.optim.biz\/index.php?rest_route=\/wp\/v2\/posts\/2123683\/revisions"}],"wp:attachment":[{"href":"https:\/\/analyse.optim.biz\/index.php?rest_route=%2Fwp%2Fv2%2Fmedia&parent=2123683"}],"wp:term":[{"taxonomy":"category","embeddable":true,"href":"https:\/\/analyse.optim.biz\/index.php?rest_route=%2Fwp%2Fv2%2Fcategories&post=2123683"},{"taxonomy":"post_tag","embeddable":true,"href":"https:\/\/analyse.optim.biz\/index.php?rest_route=%2Fwp%2Fv2%2Ftags&post=2123683"}],"curies":[{"name":"wp","href":"https:\/\/api.w.org\/{rel}","templated":true}]}}