{"id":2123682,"date":"2026-08-28T07:33:22","date_gmt":"2026-08-28T04:33:22","guid":{"rendered":"https:\/\/analyse.optim.biz\/?p=2123682"},"modified":"2026-08-28T07:33:22","modified_gmt":"2026-08-28T04:33:22","slug":"administratia-publica-la-un-pas-de-greva-generala-sindicatele-cer-un-pact-national","status":"publish","type":"post","link":"https:\/\/analyse.optim.biz\/?p=2123682","title":{"rendered":"Administra\u021bia public\u0103, la un pas de grev\u0103 general\u0103. Sindicatele cer un pact na\u021bional"},"content":{"rendered":"<p>[analyse_image type=&#8221;featured&#8221; src=&#8221;https:\/\/cdn.expressdebanat.ro\/wp-content\/uploads\/2019\/02\/proteste3.jpg&#8221;]<\/p>\n<div id=\"post-area\" class=\"post-981886 post type-post status-publish format-standard has-post-thumbnail hentry category-national category-social tag-administratie-publica tag-fnsa tag-greva-generala tag-romania tag-sindicate\">\n<div id=\"social-box\">\n<ul class=\"post-social\">\n<li class=\"social-share-button\">\n<li class=\"social-share-button\">\n<li class=\"social-share-button\"><\/ul>\n<\/div>\n<div id=\"content-area\">\n<div class=\"post-image\"><img loading=\"lazy\" decoding=\"async\" width=\"620\" height=\"400\" src=\"https:\/\/cdn.expressdebanat.ro\/wp-content\/uploads\/2019\/02\/proteste3-620x400.jpg\" class=\"attachment-post-thumb size-post-thumb wp-post-image perfmatters-lazy\" alt><img loading=\"lazy\" decoding=\"async\" width=\"620\" height=\"400\" src=\"https:\/\/cdn.expressdebanat.ro\/wp-content\/uploads\/2019\/02\/proteste3-620x400.jpg\" class=\"attachment-post-thumb size-post-thumb wp-post-image\" alt><\/div>\n<p class=\"isSelectedEnd\"><strong>Federa\u021bia Na\u021bional\u0103 a Sindicatelor din Administra\u021bie anun\u021b\u0103 c\u0103 preg\u0103te\u0219te proteste care pot ajunge p\u00e2n\u0103 la greva general\u0103 \u0219i cere partidelor politice un \u201ePact na\u021bional pentru capacitatea administrativ\u0103\u201d.<\/strong><\/p>\n<p class=\"isSelectedEnd\">Sindicali\u0219tii spun c\u0103 administra\u021bia public\u0103 a fost sl\u0103bit\u0103 \u00een ultimii ani prin reduceri de personal, venituri mai mici, transfer de atribu\u021bii f\u0103r\u0103 oameni \u0219i bani suficien\u021bi \u0219i prin politizarea func\u021biei publice. FNSA sus\u021bine c\u0103 m\u0103surile prezentate drept reforme au dus la plecarea speciali\u0219tilor \u0219i la suprasolicitarea celor care au r\u0103mas \u00een sistem.<\/p>\n<p class=\"isSelectedEnd\"><em>\u201eA\u021bi sl\u0103bit administra\u021bia public\u0103 exact c\u00e2nd Rom\u00e2nia avea cea mai mare nevoie de ea!\u201d<\/em>, este mesajul transmis de federa\u021bie \u00eentr-o scrisoare deschis\u0103 adresat\u0103 pre\u0219edintelui, Guvernului, Parlamentului, primarilor, pre\u0219edin\u021bilor de consilii jude\u021bene \u0219i partidelor politice.<\/p>\n<p class=\"isSelectedEnd\">FNSA sus\u021bine c\u0103 reducerea personalului poate produce economii pe termen scurt, dar poate genera pierderi mai mari \u00een timp. Printre exemplele date de sindicali\u0219ti se num\u0103r\u0103 controalele fiscale \u00eent\u00e2rziate, proiectele europene pierdute sau \u00eent\u00e2rzierile \u00een achizi\u021bii \u0219i investi\u021bii.<\/p>\n<p class=\"isSelectedEnd\">Federa\u021bia cere acum un acord \u00eentre partidele politice pentru reformarea administra\u021biei. Printre propuneri se num\u0103r\u0103 salarii competitive, depolitizarea func\u021biei publice, recrutarea tinerilor, formarea profesional\u0103 \u0219i protejarea angaja\u021bilor care semnaleaz\u0103 nereguli.<\/p>\n<p class=\"isSelectedEnd\"><em>\u201eConceptul de administra\u021bie \u00abieftin\u0103\u00bb \u00een ceea ce reprezint\u0103 salarizarea sau resursele financiare ale institu\u021biilor este incompatibil cu cel de administra\u021bie eficient\u0103.\u201d<\/em>, sus\u021bine federa\u021bia.<\/p>\n<p>\u00cen perioada urm\u0103toare, FNSA spune c\u0103 va discuta cu celelalte federa\u021bii din administra\u021bia public\u0103 despre organizarea unor ac\u021biuni de protest. Sindicali\u0219tii avertizeaz\u0103 c\u0103 acestea pot culmina cu declan\u0219area grevei generale.<\/p>\n<\/div>\n<div id=\"social-box\">\n<ul class=\"post-social\">\n<li class=\"fb-line\">\n<li><a href=\"http:\/\/twitter.com\/share\" class=\"twitter-share-button\" data-lang=\"en\" data-count=\"horizontal\">Tweet<\/a><\/li>\n<li>\n<li><a href=\"http:\/\/pinterest.com\/pin\/create\/button\/?url=https%3A%2F%2Fexpressdebanat.ro%2Fadministratia-publica-la-un-pas-de-greva-generala-sindicatele-cer-un-pact-national%2F&amp;media=https:\/\/cdn.expressdebanat.ro\/wp-content\/uploads\/2019\/02\/proteste3.jpg&amp;description=Administra%C8%9Bia%20public%C4%83,%20la%20un%20pas%20de%20grev%C4%83%20general%C4%83.%20Sindicatele%20cer%20un%20pact%20na%C8%9Bional\" class=\"pin-it-button\">Pin It<\/a><\/li>\n<\/ul>\n<\/div>\n<\/div>\n<div id=\"content-area\">\n<div class=\"post-image\"><img loading=\"lazy\" decoding=\"async\" width=\"620\" height=\"400\" src=\"https:\/\/cdn.expressdebanat.ro\/wp-content\/uploads\/2019\/02\/proteste3-620x400.jpg\" class=\"attachment-post-thumb size-post-thumb wp-post-image perfmatters-lazy\" alt><img loading=\"lazy\" decoding=\"async\" width=\"620\" height=\"400\" src=\"https:\/\/cdn.expressdebanat.ro\/wp-content\/uploads\/2019\/02\/proteste3-620x400.jpg\" class=\"attachment-post-thumb size-post-thumb wp-post-image\" alt><\/div>\n<p class=\"isSelectedEnd\"><strong>Federa\u021bia Na\u021bional\u0103 a Sindicatelor din Administra\u021bie anun\u021b\u0103 c\u0103 preg\u0103te\u0219te proteste care pot ajunge p\u00e2n\u0103 la greva general\u0103 \u0219i cere partidelor politice un \u201ePact na\u021bional pentru capacitatea administrativ\u0103\u201d.<\/strong><\/p>\n<p class=\"isSelectedEnd\">Sindicali\u0219tii spun c\u0103 administra\u021bia public\u0103 a fost sl\u0103bit\u0103 \u00een ultimii ani prin reduceri de personal, venituri mai mici, transfer de atribu\u021bii f\u0103r\u0103 oameni \u0219i bani suficien\u021bi \u0219i prin politizarea func\u021biei publice. FNSA sus\u021bine c\u0103 m\u0103surile prezentate drept reforme au dus la plecarea speciali\u0219tilor \u0219i la suprasolicitarea celor care au r\u0103mas \u00een sistem.<\/p>\n<p class=\"isSelectedEnd\"><em>\u201eA\u021bi sl\u0103bit administra\u021bia public\u0103 exact c\u00e2nd Rom\u00e2nia avea cea mai mare nevoie de ea!\u201d<\/em>, este mesajul transmis de federa\u021bie \u00eentr-o scrisoare deschis\u0103 adresat\u0103 pre\u0219edintelui, Guvernului, Parlamentului, primarilor, pre\u0219edin\u021bilor de consilii jude\u021bene \u0219i partidelor politice.<\/p>\n<p class=\"isSelectedEnd\">FNSA sus\u021bine c\u0103 reducerea personalului poate produce economii pe termen scurt, dar poate genera pierderi mai mari \u00een timp. Printre exemplele date de sindicali\u0219ti se num\u0103r\u0103 controalele fiscale \u00eent\u00e2rziate, proiectele europene pierdute sau \u00eent\u00e2rzierile \u00een achizi\u021bii \u0219i investi\u021bii.<\/p>\n<p class=\"isSelectedEnd\">Federa\u021bia cere acum un acord \u00eentre partidele politice pentru reformarea administra\u021biei. Printre propuneri se num\u0103r\u0103 salarii competitive, depolitizarea func\u021biei publice, recrutarea tinerilor, formarea profesional\u0103 \u0219i protejarea angaja\u021bilor care semnaleaz\u0103 nereguli.<\/p>\n<p class=\"isSelectedEnd\"><em>\u201eConceptul de administra\u021bie \u00abieftin\u0103\u00bb \u00een ceea ce reprezint\u0103 salarizarea sau resursele financiare ale institu\u021biilor este incompatibil cu cel de administra\u021bie eficient\u0103.\u201d<\/em>, sus\u021bine federa\u021bia.<\/p>\n<p>\u00cen perioada urm\u0103toare, FNSA spune c\u0103 va discuta cu celelalte federa\u021bii din administra\u021bia public\u0103 despre organizarea unor ac\u021biuni de protest. Sindicali\u0219tii avertizeaz\u0103 c\u0103 acestea pot culmina cu declan\u0219area grevei generale.<\/p>\n<\/div>\n<p>[analyse_source url=&#8221;https:\/\/expressdebanat.ro\/administratia-publica-la-un-pas-de-greva-generala-sindicatele-cer-un-pact-national\/&#8221;]<\/p>\n","protected":false},"excerpt":{"rendered":"<p>[analyse_image type=&#8221;featured&#8221; src=&#8221;https:\/\/cdn.expressdebanat.ro\/wp-content\/uploads\/2019\/02\/proteste3.jpg&#8221;] Federa\u021bia Na\u021bional\u0103 a Sindicatelor din Administra\u021bie anun\u021b\u0103 c\u0103 preg\u0103te\u0219te proteste care pot ajunge p\u00e2n\u0103 la greva general\u0103 \u0219i cere partidelor politice un \u201ePact na\u021bional pentru capacitatea administrativ\u0103\u201d. Sindicali\u0219tii spun c\u0103 administra\u021bia public\u0103 a fost sl\u0103bit\u0103 \u00een ultimii ani prin reduceri de personal, venituri mai mici, transfer de atribu\u021bii f\u0103r\u0103 oameni \u0219i bani [&hellip;]<\/p>\n","protected":false},"author":1,"featured_media":0,"comment_status":"open","ping_status":"","sticky":false,"template":"","format":"standard","meta":{"footnotes":""},"categories":[89],"tags":[226,196],"class_list":["post-2123682","post","type-post","status-publish","format-standard","hentry","category-romania","tag-crawlmanager","tag-expressdebanat-ro"],"_links":{"self":[{"href":"https:\/\/analyse.optim.biz\/index.php?rest_route=\/wp\/v2\/posts\/2123682","targetHints":{"allow":["GET"]}}],"collection":[{"href":"https:\/\/analyse.optim.biz\/index.php?rest_route=\/wp\/v2\/posts"}],"about":[{"href":"https:\/\/analyse.optim.biz\/index.php?rest_route=\/wp\/v2\/types\/post"}],"author":[{"embeddable":true,"href":"https:\/\/analyse.optim.biz\/index.php?rest_route=\/wp\/v2\/users\/1"}],"replies":[{"embeddable":true,"href":"https:\/\/analyse.optim.biz\/index.php?rest_route=%2Fwp%2Fv2%2Fcomments&post=2123682"}],"version-history":[{"count":0,"href":"https:\/\/analyse.optim.biz\/index.php?rest_route=\/wp\/v2\/posts\/2123682\/revisions"}],"wp:attachment":[{"href":"https:\/\/analyse.optim.biz\/index.php?rest_route=%2Fwp%2Fv2%2Fmedia&parent=2123682"}],"wp:term":[{"taxonomy":"category","embeddable":true,"href":"https:\/\/analyse.optim.biz\/index.php?rest_route=%2Fwp%2Fv2%2Fcategories&post=2123682"},{"taxonomy":"post_tag","embeddable":true,"href":"https:\/\/analyse.optim.biz\/index.php?rest_route=%2Fwp%2Fv2%2Ftags&post=2123682"}],"curies":[{"name":"wp","href":"https:\/\/api.w.org\/{rel}","templated":true}]}}