{"id":2123681,"date":"2026-08-28T07:19:30","date_gmt":"2026-08-28T04:19:30","guid":{"rendered":"https:\/\/analyse.optim.biz\/?p=2123681"},"modified":"2026-08-28T07:19:30","modified_gmt":"2026-08-28T04:19:30","slug":"nicusor-dan-anunta-noi-consultari-pentru-guvern-de-la-1-septembrie","status":"publish","type":"post","link":"https:\/\/analyse.optim.biz\/?p=2123681","title":{"rendered":"Nicu\u0219or Dan anun\u021b\u0103 noi consult\u0103ri pentru Guvern, de la 1 septembrie"},"content":{"rendered":"<p>[analyse_image type=&#8221;featured&#8221; src=&#8221;https:\/\/cdn.expressdebanat.ro\/wp-content\/uploads\/2026\/04\/nicusor-dan.jpg&#8221;]<\/p>\n<div id=\"post-area\" class=\"post-981884 post type-post status-publish format-standard has-post-thumbnail hentry category-national category-politica tag-consultari tag-cotroceni tag-guvern tag-important tag-nicusor-dan tag-parlament\">\n<div id=\"social-box\">\n<ul class=\"post-social\">\n<li class=\"social-share-button\">\n<li class=\"social-share-button\">\n<li class=\"social-share-button\"><\/ul>\n<\/div>\n<div id=\"content-area\">\n<div class=\"post-image\"><img loading=\"lazy\" decoding=\"async\" width=\"620\" height=\"400\" src=\"https:\/\/cdn.expressdebanat.ro\/wp-content\/uploads\/2026\/04\/nicusor-dan-620x400.jpg\" class=\"attachment-post-thumb size-post-thumb wp-post-image perfmatters-lazy\" alt=\"nicusor dan\"><img loading=\"lazy\" decoding=\"async\" width=\"620\" height=\"400\" src=\"https:\/\/cdn.expressdebanat.ro\/wp-content\/uploads\/2026\/04\/nicusor-dan-620x400.jpg\" class=\"attachment-post-thumb size-post-thumb wp-post-image\" alt=\"nicusor dan\"><\/div>\n<p><strong>Pre\u0219edintele Rom\u00e2niei, Nicu\u0219or Dan, a anun\u021bat c\u0103 va relua, la 1 septembrie, discu\u021biile cu partidele politice pentru formarea unei majorit\u0103\u021bi parlamentare care s\u0103 permit\u0103 \u00eenvestirea unui guvern cu puteri depline.<\/strong><\/p>\n<p><em>\u201eDup\u0103 cele dou\u0103 nominaliz\u0103ri am realizat c\u0103 nu exist\u0103 \u0219anse de majoritate pe perioada vacan\u021bei parlamentare \u0219i atunci, inclusiv din perspectiva agen\u021biilor de rating care urmau s\u0103 vin\u0103 s\u0103 evalueze Rom\u00e2nia, ar fi fost tare nefericit ca \u0219tirile din presa global\u0103 s\u0103 fie al treilea guvern n-a fost \u00eenvestit, al patrulea guvern n-a fost \u00eenvestit \u00een Rom\u00e2nia.\u201d<\/em>, a declarat Nicu\u0219or Dan.<\/p>\n<p>Pre\u0219edintele Rom\u00e2niei s-a declarat optimist c\u0103 for\u021bele politice vor ajunge la un acord imediat dup\u0103 debutul noii sesiuni parlamentare, moment c\u00e2nd vor \u00eencepe \u0219i consult\u0103rile la Cotroceni.<\/p>\n<p><em>\u201eAcum, imediat la 1 septembrie, o s\u0103 avem o nou\u0103 consultare, o s\u0103 vedem formal\u0103 sau informal\u0103 \u0219i eu cred c\u0103 vom g\u0103si o majoritate pentru un guvern care s\u0103 fie stabil. Eu cred c\u0103 este o urgen\u021b\u0103, cred c\u0103 toat\u0103 lumea realizeaz\u0103 c\u0103 este o urgen\u021b\u0103 s\u0103 avem un guvern.\u201d<\/em>, a subliniat \u0219eful statului.<\/p>\n<p>Despre componen\u021ba viitorului Cabinet, pre\u0219edintele nu s-a ar\u0103tat convins de o variant\u0103 tehnocrat\u0103, punct\u00e2nd c\u0103 vrea mai \u00eent\u00e2i s\u0103 vin\u0103 cu o nominalizare.<\/p>\n<p><em>\u201e\u00cen acest moment, nu v\u0103d sus\u021binere pentru un guvern cu mini\u0219tri tehnocra\u021bi. Deci este mult mai probabil un guvern cu mini\u0219tri politici. \u00cenainte s\u0103 venim cu nominalizare, nu cred c\u0103 e util s\u0103 facem discu\u021bia asta \u00een spa\u021biul public.\u201d<\/em>, a conchis Nicu\u0219or Dan.<\/p>\n<p>Guvernul condus de Ilie Bolojan a fost demis prin mo\u021biune de cenzur\u0103 la \u00eenceputul lunii mai.\u00a0Prima propunere de premier a pre\u0219edintelui a fost Eugen Tomac; nu a reu\u0219it s\u0103 str\u00e2ng\u0103 sprijinul necesar. Ulterior, \u0219eful statului l-a desemnat pe Adrian Ve\u0219tea pentru func\u021bia de premier, \u00eens\u0103 Guvernul propus de acesta a picat \u00een Parlament. Dup\u0103 e\u0219ecul propunerii Ve\u0219tea, PSD l-a nominalizat pe Sorin Grindeanu pentru func\u021bia de premier, \u00een timp ce PNL, USR \u0219i UDMR l-au propus pe europarlamentarul PNL, Siegfried Mure\u0219an. Cu toate acestea, Nicu\u0219or Dan a refuzat s\u0103 fac\u0103 o desemnare, sus\u021bin\u00e2nd c\u0103 niciun nume nu poate str\u00e2nge o majoritate.<\/p>\n<\/div>\n<div id=\"social-box\">\n<ul class=\"post-social\">\n<li class=\"fb-line\">\n<li><a href=\"http:\/\/twitter.com\/share\" class=\"twitter-share-button\" data-lang=\"en\" data-count=\"horizontal\">Tweet<\/a><\/li>\n<li>\n<li><a href=\"http:\/\/pinterest.com\/pin\/create\/button\/?url=https%3A%2F%2Fexpressdebanat.ro%2Fnicusor-dan-anunta-noi-consultari-pentru-guvern-de-la-1-septembrie%2F&amp;media=https:\/\/cdn.expressdebanat.ro\/wp-content\/uploads\/2026\/04\/nicusor-dan.jpg&amp;description=Nicu%C8%99or%20Dan%20anun%C8%9B%C4%83%20noi%20consult%C4%83ri%20pentru%20Guvern,%20de%20la%201%20septembrie\" class=\"pin-it-button\">Pin It<\/a><\/li>\n<\/ul>\n<\/div>\n<\/div>\n<div id=\"content-area\">\n<div class=\"post-image\"><img loading=\"lazy\" decoding=\"async\" width=\"620\" height=\"400\" src=\"https:\/\/cdn.expressdebanat.ro\/wp-content\/uploads\/2026\/04\/nicusor-dan-620x400.jpg\" class=\"attachment-post-thumb size-post-thumb wp-post-image perfmatters-lazy\" alt=\"nicusor dan\"><img loading=\"lazy\" decoding=\"async\" width=\"620\" height=\"400\" src=\"https:\/\/cdn.expressdebanat.ro\/wp-content\/uploads\/2026\/04\/nicusor-dan-620x400.jpg\" class=\"attachment-post-thumb size-post-thumb wp-post-image\" alt=\"nicusor dan\"><\/div>\n<p><strong>Pre\u0219edintele Rom\u00e2niei, Nicu\u0219or Dan, a anun\u021bat c\u0103 va relua, la 1 septembrie, discu\u021biile cu partidele politice pentru formarea unei majorit\u0103\u021bi parlamentare care s\u0103 permit\u0103 \u00eenvestirea unui guvern cu puteri depline.<\/strong><\/p>\n<p><em>\u201eDup\u0103 cele dou\u0103 nominaliz\u0103ri am realizat c\u0103 nu exist\u0103 \u0219anse de majoritate pe perioada vacan\u021bei parlamentare \u0219i atunci, inclusiv din perspectiva agen\u021biilor de rating care urmau s\u0103 vin\u0103 s\u0103 evalueze Rom\u00e2nia, ar fi fost tare nefericit ca \u0219tirile din presa global\u0103 s\u0103 fie al treilea guvern n-a fost \u00eenvestit, al patrulea guvern n-a fost \u00eenvestit \u00een Rom\u00e2nia.\u201d<\/em>, a declarat Nicu\u0219or Dan.<\/p>\n<p>Pre\u0219edintele Rom\u00e2niei s-a declarat optimist c\u0103 for\u021bele politice vor ajunge la un acord imediat dup\u0103 debutul noii sesiuni parlamentare, moment c\u00e2nd vor \u00eencepe \u0219i consult\u0103rile la Cotroceni.<\/p>\n<p><em>\u201eAcum, imediat la 1 septembrie, o s\u0103 avem o nou\u0103 consultare, o s\u0103 vedem formal\u0103 sau informal\u0103 \u0219i eu cred c\u0103 vom g\u0103si o majoritate pentru un guvern care s\u0103 fie stabil. Eu cred c\u0103 este o urgen\u021b\u0103, cred c\u0103 toat\u0103 lumea realizeaz\u0103 c\u0103 este o urgen\u021b\u0103 s\u0103 avem un guvern.\u201d<\/em>, a subliniat \u0219eful statului.<\/p>\n<p>Despre componen\u021ba viitorului Cabinet, pre\u0219edintele nu s-a ar\u0103tat convins de o variant\u0103 tehnocrat\u0103, punct\u00e2nd c\u0103 vrea mai \u00eent\u00e2i s\u0103 vin\u0103 cu o nominalizare.<\/p>\n<p><em>\u201e\u00cen acest moment, nu v\u0103d sus\u021binere pentru un guvern cu mini\u0219tri tehnocra\u021bi. Deci este mult mai probabil un guvern cu mini\u0219tri politici. \u00cenainte s\u0103 venim cu nominalizare, nu cred c\u0103 e util s\u0103 facem discu\u021bia asta \u00een spa\u021biul public.\u201d<\/em>, a conchis Nicu\u0219or Dan.<\/p>\n<p>Guvernul condus de Ilie Bolojan a fost demis prin mo\u021biune de cenzur\u0103 la \u00eenceputul lunii mai.\u00a0Prima propunere de premier a pre\u0219edintelui a fost Eugen Tomac; nu a reu\u0219it s\u0103 str\u00e2ng\u0103 sprijinul necesar. Ulterior, \u0219eful statului l-a desemnat pe Adrian Ve\u0219tea pentru func\u021bia de premier, \u00eens\u0103 Guvernul propus de acesta a picat \u00een Parlament. Dup\u0103 e\u0219ecul propunerii Ve\u0219tea, PSD l-a nominalizat pe Sorin Grindeanu pentru func\u021bia de premier, \u00een timp ce PNL, USR \u0219i UDMR l-au propus pe europarlamentarul PNL, Siegfried Mure\u0219an. Cu toate acestea, Nicu\u0219or Dan a refuzat s\u0103 fac\u0103 o desemnare, sus\u021bin\u00e2nd c\u0103 niciun nume nu poate str\u00e2nge o majoritate.<\/p>\n<\/div>\n<p>[analyse_source url=&#8221;https:\/\/expressdebanat.ro\/nicusor-dan-anunta-noi-consultari-pentru-guvern-de-la-1-septembrie\/&#8221;]<\/p>\n","protected":false},"excerpt":{"rendered":"<p>[analyse_image type=&#8221;featured&#8221; src=&#8221;https:\/\/cdn.expressdebanat.ro\/wp-content\/uploads\/2026\/04\/nicusor-dan.jpg&#8221;] Pre\u0219edintele Rom\u00e2niei, Nicu\u0219or Dan, a anun\u021bat c\u0103 va relua, la 1 septembrie, discu\u021biile cu partidele politice pentru formarea unei majorit\u0103\u021bi parlamentare care s\u0103 permit\u0103 \u00eenvestirea unui guvern cu puteri depline. \u201eDup\u0103 cele dou\u0103 nominaliz\u0103ri am realizat c\u0103 nu exist\u0103 \u0219anse de majoritate pe perioada vacan\u021bei parlamentare \u0219i atunci, inclusiv din perspectiva agen\u021biilor [&hellip;]<\/p>\n","protected":false},"author":1,"featured_media":0,"comment_status":"open","ping_status":"","sticky":false,"template":"","format":"standard","meta":{"footnotes":""},"categories":[89],"tags":[226,196],"class_list":["post-2123681","post","type-post","status-publish","format-standard","hentry","category-romania","tag-crawlmanager","tag-expressdebanat-ro"],"_links":{"self":[{"href":"https:\/\/analyse.optim.biz\/index.php?rest_route=\/wp\/v2\/posts\/2123681","targetHints":{"allow":["GET"]}}],"collection":[{"href":"https:\/\/analyse.optim.biz\/index.php?rest_route=\/wp\/v2\/posts"}],"about":[{"href":"https:\/\/analyse.optim.biz\/index.php?rest_route=\/wp\/v2\/types\/post"}],"author":[{"embeddable":true,"href":"https:\/\/analyse.optim.biz\/index.php?rest_route=\/wp\/v2\/users\/1"}],"replies":[{"embeddable":true,"href":"https:\/\/analyse.optim.biz\/index.php?rest_route=%2Fwp%2Fv2%2Fcomments&post=2123681"}],"version-history":[{"count":0,"href":"https:\/\/analyse.optim.biz\/index.php?rest_route=\/wp\/v2\/posts\/2123681\/revisions"}],"wp:attachment":[{"href":"https:\/\/analyse.optim.biz\/index.php?rest_route=%2Fwp%2Fv2%2Fmedia&parent=2123681"}],"wp:term":[{"taxonomy":"category","embeddable":true,"href":"https:\/\/analyse.optim.biz\/index.php?rest_route=%2Fwp%2Fv2%2Fcategories&post=2123681"},{"taxonomy":"post_tag","embeddable":true,"href":"https:\/\/analyse.optim.biz\/index.php?rest_route=%2Fwp%2Fv2%2Ftags&post=2123681"}],"curies":[{"name":"wp","href":"https:\/\/api.w.org\/{rel}","templated":true}]}}