{"id":2123680,"date":"2026-08-27T16:32:40","date_gmt":"2026-08-27T13:32:40","guid":{"rendered":"https:\/\/analyse.optim.biz\/?p=2123680"},"modified":"2026-08-27T16:32:40","modified_gmt":"2026-08-27T13:32:40","slug":"mi-au-dat-un-mandat-de-patru-ani-fritz-respinge-ideea-demisiei","status":"publish","type":"post","link":"https:\/\/analyse.optim.biz\/?p=2123680","title":{"rendered":"\u201eMi-au dat un mandat de patru ani\u201d. Fritz respinge ideea demisiei"},"content":{"rendered":"<p>[analyse_image type=&#8221;featured&#8221; src=&#8221;https:\/\/cdn.expressdebanat.ro\/wp-content\/uploads\/2025\/05\/dominic_fritz_usr-1-e1753344731907.jpg&#8221;]<\/p>\n<div id=\"post-area\" class=\"post-981850 post type-post status-publish format-standard has-post-thumbnail hentry category-national category-politica tag-demisie-fritz tag-dominic-fritz tag-legea-ani tag-primaria-timisoara tag-usr\">\n<div id=\"social-box\">\n<ul class=\"post-social\">\n<li class=\"social-share-button\">\n<li class=\"social-share-button\">\n<li class=\"social-share-button\"><\/ul>\n<\/div>\n<div id=\"content-area\">\n<div class=\"post-image\"><img loading=\"lazy\" decoding=\"async\" width=\"620\" height=\"400\" src=\"https:\/\/cdn.expressdebanat.ro\/wp-content\/uploads\/2025\/05\/dominic_fritz_usr-1-620x400.jpg\" class=\"attachment-post-thumb size-post-thumb wp-post-image perfmatters-lazy\" alt=\"dominic fritz usr\"><img loading=\"lazy\" decoding=\"async\" width=\"620\" height=\"400\" src=\"https:\/\/cdn.expressdebanat.ro\/wp-content\/uploads\/2025\/05\/dominic_fritz_usr-1-620x400.jpg\" class=\"attachment-post-thumb size-post-thumb wp-post-image\" alt=\"dominic fritz usr\"><\/div>\n<p><strong>\u201eS\u0103 zicem c\u0103 mi-a\u0219 da demisia\u201d, spune liderul USR, primarul Timi\u0219oarei. Dominic Fritz sus\u021bine c\u0103 o astfel de decizie nu ar rezolva problema noii Legi ANI, despre care afirm\u0103 c\u0103 este contrar\u0103 dreptului european.<\/strong><\/p>\n<p class=\"isSelectedEnd\"><em>\u201eS\u0103 zicem c\u0103 mi-a\u0219 da demisia. Legea tot e \u00een vigoare \u0219i tot contravine dreptului european. De aia zic, nu e despre mine. Este despre Constitu\u021bie \u0219i despre dreptul european.\u201d<\/em>, a declarat Dominic Fritz la Digi24.<\/p>\n<p class=\"isSelectedEnd\">Primarul Timi\u0219oarei spune c\u0103 aleg\u0103torii i-au acordat un mandat de patru ani \u0219i c\u0103 inten\u021bioneaz\u0103 s\u0103 \u00eel duc\u0103 p\u00e2n\u0103 la cap\u0103t.<\/p>\n<p class=\"isSelectedEnd\"><em>\u201eDe ce s\u0103-mi dau demisia dac\u0103 eu m-am dus \u00een fa\u021ba timi\u0219orenilor \u0219i mi-au dat un mandat de patru ani. Mi-au dat un mandat de patru ani. P\u00e2n\u0103 \u00een ultima zi, nu m\u0103 voi ascunde de acest mandat \u0219i nu voi abandona Timi\u0219oara \u00een niciun caz.\u201d<\/em>, a spus liderul USR.<\/p>\n<p class=\"isSelectedEnd\">Fritz consider\u0103 c\u0103 problema nu este una personal\u0103, ci \u021bine de modul \u00een care este aplicat\u0103 noua legisla\u021bie. <em>\u201eNu po\u021bi inventa o sanc\u021biune retroactiv\u0103.\u201d<\/em>, a afirmat primarul.<\/p>\n<p class=\"isSelectedEnd\">Liderul USR a lansat \u0219i o serie de acuza\u021bii la adresa PSD, pe care \u00eel consider\u0103 responsabil pentru ceea ce nume\u0219te <em>\u201eun sistem de borfa\u0219i\u201d<\/em>. <em>\u201eAr fi grav s\u0103 ne l\u0103s\u0103m c\u0103lca\u021bi \u00een picioare de un sistem de borfa\u0219i.\u201d<\/em>, a spus Fritz. \u00centrebat cine face parte din acest sistem, primarul Timi\u0219oarei a indicat PSD \u0219i a acuzat partidul c\u0103 ar fi <em>\u201ecapturat\u201d<\/em> mai multe institu\u021bii ale statului.<\/p>\n<p class=\"isSelectedEnd\">Fritz a criticat inclusiv Consiliul Legislativ \u0219i Curtea Constitu\u021bional\u0103, despre care a spus c\u0103 ar ac\u021biona \u00een func\u021bie de interese politice. El a sus\u021binut, de asemenea, c\u0103 o parte a sistemului de justi\u021bie este coordonat\u0103 de PSD.<\/p>\n<p>Reamintim, Senatul a adoptat recent noua Lege ANI care prevede, printre altele, \u00eencetarea de drept a unor mandate \u00een cazul persoanelor c\u0103rora li s-a constatat definitiv o stare de incompatibilitate sau un conflict de interese, \u00een condi\u021biile prev\u0103zute de actul normativ. Prevederea \u00eel vizeaz\u0103 \u0219i pe Dominic Fritz, dup\u0103 decizia definitiv\u0103 a \u00cenaltei Cur\u021bi de Casa\u021bie \u0219i Justi\u021bie \u00een cazul s\u0103u de conflict de interese. Dac\u0103 legea va fi promulgat\u0103 \u00een forma actual\u0103 \u0219i prevederea va deveni aplicabil\u0103 situa\u021biei sale, mandatul primarului Timi\u0219oarei ar putea \u00eenceta \u00eenainte de termen.<\/p>\n<\/div>\n<div id=\"social-box\">\n<ul class=\"post-social\">\n<li class=\"fb-line\">\n<li><a href=\"http:\/\/twitter.com\/share\" class=\"twitter-share-button\" data-lang=\"en\" data-count=\"horizontal\">Tweet<\/a><\/li>\n<li>\n<li><a href=\"http:\/\/pinterest.com\/pin\/create\/button\/?url=https%3A%2F%2Fexpressdebanat.ro%2Fmi-au-dat-un-mandat-de-patru-ani-fritz-respinge-ideea-demisiei%2F&amp;media=https:\/\/cdn.expressdebanat.ro\/wp-content\/uploads\/2025\/05\/dominic_fritz_usr-1-e1753344731907.jpg&amp;description=%E2%80%9EMi-au%20dat%20un%20mandat%20de%20patru%20ani%E2%80%9D.%20Fritz%20respinge%20ideea%20demisiei\" class=\"pin-it-button\">Pin It<\/a><\/li>\n<\/ul>\n<\/div>\n<\/div>\n<div id=\"content-area\">\n<div class=\"post-image\"><img loading=\"lazy\" decoding=\"async\" width=\"620\" height=\"400\" src=\"https:\/\/cdn.expressdebanat.ro\/wp-content\/uploads\/2025\/05\/dominic_fritz_usr-1-620x400.jpg\" class=\"attachment-post-thumb size-post-thumb wp-post-image perfmatters-lazy\" alt=\"dominic fritz usr\"><img loading=\"lazy\" decoding=\"async\" width=\"620\" height=\"400\" src=\"https:\/\/cdn.expressdebanat.ro\/wp-content\/uploads\/2025\/05\/dominic_fritz_usr-1-620x400.jpg\" class=\"attachment-post-thumb size-post-thumb wp-post-image\" alt=\"dominic fritz usr\"><\/div>\n<p><strong>\u201eS\u0103 zicem c\u0103 mi-a\u0219 da demisia\u201d, spune liderul USR, primarul Timi\u0219oarei. Dominic Fritz sus\u021bine c\u0103 o astfel de decizie nu ar rezolva problema noii Legi ANI, despre care afirm\u0103 c\u0103 este contrar\u0103 dreptului european.<\/strong><\/p>\n<p class=\"isSelectedEnd\"><em>\u201eS\u0103 zicem c\u0103 mi-a\u0219 da demisia. Legea tot e \u00een vigoare \u0219i tot contravine dreptului european. De aia zic, nu e despre mine. Este despre Constitu\u021bie \u0219i despre dreptul european.\u201d<\/em>, a declarat Dominic Fritz la Digi24.<\/p>\n<p class=\"isSelectedEnd\">Primarul Timi\u0219oarei spune c\u0103 aleg\u0103torii i-au acordat un mandat de patru ani \u0219i c\u0103 inten\u021bioneaz\u0103 s\u0103 \u00eel duc\u0103 p\u00e2n\u0103 la cap\u0103t.<\/p>\n<p class=\"isSelectedEnd\"><em>\u201eDe ce s\u0103-mi dau demisia dac\u0103 eu m-am dus \u00een fa\u021ba timi\u0219orenilor \u0219i mi-au dat un mandat de patru ani. Mi-au dat un mandat de patru ani. P\u00e2n\u0103 \u00een ultima zi, nu m\u0103 voi ascunde de acest mandat \u0219i nu voi abandona Timi\u0219oara \u00een niciun caz.\u201d<\/em>, a spus liderul USR.<\/p>\n<p class=\"isSelectedEnd\">Fritz consider\u0103 c\u0103 problema nu este una personal\u0103, ci \u021bine de modul \u00een care este aplicat\u0103 noua legisla\u021bie. <em>\u201eNu po\u021bi inventa o sanc\u021biune retroactiv\u0103.\u201d<\/em>, a afirmat primarul.<\/p>\n<p class=\"isSelectedEnd\">Liderul USR a lansat \u0219i o serie de acuza\u021bii la adresa PSD, pe care \u00eel consider\u0103 responsabil pentru ceea ce nume\u0219te <em>\u201eun sistem de borfa\u0219i\u201d<\/em>. <em>\u201eAr fi grav s\u0103 ne l\u0103s\u0103m c\u0103lca\u021bi \u00een picioare de un sistem de borfa\u0219i.\u201d<\/em>, a spus Fritz. \u00centrebat cine face parte din acest sistem, primarul Timi\u0219oarei a indicat PSD \u0219i a acuzat partidul c\u0103 ar fi <em>\u201ecapturat\u201d<\/em> mai multe institu\u021bii ale statului.<\/p>\n<p class=\"isSelectedEnd\">Fritz a criticat inclusiv Consiliul Legislativ \u0219i Curtea Constitu\u021bional\u0103, despre care a spus c\u0103 ar ac\u021biona \u00een func\u021bie de interese politice. El a sus\u021binut, de asemenea, c\u0103 o parte a sistemului de justi\u021bie este coordonat\u0103 de PSD.<\/p>\n<p>Reamintim, Senatul a adoptat recent noua Lege ANI care prevede, printre altele, \u00eencetarea de drept a unor mandate \u00een cazul persoanelor c\u0103rora li s-a constatat definitiv o stare de incompatibilitate sau un conflict de interese, \u00een condi\u021biile prev\u0103zute de actul normativ. Prevederea \u00eel vizeaz\u0103 \u0219i pe Dominic Fritz, dup\u0103 decizia definitiv\u0103 a \u00cenaltei Cur\u021bi de Casa\u021bie \u0219i Justi\u021bie \u00een cazul s\u0103u de conflict de interese. Dac\u0103 legea va fi promulgat\u0103 \u00een forma actual\u0103 \u0219i prevederea va deveni aplicabil\u0103 situa\u021biei sale, mandatul primarului Timi\u0219oarei ar putea \u00eenceta \u00eenainte de termen.<\/p>\n<\/div>\n<p>[analyse_source url=&#8221;https:\/\/expressdebanat.ro\/mi-au-dat-un-mandat-de-patru-ani-fritz-respinge-ideea-demisiei\/&#8221;]<\/p>\n","protected":false},"excerpt":{"rendered":"<p>[analyse_image type=&#8221;featured&#8221; src=&#8221;https:\/\/cdn.expressdebanat.ro\/wp-content\/uploads\/2025\/05\/dominic_fritz_usr-1-e1753344731907.jpg&#8221;] \u201eS\u0103 zicem c\u0103 mi-a\u0219 da demisia\u201d, spune liderul USR, primarul Timi\u0219oarei. Dominic Fritz sus\u021bine c\u0103 o astfel de decizie nu ar rezolva problema noii Legi ANI, despre care afirm\u0103 c\u0103 este contrar\u0103 dreptului european. \u201eS\u0103 zicem c\u0103 mi-a\u0219 da demisia. Legea tot e \u00een vigoare \u0219i tot contravine dreptului european. De aia [&hellip;]<\/p>\n","protected":false},"author":1,"featured_media":0,"comment_status":"open","ping_status":"","sticky":false,"template":"","format":"standard","meta":{"footnotes":""},"categories":[89],"tags":[226,196],"class_list":["post-2123680","post","type-post","status-publish","format-standard","hentry","category-romania","tag-crawlmanager","tag-expressdebanat-ro"],"_links":{"self":[{"href":"https:\/\/analyse.optim.biz\/index.php?rest_route=\/wp\/v2\/posts\/2123680","targetHints":{"allow":["GET"]}}],"collection":[{"href":"https:\/\/analyse.optim.biz\/index.php?rest_route=\/wp\/v2\/posts"}],"about":[{"href":"https:\/\/analyse.optim.biz\/index.php?rest_route=\/wp\/v2\/types\/post"}],"author":[{"embeddable":true,"href":"https:\/\/analyse.optim.biz\/index.php?rest_route=\/wp\/v2\/users\/1"}],"replies":[{"embeddable":true,"href":"https:\/\/analyse.optim.biz\/index.php?rest_route=%2Fwp%2Fv2%2Fcomments&post=2123680"}],"version-history":[{"count":0,"href":"https:\/\/analyse.optim.biz\/index.php?rest_route=\/wp\/v2\/posts\/2123680\/revisions"}],"wp:attachment":[{"href":"https:\/\/analyse.optim.biz\/index.php?rest_route=%2Fwp%2Fv2%2Fmedia&parent=2123680"}],"wp:term":[{"taxonomy":"category","embeddable":true,"href":"https:\/\/analyse.optim.biz\/index.php?rest_route=%2Fwp%2Fv2%2Fcategories&post=2123680"},{"taxonomy":"post_tag","embeddable":true,"href":"https:\/\/analyse.optim.biz\/index.php?rest_route=%2Fwp%2Fv2%2Ftags&post=2123680"}],"curies":[{"name":"wp","href":"https:\/\/api.w.org\/{rel}","templated":true}]}}