{"id":2123678,"date":"2026-08-27T13:53:20","date_gmt":"2026-08-27T10:53:20","guid":{"rendered":"https:\/\/analyse.optim.biz\/?p=2123678"},"modified":"2026-08-27T13:53:20","modified_gmt":"2026-08-27T10:53:20","slug":"cine-a-stiut-ce-cand-intreaba-fritz-dupa-dezvaluirile-despre-pahontu-ce-solicita-liderul-usr","status":"publish","type":"post","link":"https:\/\/analyse.optim.biz\/?p=2123678","title":{"rendered":"\u201eCine a \u0219tiut ce, c\u00e2nd?\u201d, \u00eentreab\u0103 Fritz dup\u0103 dezv\u0103luirile despre Pahon\u021bu. Ce solicit\u0103 liderul USR"},"content":{"rendered":"<p>[analyse_image type=&#8221;featured&#8221; src=&#8221;https:\/\/cdn.expressdebanat.ro\/wp-content\/uploads\/2026\/02\/fritz_dominic_usr.jpg&#8221;]<\/p>\n<div id=\"post-area\" class=\"post-981842 post type-post status-publish format-standard has-post-thumbnail hentry category-national tag-ancheta tag-fritz tag-important tag-pahontu tag-recorder tag-spp tag-sri\">\n<div id=\"social-box\">\n<ul class=\"post-social\">\n<li class=\"social-share-button\">\n<li class=\"social-share-button\">\n<li class=\"social-share-button\"><\/ul>\n<\/div>\n<div id=\"content-area\">\n<div class=\"post-image\"><img loading=\"lazy\" decoding=\"async\" width=\"620\" height=\"400\" src=\"https:\/\/cdn.expressdebanat.ro\/wp-content\/uploads\/2026\/02\/fritz_dominic_usr-620x400.jpg\" class=\"attachment-post-thumb size-post-thumb wp-post-image perfmatters-lazy\" alt=\"fritz dominic usr\"><img loading=\"lazy\" decoding=\"async\" width=\"620\" height=\"400\" src=\"https:\/\/cdn.expressdebanat.ro\/wp-content\/uploads\/2026\/02\/fritz_dominic_usr-620x400.jpg\" class=\"attachment-post-thumb size-post-thumb wp-post-image\" alt=\"fritz dominic usr\"><\/div>\n<p><strong>\u201eSunt acuza\u021bii extrem de grave la care domnul general Pahon\u021bu trebuie s\u0103 r\u0103spund\u0103\u201d, spune Dominic Fritz, dup\u0103 investiga\u021bia Recorder privind trecutul \u0219efului SPP. Primarul Timi\u0219oarei, pre\u0219edintele USR, cere \u0219i s\u0103 se afle dac\u0103 institu\u021biile statului au ascuns informa\u021bii despre trecutul acestuia.<\/strong><\/p>\n<p><em>\u201eSunt acuza\u021bii extrem de grave la care domnul general Pahon\u021bu trebuie s\u0103 r\u0103spund\u0103. Dac\u0103 se confirm\u0103, dator\u0103m victimelor Revolu\u021biei \u0219i genera\u021biilor viitoare ca el s\u0103 fac\u0103 un pas \u00eenapoi.\u201d,\u00a0<\/em>a reac\u021bionat Dominic Fritz pe Facebook.<\/p>\n<p>Primarul Timi\u0219oarei cere\u00a0s\u0103 se afle dac\u0103 trecutul \u0219efului SPP a fost cunoscut de institu\u021biile statului \u0219i, eventual, ascuns.<\/p>\n<h3><a href=\"https:\/\/expressdebanat.ro\/gino-rado-dupa-ancheta-despre-trecutul-lui-lucian-pahontu-sigur-mai-sunt-si-altii\/\">CITE\u0218TE \u0218I: Gino Rado, dup\u0103 ancheta despre trecutul lui Lucian Pahon\u021bu: Sigur mai sunt \u0219i al\u021bii<\/a><\/h3>\n<p><em>\u201eEste crucial s\u0103 afl\u0103m dac\u0103 institu\u021biile statului au ascuns proactiv adev\u0103rul \u00een acest caz. Cine a \u0219tiut ce, c\u00e2nd? Rom\u00e2nia nu poate avea un viitor bun f\u0103r\u0103 s\u0103 avem noi, ca societate, curajul \u0219i asumarea de a confrunta umbrele trecutului. Nu poate s\u0103 existe niciun dubiu asupra valorilor care guverneaz\u0103 la cel mai \u00eenalt nivel al statului rom\u00e2n.\u201d,\u00a0<\/em>a mai transmis Fritz.<\/p>\n<p>Liderul USR a criticat \u0219i ceea ce consider\u0103 a fi lipsa de reac\u021bie a marilor televiziuni fa\u021b\u0103 de investiga\u021bie.<\/p>\n<p><em>\u201eFaptul c\u0103 discu\u021bia despre acest caz pare s\u0103 fie una purtat\u0103 aproape \u00een \u0219oapt\u0103, ignorat\u0103 de marile televiziuni, ne spune multe despre starea democra\u021biei \u00een 2026. Este datoria noastr\u0103 a tuturor s\u0103 nu facem parte din cartelul b\u0103gatului sub pre\u0219.\u201d<\/em>, a mai spus Fritz.<\/p>\n<p>El a amintit \u0219i de ini\u021biativele partidului pe care \u00eel conduce privind controlul civil asupra serviciilor de informa\u021bii \u0219i limitarea mandatelor directorilor acestora. <em>\u201eMie personal mi s-a sugerat de repetate ori s-o \u00abiau mai moale\u00bb c\u00e2nd vorbesc despre anumite persoane sau structuri ale statului. Dar sunt convins c\u0103 nu pot exista tabuuri \u00eentr-o societate care se respect\u0103. Fix adev\u0103rul este ceea ce ne cere mult invocatul interes na\u021bional.\u201d<\/em>, a conchis Dominic Fritz.<\/p>\n<\/div>\n<div id=\"social-box\">\n<ul class=\"post-social\">\n<li class=\"fb-line\">\n<li><a href=\"http:\/\/twitter.com\/share\" class=\"twitter-share-button\" data-lang=\"en\" data-count=\"horizontal\">Tweet<\/a><\/li>\n<li>\n<li><a href=\"http:\/\/pinterest.com\/pin\/create\/button\/?url=https%3A%2F%2Fexpressdebanat.ro%2Fcine-a-stiut-ce-cand-intreaba-fritz-dupa-dezvaluirile-despre-pahontu%2F&amp;media=https:\/\/cdn.expressdebanat.ro\/wp-content\/uploads\/2026\/02\/fritz_dominic_usr.jpg&amp;description=%E2%80%9ECine%20a%20%C8%99tiut%20ce,%20c%C3%A2nd?%E2%80%9D,%20%C3%AEntreab%C4%83%20Fritz%20dup%C4%83%20dezv%C4%83luirile%20despre%20Pahon%C8%9Bu.%20Ce%20solicit%C4%83%20liderul%20USR\" class=\"pin-it-button\">Pin It<\/a><\/li>\n<\/ul>\n<\/div>\n<\/div>\n<div id=\"content-area\">\n<div class=\"post-image\"><img loading=\"lazy\" decoding=\"async\" width=\"620\" height=\"400\" src=\"https:\/\/cdn.expressdebanat.ro\/wp-content\/uploads\/2026\/02\/fritz_dominic_usr-620x400.jpg\" class=\"attachment-post-thumb size-post-thumb wp-post-image perfmatters-lazy\" alt=\"fritz dominic usr\"><img loading=\"lazy\" decoding=\"async\" width=\"620\" height=\"400\" src=\"https:\/\/cdn.expressdebanat.ro\/wp-content\/uploads\/2026\/02\/fritz_dominic_usr-620x400.jpg\" class=\"attachment-post-thumb size-post-thumb wp-post-image\" alt=\"fritz dominic usr\"><\/div>\n<p><strong>\u201eSunt acuza\u021bii extrem de grave la care domnul general Pahon\u021bu trebuie s\u0103 r\u0103spund\u0103\u201d, spune Dominic Fritz, dup\u0103 investiga\u021bia Recorder privind trecutul \u0219efului SPP. Primarul Timi\u0219oarei, pre\u0219edintele USR, cere \u0219i s\u0103 se afle dac\u0103 institu\u021biile statului au ascuns informa\u021bii despre trecutul acestuia.<\/strong><\/p>\n<p><em>\u201eSunt acuza\u021bii extrem de grave la care domnul general Pahon\u021bu trebuie s\u0103 r\u0103spund\u0103. Dac\u0103 se confirm\u0103, dator\u0103m victimelor Revolu\u021biei \u0219i genera\u021biilor viitoare ca el s\u0103 fac\u0103 un pas \u00eenapoi.\u201d,\u00a0<\/em>a reac\u021bionat Dominic Fritz pe Facebook.<\/p>\n<p>Primarul Timi\u0219oarei cere\u00a0s\u0103 se afle dac\u0103 trecutul \u0219efului SPP a fost cunoscut de institu\u021biile statului \u0219i, eventual, ascuns.<\/p>\n<h3><a href=\"https:\/\/expressdebanat.ro\/gino-rado-dupa-ancheta-despre-trecutul-lui-lucian-pahontu-sigur-mai-sunt-si-altii\/\">CITE\u0218TE \u0218I: Gino Rado, dup\u0103 ancheta despre trecutul lui Lucian Pahon\u021bu: Sigur mai sunt \u0219i al\u021bii<\/a><\/h3>\n<p><em>\u201eEste crucial s\u0103 afl\u0103m dac\u0103 institu\u021biile statului au ascuns proactiv adev\u0103rul \u00een acest caz. Cine a \u0219tiut ce, c\u00e2nd? Rom\u00e2nia nu poate avea un viitor bun f\u0103r\u0103 s\u0103 avem noi, ca societate, curajul \u0219i asumarea de a confrunta umbrele trecutului. Nu poate s\u0103 existe niciun dubiu asupra valorilor care guverneaz\u0103 la cel mai \u00eenalt nivel al statului rom\u00e2n.\u201d,\u00a0<\/em>a mai transmis Fritz.<\/p>\n<p>Liderul USR a criticat \u0219i ceea ce consider\u0103 a fi lipsa de reac\u021bie a marilor televiziuni fa\u021b\u0103 de investiga\u021bie.<\/p>\n<p><em>\u201eFaptul c\u0103 discu\u021bia despre acest caz pare s\u0103 fie una purtat\u0103 aproape \u00een \u0219oapt\u0103, ignorat\u0103 de marile televiziuni, ne spune multe despre starea democra\u021biei \u00een 2026. Este datoria noastr\u0103 a tuturor s\u0103 nu facem parte din cartelul b\u0103gatului sub pre\u0219.\u201d<\/em>, a mai spus Fritz.<\/p>\n<p>El a amintit \u0219i de ini\u021biativele partidului pe care \u00eel conduce privind controlul civil asupra serviciilor de informa\u021bii \u0219i limitarea mandatelor directorilor acestora. <em>\u201eMie personal mi s-a sugerat de repetate ori s-o \u00abiau mai moale\u00bb c\u00e2nd vorbesc despre anumite persoane sau structuri ale statului. Dar sunt convins c\u0103 nu pot exista tabuuri \u00eentr-o societate care se respect\u0103. Fix adev\u0103rul este ceea ce ne cere mult invocatul interes na\u021bional.\u201d<\/em>, a conchis Dominic Fritz.<\/p>\n<\/div>\n<p>[analyse_source url=&#8221;https:\/\/expressdebanat.ro\/cine-a-stiut-ce-cand-intreaba-fritz-dupa-dezvaluirile-despre-pahontu\/&#8221;]<\/p>\n","protected":false},"excerpt":{"rendered":"<p>[analyse_image type=&#8221;featured&#8221; src=&#8221;https:\/\/cdn.expressdebanat.ro\/wp-content\/uploads\/2026\/02\/fritz_dominic_usr.jpg&#8221;] \u201eSunt acuza\u021bii extrem de grave la care domnul general Pahon\u021bu trebuie s\u0103 r\u0103spund\u0103\u201d, spune Dominic Fritz, dup\u0103 investiga\u021bia Recorder privind trecutul \u0219efului SPP. Primarul Timi\u0219oarei, pre\u0219edintele USR, cere \u0219i s\u0103 se afle dac\u0103 institu\u021biile statului au ascuns informa\u021bii despre trecutul acestuia. \u201eSunt acuza\u021bii extrem de grave la care domnul general Pahon\u021bu trebuie [&hellip;]<\/p>\n","protected":false},"author":1,"featured_media":0,"comment_status":"open","ping_status":"","sticky":false,"template":"","format":"standard","meta":{"footnotes":""},"categories":[89],"tags":[226,196],"class_list":["post-2123678","post","type-post","status-publish","format-standard","hentry","category-romania","tag-crawlmanager","tag-expressdebanat-ro"],"_links":{"self":[{"href":"https:\/\/analyse.optim.biz\/index.php?rest_route=\/wp\/v2\/posts\/2123678","targetHints":{"allow":["GET"]}}],"collection":[{"href":"https:\/\/analyse.optim.biz\/index.php?rest_route=\/wp\/v2\/posts"}],"about":[{"href":"https:\/\/analyse.optim.biz\/index.php?rest_route=\/wp\/v2\/types\/post"}],"author":[{"embeddable":true,"href":"https:\/\/analyse.optim.biz\/index.php?rest_route=\/wp\/v2\/users\/1"}],"replies":[{"embeddable":true,"href":"https:\/\/analyse.optim.biz\/index.php?rest_route=%2Fwp%2Fv2%2Fcomments&post=2123678"}],"version-history":[{"count":0,"href":"https:\/\/analyse.optim.biz\/index.php?rest_route=\/wp\/v2\/posts\/2123678\/revisions"}],"wp:attachment":[{"href":"https:\/\/analyse.optim.biz\/index.php?rest_route=%2Fwp%2Fv2%2Fmedia&parent=2123678"}],"wp:term":[{"taxonomy":"category","embeddable":true,"href":"https:\/\/analyse.optim.biz\/index.php?rest_route=%2Fwp%2Fv2%2Fcategories&post=2123678"},{"taxonomy":"post_tag","embeddable":true,"href":"https:\/\/analyse.optim.biz\/index.php?rest_route=%2Fwp%2Fv2%2Ftags&post=2123678"}],"curies":[{"name":"wp","href":"https:\/\/api.w.org\/{rel}","templated":true}]}}