{"id":2123677,"date":"2026-08-31T14:07:12","date_gmt":"2026-08-31T11:07:12","guid":{"rendered":"https:\/\/analyse.optim.biz\/?p=2123677"},"modified":"2026-08-31T14:07:12","modified_gmt":"2026-08-31T11:07:12","slug":"grindeanu-vrea-sa-fie-premier-imi-asum-functia-stiu-ce-inseamna","status":"publish","type":"post","link":"https:\/\/analyse.optim.biz\/?p=2123677","title":{"rendered":"Grindeanu vrea s\u0103 fie premier: \u201e\u00cemi asum func\u021bia. \u0218tiu ce \u00eenseamn\u0103\u201d"},"content":{"rendered":"<p>[analyse_image type=&#8221;featured&#8221; src=&#8221;https:\/\/cdn.expressdebanat.ro\/wp-content\/uploads\/2026\/08\/grindeanu.jpg&#8221;]<\/p>\n<div id=\"post-area\" class=\"post-982114 post type-post status-publish format-standard has-post-thumbnail hentry category-national category-politica tag-grindeanu tag-guvern tag-important tag-premier tag-psd tag-romania\">\n<div id=\"social-box\">\n<ul class=\"post-social\">\n<li class=\"social-share-button\">\n<li class=\"social-share-button\">\n<li class=\"social-share-button\"><\/ul>\n<\/div>\n<div id=\"content-area\">\n<div class=\"post-image\"><img loading=\"lazy\" decoding=\"async\" width=\"620\" height=\"400\" src=\"https:\/\/cdn.expressdebanat.ro\/wp-content\/uploads\/2026\/08\/grindeanu-620x400.jpg\" class=\"attachment-post-thumb size-post-thumb wp-post-image perfmatters-lazy\" alt=\"grindeanu\"><img loading=\"lazy\" decoding=\"async\" width=\"620\" height=\"400\" src=\"https:\/\/cdn.expressdebanat.ro\/wp-content\/uploads\/2026\/08\/grindeanu-620x400.jpg\" class=\"attachment-post-thumb size-post-thumb wp-post-image\" alt=\"grindeanu\"><\/div>\n<p><strong>Sorin Grindeanu a spus luni c\u0103 \u00ee\u0219i asum\u0103 func\u021bia de premier, dup\u0103 consiliul PSD de la Sinaia, unde conducerea partidului a votat priorit\u0103\u021bile pe care le vrea viitorul Guvern.<\/strong><strong>Pre\u0219edintele PSD a mai ad\u0103ugat c\u0103 el are deja experien\u021ba func\u021biei de prim-ministru.<\/strong><\/p>\n<p><em>\u201ePropunerea PSD pentru func\u021bia de prim-ministru este luat\u0103 de acum trei luni. Nu s-a schimbat nimic. Noi nu ne schimb\u0103m deciziile dup\u0103 cum bate v\u00e2ntul. Evident c\u0103 \u00eemi asum func\u021bia de prim-ministru. \u00cens\u0103 v\u0103 reamintesc c\u0103 pre\u0219edintele e cel care face desemnarea.\u201d<\/em>, a declarat Sorin Grindeanu, la ie\u0219irea din \u0219edin\u021ba PSD.<\/p>\n<p>Pre\u0219edintele PSD spune c\u0103 va sus\u021bine doar dou\u0103 variante: cea a unui guvern monocolor PSD \u0219i cea a unui guvern \u201e\u00een jurul PSD\u201d. De altfel, liderul a mai spus c\u0103 nu va vota un Guvern din care PSD s\u0103 nu fac\u0103 parte.<\/p>\n<p><em>\u201eCeea ce am stabilit noi ast\u0103zi, Partidul Social Democrat, este cadrul politic \u00een care PSD va sus\u021bine viitorul guvern, iar variantele sunt fie guvern minoritar PSD, fie un guvern \u00een jurul PSD. Spre deosebire de al\u021bii care confund\u0103 guvernul cu o prim\u0103rie, eu \u0219tiu ce \u00eenseamn\u0103 s\u0103 fii premier. Am avut \u00een acele \u0219ase luni\u2026\u201d<\/em>, a mai spus \u0219eful partidului.<\/p>\n<p>Sorin Grindeanu a afirmat c\u0103 \u00een prezent nu are voturile necesare \u00eenvestirii unui guvern PSD.<\/p>\n<p>Liderul social-democrat a declarat c\u0103 singura sus\u021binere pe care o are \u00een Parlament sunt cele 187 de voturi, cele pe care a reu\u0219it s\u0103 le str\u00e2ng\u0103 \u0219i Adrian Ve\u0219tea, insuficiente pentru materializarea unui Guvern cu puteri depline.<\/p>\n<p>\u00centrebat dac\u0103 PSD este dispus s\u0103 negocieze cu AUR pentru a ob\u021bine sus\u021binerea necesar\u0103 \u00een Parlament, Sorin Grindeanu a respins aceast\u0103 variant\u0103, spun\u00e2nd c\u0103 \u201epozi\u021bia noastr\u0103 nu s-a schimbat\u201d. <em>\u201eRespect \u0219i respect\u0103m aleg\u0103torii acestui partid, \u00eens\u0103 nu exist\u0103 perspectiv\u0103 de a avea alian\u021b\u0103 de guvernare cu AUR.\u201d<\/em>, a afirmat Grindeanu.<\/p>\n<p>El a mai declarat c\u0103 <em>\u201edac\u0103 vrem ca PSD, \u0219i vrem acest lucru cu to\u021bii, s\u0103 c\u00e2\u0219tige alegerile, ca \u0219i p\u00e2n\u0103 acum, atunci \u021binta este s\u0103 se bat\u0103 la locul 1\u201d<\/em>. <em>\u201eEu v\u0103 spun c\u0103 mizez inclusiv pe oameni de bun\u0103 credin\u021b\u0103 de la partidele de dreapta, care vor vota un posibil guvern format, a\u0219a cum am spus mai devreme.\u201d<\/em>, a declarat pre\u0219edintele PSD.<\/p>\n<p>Negocierile pentru viitorul Guvern urmeaz\u0103 s\u0103 fie purtate la Palatul Cotroceni, \u00een zilele urm\u0103toare, cu toate partidele politice pro-occidentale.<\/p>\n<\/div>\n<div id=\"social-box\">\n<ul class=\"post-social\">\n<li class=\"fb-line\">\n<li><a href=\"http:\/\/twitter.com\/share\" class=\"twitter-share-button\" data-lang=\"en\" data-count=\"horizontal\">Tweet<\/a><\/li>\n<li>\n<li><a href=\"http:\/\/pinterest.com\/pin\/create\/button\/?url=https%3A%2F%2Fexpressdebanat.ro%2Fgrindeanu-vrea-sa-fie-premier-imi-asum-functia-stiu-ce-inseamna%2F&amp;media=https:\/\/cdn.expressdebanat.ro\/wp-content\/uploads\/2026\/08\/grindeanu.jpg&amp;description=Grindeanu%20vrea%20s%C4%83%20fie%20premier:%20%E2%80%9E%C3%8Emi%20asum%20func%C8%9Bia.%20%C8%98tiu%20ce%20%C3%AEnseamn%C4%83%E2%80%9D\" class=\"pin-it-button\">Pin It<\/a><\/li>\n<\/ul>\n<\/div>\n<\/div>\n<div id=\"content-area\">\n<div class=\"post-image\"><img loading=\"lazy\" decoding=\"async\" width=\"620\" height=\"400\" src=\"https:\/\/cdn.expressdebanat.ro\/wp-content\/uploads\/2026\/08\/grindeanu-620x400.jpg\" class=\"attachment-post-thumb size-post-thumb wp-post-image perfmatters-lazy\" alt=\"grindeanu\"><img loading=\"lazy\" decoding=\"async\" width=\"620\" height=\"400\" src=\"https:\/\/cdn.expressdebanat.ro\/wp-content\/uploads\/2026\/08\/grindeanu-620x400.jpg\" class=\"attachment-post-thumb size-post-thumb wp-post-image\" alt=\"grindeanu\"><\/div>\n<p><strong>Sorin Grindeanu a spus luni c\u0103 \u00ee\u0219i asum\u0103 func\u021bia de premier, dup\u0103 consiliul PSD de la Sinaia, unde conducerea partidului a votat priorit\u0103\u021bile pe care le vrea viitorul Guvern.<\/strong><strong>Pre\u0219edintele PSD a mai ad\u0103ugat c\u0103 el are deja experien\u021ba func\u021biei de prim-ministru.<\/strong><\/p>\n<p><em>\u201ePropunerea PSD pentru func\u021bia de prim-ministru este luat\u0103 de acum trei luni. Nu s-a schimbat nimic. Noi nu ne schimb\u0103m deciziile dup\u0103 cum bate v\u00e2ntul. Evident c\u0103 \u00eemi asum func\u021bia de prim-ministru. \u00cens\u0103 v\u0103 reamintesc c\u0103 pre\u0219edintele e cel care face desemnarea.\u201d<\/em>, a declarat Sorin Grindeanu, la ie\u0219irea din \u0219edin\u021ba PSD.<\/p>\n<p>Pre\u0219edintele PSD spune c\u0103 va sus\u021bine doar dou\u0103 variante: cea a unui guvern monocolor PSD \u0219i cea a unui guvern \u201e\u00een jurul PSD\u201d. De altfel, liderul a mai spus c\u0103 nu va vota un Guvern din care PSD s\u0103 nu fac\u0103 parte.<\/p>\n<p><em>\u201eCeea ce am stabilit noi ast\u0103zi, Partidul Social Democrat, este cadrul politic \u00een care PSD va sus\u021bine viitorul guvern, iar variantele sunt fie guvern minoritar PSD, fie un guvern \u00een jurul PSD. Spre deosebire de al\u021bii care confund\u0103 guvernul cu o prim\u0103rie, eu \u0219tiu ce \u00eenseamn\u0103 s\u0103 fii premier. Am avut \u00een acele \u0219ase luni\u2026\u201d<\/em>, a mai spus \u0219eful partidului.<\/p>\n<p>Sorin Grindeanu a afirmat c\u0103 \u00een prezent nu are voturile necesare \u00eenvestirii unui guvern PSD.<\/p>\n<p>Liderul social-democrat a declarat c\u0103 singura sus\u021binere pe care o are \u00een Parlament sunt cele 187 de voturi, cele pe care a reu\u0219it s\u0103 le str\u00e2ng\u0103 \u0219i Adrian Ve\u0219tea, insuficiente pentru materializarea unui Guvern cu puteri depline.<\/p>\n<p>\u00centrebat dac\u0103 PSD este dispus s\u0103 negocieze cu AUR pentru a ob\u021bine sus\u021binerea necesar\u0103 \u00een Parlament, Sorin Grindeanu a respins aceast\u0103 variant\u0103, spun\u00e2nd c\u0103 \u201epozi\u021bia noastr\u0103 nu s-a schimbat\u201d. <em>\u201eRespect \u0219i respect\u0103m aleg\u0103torii acestui partid, \u00eens\u0103 nu exist\u0103 perspectiv\u0103 de a avea alian\u021b\u0103 de guvernare cu AUR.\u201d<\/em>, a afirmat Grindeanu.<\/p>\n<p>El a mai declarat c\u0103 <em>\u201edac\u0103 vrem ca PSD, \u0219i vrem acest lucru cu to\u021bii, s\u0103 c\u00e2\u0219tige alegerile, ca \u0219i p\u00e2n\u0103 acum, atunci \u021binta este s\u0103 se bat\u0103 la locul 1\u201d<\/em>. <em>\u201eEu v\u0103 spun c\u0103 mizez inclusiv pe oameni de bun\u0103 credin\u021b\u0103 de la partidele de dreapta, care vor vota un posibil guvern format, a\u0219a cum am spus mai devreme.\u201d<\/em>, a declarat pre\u0219edintele PSD.<\/p>\n<p>Negocierile pentru viitorul Guvern urmeaz\u0103 s\u0103 fie purtate la Palatul Cotroceni, \u00een zilele urm\u0103toare, cu toate partidele politice pro-occidentale.<\/p>\n<\/div>\n<p>[analyse_source url=&#8221;https:\/\/expressdebanat.ro\/grindeanu-vrea-sa-fie-premier-imi-asum-functia-stiu-ce-inseamna\/&#8221;]<\/p>\n","protected":false},"excerpt":{"rendered":"<p>[analyse_image type=&#8221;featured&#8221; src=&#8221;https:\/\/cdn.expressdebanat.ro\/wp-content\/uploads\/2026\/08\/grindeanu.jpg&#8221;] Sorin Grindeanu a spus luni c\u0103 \u00ee\u0219i asum\u0103 func\u021bia de premier, dup\u0103 consiliul PSD de la Sinaia, unde conducerea partidului a votat priorit\u0103\u021bile pe care le vrea viitorul Guvern.Pre\u0219edintele PSD a mai ad\u0103ugat c\u0103 el are deja experien\u021ba func\u021biei de prim-ministru. \u201ePropunerea PSD pentru func\u021bia de prim-ministru este luat\u0103 de acum trei [&hellip;]<\/p>\n","protected":false},"author":1,"featured_media":0,"comment_status":"open","ping_status":"","sticky":false,"template":"","format":"standard","meta":{"footnotes":""},"categories":[89],"tags":[226,196],"class_list":["post-2123677","post","type-post","status-publish","format-standard","hentry","category-romania","tag-crawlmanager","tag-expressdebanat-ro"],"_links":{"self":[{"href":"https:\/\/analyse.optim.biz\/index.php?rest_route=\/wp\/v2\/posts\/2123677","targetHints":{"allow":["GET"]}}],"collection":[{"href":"https:\/\/analyse.optim.biz\/index.php?rest_route=\/wp\/v2\/posts"}],"about":[{"href":"https:\/\/analyse.optim.biz\/index.php?rest_route=\/wp\/v2\/types\/post"}],"author":[{"embeddable":true,"href":"https:\/\/analyse.optim.biz\/index.php?rest_route=\/wp\/v2\/users\/1"}],"replies":[{"embeddable":true,"href":"https:\/\/analyse.optim.biz\/index.php?rest_route=%2Fwp%2Fv2%2Fcomments&post=2123677"}],"version-history":[{"count":0,"href":"https:\/\/analyse.optim.biz\/index.php?rest_route=\/wp\/v2\/posts\/2123677\/revisions"}],"wp:attachment":[{"href":"https:\/\/analyse.optim.biz\/index.php?rest_route=%2Fwp%2Fv2%2Fmedia&parent=2123677"}],"wp:term":[{"taxonomy":"category","embeddable":true,"href":"https:\/\/analyse.optim.biz\/index.php?rest_route=%2Fwp%2Fv2%2Fcategories&post=2123677"},{"taxonomy":"post_tag","embeddable":true,"href":"https:\/\/analyse.optim.biz\/index.php?rest_route=%2Fwp%2Fv2%2Ftags&post=2123677"}],"curies":[{"name":"wp","href":"https:\/\/api.w.org\/{rel}","templated":true}]}}