{"id":2123666,"date":"2026-09-01T12:30:00","date_gmt":"2026-09-01T09:30:00","guid":{"rendered":"https:\/\/analyse.optim.biz\/?p=2123666"},"modified":"2026-09-01T12:30:00","modified_gmt":"2026-09-01T09:30:00","slug":"marele-protest-din-15-septembrie-2026-ciobanul-ionica-toti-romanii-sunt-asteptati-alaturi-de-noi-video-legitima-aparare-rezervistii-se-alatura-uniti-suntem-romania","status":"publish","type":"post","link":"https:\/\/analyse.optim.biz\/?p=2123666","title":{"rendered":"Marele Protest din 15 Septembrie 2026. Ciobanul Ionic\u0103: To\u021bi rom\u00e2nii sunt a\u0219tepta\u021bi al\u0103turi de noi &#8211; VIDEO. Legitim\u0103 Ap\u0103rare: Rezervi\u0219tii se al\u0103tur\u0103! Uni\u021bi suntem Rom\u00e2nia!"},"content":{"rendered":"<p>[analyse_image type=&#8221;featured&#8221; src=&#8221;https:\/\/www.activenews.ro\/images\/articole\/207794.jpg&#8221;]<\/p>\n<div class=\"articleBody\" data-key=\"articleBody\">&lt;p&gt;&lt;span style=&#8221;font-weight: bold;&#8221;&gt;Mar\u021bi, 15 septembrie 2026, are loc la Bucure\u0219ti, \u00een fa\u021ba Palatului Victoria ocupat ilegal de Guvernul soro\u0219ist-userist al lui Ilie Bolojan, &lt;a href=&#8221;http:\/\/www.activenews.ro\/opinii\/TREZIREA-ROMANI-AJUNGE-207782&#8243;&gt;cel mai mare protest al ciobanilor rom\u00e2ni, pentru Rom\u00e2nia&lt;\/a&gt;. &lt;\/span&gt;&lt;\/p&gt; &lt;p&gt;&lt;span style=&#8221;font-weight: bold;&#8221;&gt;&lt;\/span&gt;Ciobanul Ionic\u0103 explic\u0103 \u00een filmarea de mai sus: \u201ePe 15 septembrie, la ora 8 diminea\u021ba sunt \u00een fa\u021ba Guvernului. Iar acesta nu este numai protestul ciobanilor &#8211; e liber la protest pentru orice cet\u0103\u021bean rom\u00e2n. Ne-a ajuns cu\u021bitul la os! Suntem pe cale de dispari\u021bie, o \u021bar\u0103 aproape pierdut\u0103.\u201d &#8211; Integral \u00een VIDEO&lt;\/p&gt; &lt;p&gt;&lt;span style=&#8221;font-weight: bold;&#8221;&gt;Se al\u0103tur\u0103 lui toate categoriile sociale \u0219i organiza\u021biile civice militante pentru drepturile rom\u00e2nilor, inclusiv rezervi\u0219tii, dup\u0103 cum afl\u0103m de pe pagina &lt;a href=&#8221;http:\/\/www.facebook.com\/photo\/?fbid=1531291225709216&amp;set=a.477485807756435&#8243;&gt;Legitim\u0103 Ap\u0103rare&lt;\/a&gt;:&lt;\/span&gt;&lt;\/p&gt; &lt;p&gt;&lt;span style=&#8221;font-weight: bold;&#8221;&gt;15 SEPTEMBRIE \u2013 REZERVI\u0218TII ROM\u00c2NI SUNT AL\u0102TURI DE CIOBANII ROM\u00c2NI!&lt;\/span&gt;&lt;\/p&gt; &lt;p&gt;\u201eAm ap\u0103rat aceast\u0103 \u021bar\u0103 \u00een uniform\u0103 \u0219i am jurat s\u0103 fim al\u0103turi de ea la bine \u0219i la greu. Ast\u0103zi, mul\u021bi dintre noi se confrunt\u0103 cu o realitate tot mai greu de dus: taxe \u0219i impozite tot mai mari, pre\u021buri \u00een cre\u0219tere la combustibil, energie, gaze \u0219i ap\u0103, iar traiul de zi cu zi este tot mai \u00eempov\u0103r\u0103tor. Suntem al\u0103turi de ciobanii rom\u00e2ni, de oamenii care muncesc p\u0103m\u00e2ntul, cresc animale \u0219i pun hran\u0103 rom\u00e2neasc\u0103 pe mesele noastre. Siguran\u021ba alimentar\u0103 a Rom\u00e2niei \u00eenseamn\u0103 siguran\u021ba tuturor.Cerem s\u0103 fim respecta\u021bi \u0219i s\u0103 putem tr\u0103i decent \u00een \u021bara pentru care am jurat.&lt;br \/&gt; Ap\u0103r\u0103m siguran\u021ba alimentar\u0103!&lt;br \/&gt; &lt;span style=&#8221;font-weight: bold;&#8221;&gt;Ap\u0103r\u0103m Rom\u00e2nia!\u201d&nbsp;&lt;\/span&gt;&lt;\/p&gt; &lt;p&gt;Anul acesta se \u00eemplinesc \u0219i 10 ani de la marele protest al ciobanilor de la Parlament, din 2015 &#8211; VIDEO:&lt;\/p&gt; &lt;iframe src=&#8221;https:\/\/www.facebook.com\/plugins\/video.php?height=314&amp;href=https%3A%2F%2Fwww.facebook.com%2Freel%2F4417076548606886%2F&amp;show_text=false&amp;width=560&amp;t=0&#8243; width=&#8221;560&#8243; height=&#8221;314&#8243; style=&#8221;border:none;overflow:hidden&#8221; scrolling=&#8221;no&#8221; frameborder=&#8221;0&#8243; allowfullscreen=&#8221;true&#8221; allow=&#8221;autoplay; clipboard-write; encrypted-media; picture-in-picture; web-share&#8221;&gt;&lt;\/iframe&gt;<\/div>\n<p>[analyse_source url=&#8221;https:\/\/www.activenews.ro\/stiri\/Marele-Protest-din-15-Septembrie-2026.-Ciobanul-Ionica-Toti-romanii-sunt-asteptati-alaturi-de-noi-VIDEO.-Legitima-Aparare-Rezervistii-se-alatura-Uniti-suntem-Romania-207794&#8243;]<\/p>\n","protected":false},"excerpt":{"rendered":"<p>[analyse_image type=&#8221;featured&#8221; src=&#8221;https:\/\/www.activenews.ro\/images\/articole\/207794.jpg&#8221;] &lt;p&gt;&lt;span style=&#8221;font-weight: bold;&#8221;&gt;Mar\u021bi, 15 septembrie 2026, are loc la Bucure\u0219ti, \u00een fa\u021ba Palatului Victoria ocupat ilegal de Guvernul soro\u0219ist-userist al lui Ilie Bolojan, &lt;a href=&#8221;http:\/\/www.activenews.ro\/opinii\/TREZIREA-ROMANI-AJUNGE-207782&#8243;&gt;cel mai mare protest al ciobanilor rom\u00e2ni, pentru Rom\u00e2nia&lt;\/a&gt;. &lt;\/span&gt;&lt;\/p&gt; &lt;p&gt;&lt;span style=&#8221;font-weight: bold;&#8221;&gt;&lt;\/span&gt;Ciobanul Ionic\u0103 explic\u0103 \u00een filmarea de mai sus: \u201ePe 15 septembrie, la ora 8 diminea\u021ba sunt [&hellip;]<\/p>\n","protected":false},"author":1,"featured_media":0,"comment_status":"open","ping_status":"","sticky":false,"template":"","format":"standard","meta":{"footnotes":""},"categories":[89],"tags":[98,226],"class_list":["post-2123666","post","type-post","status-publish","format-standard","hentry","category-romania","tag-activenews-ro","tag-crawlmanager"],"_links":{"self":[{"href":"https:\/\/analyse.optim.biz\/index.php?rest_route=\/wp\/v2\/posts\/2123666","targetHints":{"allow":["GET"]}}],"collection":[{"href":"https:\/\/analyse.optim.biz\/index.php?rest_route=\/wp\/v2\/posts"}],"about":[{"href":"https:\/\/analyse.optim.biz\/index.php?rest_route=\/wp\/v2\/types\/post"}],"author":[{"embeddable":true,"href":"https:\/\/analyse.optim.biz\/index.php?rest_route=\/wp\/v2\/users\/1"}],"replies":[{"embeddable":true,"href":"https:\/\/analyse.optim.biz\/index.php?rest_route=%2Fwp%2Fv2%2Fcomments&post=2123666"}],"version-history":[{"count":0,"href":"https:\/\/analyse.optim.biz\/index.php?rest_route=\/wp\/v2\/posts\/2123666\/revisions"}],"wp:attachment":[{"href":"https:\/\/analyse.optim.biz\/index.php?rest_route=%2Fwp%2Fv2%2Fmedia&parent=2123666"}],"wp:term":[{"taxonomy":"category","embeddable":true,"href":"https:\/\/analyse.optim.biz\/index.php?rest_route=%2Fwp%2Fv2%2Fcategories&post=2123666"},{"taxonomy":"post_tag","embeddable":true,"href":"https:\/\/analyse.optim.biz\/index.php?rest_route=%2Fwp%2Fv2%2Ftags&post=2123666"}],"curies":[{"name":"wp","href":"https:\/\/api.w.org\/{rel}","templated":true}]}}