{"id":2123665,"date":"2026-09-01T13:00:00","date_gmt":"2026-09-01T10:00:00","guid":{"rendered":"https:\/\/analyse.optim.biz\/?p=2123665"},"modified":"2026-09-01T13:00:00","modified_gmt":"2026-09-01T10:00:00","slug":"ce-a-zis-mai-exact-nicusor-dan-la-catedrala-nationala-au-fost-oameni-in-locurile-astea-care-au-luptat-pentru-niste-valori-si-care-au-facut-ca-noi-sa-fim-azi-ceea-ce-suntem-si-trebuie-sa-fim","status":"publish","type":"post","link":"https:\/\/analyse.optim.biz\/?p=2123665","title":{"rendered":"Ce a zis mai exact Nicu\u0219or Dan la Catedrala Na\u021bional\u0103: \u201dAu fost oameni \u00een locurile astea care au luptat pentru ni\u0219te valori \u0219i care au f\u0103cut ca noi s\u0103 fim azi ceea ce suntem. \u0218i trebuie s\u0103 fim m\u00e2ndri de oamenii ace\u0219tia!\u201d &#8211; Aud \u0219i procurorii securi\u0219ti?"},"content":{"rendered":"<p>[analyse_image type=&#8221;featured&#8221; src=&#8221;https:\/\/www.activenews.ro\/images\/articole\/207795.jpg&#8221;]<\/p>\n<div class=\"articleBody\" data-key=\"articleBody\">&lt;p&gt;&lt;span style=&#8221;font-weight: bold;&#8221;&gt;&lt;span style=&#8221;color: rgb(239, 0, 27);&#8221;&gt;ActiveNews&lt;\/span&gt; a publicat deja dou\u0103 analize pertinente ale discursului lui Nicu\u0219or Dan de la Catedrala Na\u021bional\u0103 (VIDEO mai sus), una venit\u0103 de la &lt;a href=&#8221;http:\/\/www.activenews.ro\/stiri\/Surpriza-mare-Nicusor-descopera-nationalismul-sanatos-.-Si-vrea-front-comun-cu-mai-marii-BOR-207790&#8243;&gt;BTI&lt;\/a&gt; \u0219i a doua de la &lt;a href=&#8221;http:\/\/www.activenews.ro\/stiri\/Nicusor-Dan-si-a-contrazis-la-Catedrala-propriul-raport-antiromanesc-elaborat-de-sorosistii-de-la-Cotroceni.-AUR-Care-Nicusor-Dan-este-cel-autentic-207793&#8243;&gt;AUR&lt;\/a&gt;. Cum vor urma mai multe opinii asupra acestuia, consider\u0103m necesar s\u0103 \u00eel red\u0103m integral, conform site-ului Pre\u0219edin\u021biei:&lt;\/span&gt;&lt;\/p&gt; &lt;p&gt;&lt;span style=&#8221;font-weight: bold;&#8221;&gt;&lt;\/span&gt;&lt;span class=&#8221;subtitlu&#8221;&gt;Alocu\u021biunea sus\u021binut\u0103 de Pre\u0219edintele Rom\u00e2niei, Nicu\u0219or Dan, cu prilejul particip\u0103rii la \u00eent\u00e2lnirea interna\u021bional\u0103 a tinerilor ortodoc\u0219i (ITO 2026) &#8211; 1 septembrie 2026&lt;\/span&gt;&lt;\/p&gt; &lt;p&gt;&nbsp;&lt;\/p&gt; &lt;div class=&#8221;box-page&#8221;&gt; &lt;p style=&#8221;text-align:justify&#8221;&gt;&lt;span style=&#8221;font-weight: bold;&#8221;&gt;Pre\u0219edintele Rom\u00e2niei, Nicu\u0219or Dan, a participat mar\u021bi, 1 septembrie 2026, la \u00eent\u00e2lnirea interna\u021bional\u0103 a tinerilor ortodoc\u0219i (ITO 2026), care a avut loc la Catedrala Na\u021bional\u0103.&lt;\/span&gt;&lt;\/p&gt; &lt;p style=&#8221;text-align:justify&#8221;&gt;V\u0103 prezent\u0103m \u00een continuare transcrierea alocu\u021biunii sus\u021binute \u00een cadrul evenimentului:&lt;\/p&gt; &lt;p style=&#8221;text-align:justify&#8221;&gt;\u201e\u00cenaltpreasfin\u021biile Voastre \u0219i Preasfin\u021biile Voastre,&lt;\/p&gt; &lt;p style=&#8221;text-align:justify&#8221;&gt;Distin\u0219i reprezentan\u021bi ai Bisericilor Ortodoxe Surori,&lt;\/p&gt; &lt;p style=&#8221;text-align:justify&#8221;&gt;Dragi tineri delega\u021bi ai Eparhiilor,&lt;\/p&gt; &lt;p style=&#8221;text-align:justify&#8221;&gt;Stima\u021bi reprezentan\u021bi ai autorit\u0103\u021bilor centrale \u0219i locale,&lt;\/p&gt; &lt;p style=&#8221;text-align:justify&#8221;&gt;&lt;span style=&#8221;font-style: italic;&#8221;&gt;Dragi invita\u021bi,&lt;\/span&gt;&lt;\/p&gt; &lt;p style=&#8221;text-align:justify&#8221;&gt;E o mare bucurie \u0219i onoare pentru mine s\u0103 fiu cu dumneavoastr\u0103 ast\u0103zi \u00een acest loc important, simbolic pentru Rom\u00e2nia.&lt;\/p&gt; &lt;p style=&#8221;text-align:justify&#8221;&gt;\u00cencep prin a ura bun venit invita\u021bilor no\u0219tri str\u0103ini. Ve\u021bi fi tot timpul bineveni\u021bi \u00een Rom\u00e2nia. Nu mai sunt primarul Bucure\u0219tiului, s\u0103 urez bun venit celor din Rom\u00e2nia \u0219i diaspora, dar bine a\u021bi venit.&lt;\/p&gt; &lt;p style=&#8221;text-align:justify&#8221;&gt;Vreau s\u0103 felicit Patriarhia \u0219i Arhiepiscopia Bucure\u0219tiului pentru organizarea acestui eveniment cu o tem\u0103 at\u00e2t de actual\u0103 &#8211; tinerii, familia \u0219i via\u021ba \u00een Hristos, \u0219i sunt convins c\u0103 ve\u021bi avea timp zilele astea s\u0103 reflecta\u021bi fiecare dintre dumneavoastr\u0103, \u0219i to\u021bi \u00eempreun\u0103, \u00eentr-o lume \u00een care pare c\u0103 totul este pus \u00een discu\u021bie, la care sunt acele valori \u00een care credem \u0219i \u00een care s\u0103 a\u0219ez\u0103m lumea \u0219i societatea noastr\u0103.&lt;\/p&gt; &lt;p style=&#8221;text-align:justify&#8221;&gt;Bine\u00een\u021beles c\u0103 acesta este o \u00eent\u00e2lnire cu prec\u0103dere spiritual\u0103. Pe mine m\u0103 preocup\u0103 mai mult societatea, \u0219i, de asta, permite\u021bi-mi s\u0103 v\u0103 exprim deschis ni\u0219te g\u00e2nduri pe care le am.&lt;\/p&gt; &lt;p style=&#8221;text-align:justify&#8221;&gt;\u00cen primul r\u00e2nd, a\u0219 vrea s\u0103 v\u0103 invit s\u0103 m\u0103rturisi\u021bi public, \u0219i nu doar \u00een interiorul bisericii lucrurile, valorile \u00een care crede\u021bi, pentru c\u0103 mi se pare c\u0103 aceast\u0103 m\u0103rturisire lipse\u0219te din societatea noastr\u0103, \u0219i pare c\u0103 locul unei m\u0103rturisiri care s\u0103 fie ferme, dar simple \u0219i decente, \u00een spa\u021biul public este luat de farisei. \u0218i m\u0103 \u00eengrijoreaz\u0103 aderen\u021ba pe care unii dintre ace\u0219tia o au \u00een p\u0103r\u021bi ale societ\u0103\u021bii rom\u00e2ne\u0219ti.&lt;\/p&gt; &lt;p style=&#8221;text-align:justify&#8221;&gt;Acela\u0219i lucru despre na\u021bionalism. Pentru c\u0103 \u021bara asta are o istorie, noi nu venim de nic\u0103ieri. Au fost oameni \u00een locurile astea care au luptat pentru ni\u0219te valori \u0219i care au f\u0103cut ca noi s\u0103 fim azi ceea ce suntem. &lt;a href=&#8221;http:\/\/www.activenews.ro\/opinii\/De-Ziua-Americii-Nicusor-Dan-i-a-omagiat-pentru-americani-pe-luptatorii-anticomunisti-din-MISCAREA-LEGIONARA-parasutati-de-SUA-si-NATO-in-Muntii-Romaniei-206448&#8243;&gt;\u0218i trebuie s\u0103 fim m\u00e2ndri de oamenii&nbsp; ace\u0219tia&lt;\/a&gt;! Privind \u00eenapoi la ce au reu\u0219it ei s\u0103 realizeze, trebuie s\u0103 credem c\u0103 noi putem s\u0103 facem din \u021bara asta ceea ce au visat ei \u0219i ceea ce viseaz\u0103 fiecare dintre noi pentru copiii no\u0219tri.&lt;\/p&gt; &lt;p style=&#8221;text-align:justify&#8221;&gt;\u0218i tocmai pentru c\u0103 \u00een spa\u021biul public nu exist\u0103 suficient\u0103 aceast\u0103 m\u0103rturisire \u0219i aprecierea noastre fa\u021b\u0103 de trecutul acestei \u021b\u0103ri \u0219i a unui na\u021bionalism s\u0103n\u0103tos, vedem c\u0103 spa\u021biul public este dominat, pe de o parte, de defeti\u0219ti care spun c\u0103 nu o s\u0103 putem s\u0103 facem niciodat\u0103 nimic \u00een \u021bara asta \u0219i, \u00een partea cealalt\u0103, de demagogi care se bat cu pumnul \u00een piept \u0219i se ca\u021b\u0103r\u0103 ei pe ni\u0219te elemente esen\u021biale ale trecutului, \u0219i exact vocea celor care, cu decen\u021b\u0103, cred \u0219i muncesc pentru Rom\u00e2nia din p\u0103cate nu se aude \u0219i trebuie s\u0103 se aud\u0103.&lt;\/p&gt; &lt;p style=&#8221;text-align:justify&#8221;&gt;\u0218i ultimul lucru despre divizarea din societate. Pare c\u0103 nu mai avem r\u0103bdare s\u0103 \u00eel ascult\u0103m pe cel\u0103lalt. Evident c\u0103 tot timpul vom fi diferi\u021bi, tot timpul vom avea argumente unii \u00eempotriva celorlal\u021bi, \u0219i asta e s\u0103n\u0103tos. Ce nu e s\u0103n\u0103tos este s\u0103 ne \u00eenchist\u0103m \u0219i s\u0103 nu mai auzim ce crede cel\u0103lalt \u0219i, \u00een felul \u0103sta, s\u0103 nu reu\u0219im s\u0103 colabor\u0103m ca s\u0103 avans\u0103m \u00eempreun\u0103.&lt;\/p&gt; &lt;p style=&#8221;text-align:justify&#8221;&gt;\u0218i, din nou, de ce se \u00eent\u00e2mpl\u0103 lucrul acesta? Pentru c\u0103 nu sunt suficient de prezen\u021bi \u00een spa\u021biul public oameni care au argumente, oameni capabili s\u0103 \u00eel asculte pe cel\u0103lalt \u0219i, \u00een loc s\u0103 auzim un dialog de substan\u021b\u0103 care s\u0103 ne fac\u0103 pe to\u021bi s\u0103 progres\u0103m, auzim urlete dintr-o parte \u0219i din alta.&lt;\/p&gt; &lt;p style=&#8221;text-align:justify&#8221;&gt;Aici suntem, dar, c\u00e2nd v\u0103d at\u00e2\u021bia tineri, nu pot dec\u00e2t s\u0103 fiu optimist.&lt;\/p&gt; &lt;p style=&#8221;text-align:justify&#8221;&gt;Deci v\u0103 doresc zile rodnice, v\u0103 doresc s\u0103 sim\u021bi\u021bi aceast\u0103 comuniune, s\u0103 profita\u021bi de oameni mai \u00een\u021belep\u021bi dec\u00e2t voi \u0219i s\u0103 continua\u021bi s\u0103 crede\u021bi \u00een Rom\u00e2nia.\u201d&lt;\/p&gt; &lt;p style=&#8221;text-align:justify&#8221;&gt;&lt;a href=&#8221;http:\/\/www.presidency.ro\/ro\/media\/alocutiunea-sustinuta-de-presedintele-romaniei-nicusor-dan-cu-prilejul-participarii-la-intalnirea-internationala-a-tinerilor-ortodocsi-ito-2026&#8243; target=&#8221;_blank&#8221; rel=&#8221;&#8221;&gt;Presidency.ro&lt;\/a&gt;&lt;\/p&gt;&lt;\/div&gt;<\/div>\n<p>[analyse_source url=&#8221;https:\/\/www.activenews.ro\/stiri\/Ce-a-zis-mai-exact-Nicusor-Dan-la-Catedrala-Nationala-Au-fost-oameni-in-locurile-astea-care-au-luptat-pentru-niste-valori-si-care-au-facut-ca-noi-sa-fim-azi-ceea-ce-suntem.-Si-trebuie-sa-fim-mandri-de-oamenii-acestia-Aud-si-procurorii-securisti-207795&#8243;]<\/p>\n","protected":false},"excerpt":{"rendered":"<p>[analyse_image type=&#8221;featured&#8221; src=&#8221;https:\/\/www.activenews.ro\/images\/articole\/207795.jpg&#8221;] &lt;p&gt;&lt;span style=&#8221;font-weight: bold;&#8221;&gt;&lt;span style=&#8221;color: rgb(239, 0, 27);&#8221;&gt;ActiveNews&lt;\/span&gt; a publicat deja dou\u0103 analize pertinente ale discursului lui Nicu\u0219or Dan de la Catedrala Na\u021bional\u0103 (VIDEO mai sus), una venit\u0103 de la &lt;a href=&#8221;http:\/\/www.activenews.ro\/stiri\/Surpriza-mare-Nicusor-descopera-nationalismul-sanatos-.-Si-vrea-front-comun-cu-mai-marii-BOR-207790&#8243;&gt;BTI&lt;\/a&gt; \u0219i a doua de la &lt;a href=&#8221;http:\/\/www.activenews.ro\/stiri\/Nicusor-Dan-si-a-contrazis-la-Catedrala-propriul-raport-antiromanesc-elaborat-de-sorosistii-de-la-Cotroceni.-AUR-Care-Nicusor-Dan-este-cel-autentic-207793&#8243;&gt;AUR&lt;\/a&gt;. Cum vor urma mai multe opinii asupra acestuia, consider\u0103m necesar s\u0103 \u00eel red\u0103m integral, [&hellip;]<\/p>\n","protected":false},"author":1,"featured_media":0,"comment_status":"open","ping_status":"","sticky":false,"template":"","format":"standard","meta":{"footnotes":""},"categories":[89],"tags":[98,226],"class_list":["post-2123665","post","type-post","status-publish","format-standard","hentry","category-romania","tag-activenews-ro","tag-crawlmanager"],"_links":{"self":[{"href":"https:\/\/analyse.optim.biz\/index.php?rest_route=\/wp\/v2\/posts\/2123665","targetHints":{"allow":["GET"]}}],"collection":[{"href":"https:\/\/analyse.optim.biz\/index.php?rest_route=\/wp\/v2\/posts"}],"about":[{"href":"https:\/\/analyse.optim.biz\/index.php?rest_route=\/wp\/v2\/types\/post"}],"author":[{"embeddable":true,"href":"https:\/\/analyse.optim.biz\/index.php?rest_route=\/wp\/v2\/users\/1"}],"replies":[{"embeddable":true,"href":"https:\/\/analyse.optim.biz\/index.php?rest_route=%2Fwp%2Fv2%2Fcomments&post=2123665"}],"version-history":[{"count":0,"href":"https:\/\/analyse.optim.biz\/index.php?rest_route=\/wp\/v2\/posts\/2123665\/revisions"}],"wp:attachment":[{"href":"https:\/\/analyse.optim.biz\/index.php?rest_route=%2Fwp%2Fv2%2Fmedia&parent=2123665"}],"wp:term":[{"taxonomy":"category","embeddable":true,"href":"https:\/\/analyse.optim.biz\/index.php?rest_route=%2Fwp%2Fv2%2Fcategories&post=2123665"},{"taxonomy":"post_tag","embeddable":true,"href":"https:\/\/analyse.optim.biz\/index.php?rest_route=%2Fwp%2Fv2%2Ftags&post=2123665"}],"curies":[{"name":"wp","href":"https:\/\/api.w.org\/{rel}","templated":true}]}}