{"id":2123628,"date":"2026-09-01T06:41:29","date_gmt":"2026-09-01T03:41:29","guid":{"rendered":"https:\/\/analyse.optim.biz\/?p=2123628"},"modified":"2026-09-01T06:41:29","modified_gmt":"2026-09-01T03:41:29","slug":"viorica-dancila-eu-as-fi-facut-un-guvern-psd-aur","status":"publish","type":"post","link":"https:\/\/analyse.optim.biz\/?p=2123628","title":{"rendered":"Viorica D\u0103ncil\u0103: \u201eEu a\u0219 fi f\u0103cut un guvern PSD-AUR\u201d"},"content":{"rendered":"<p>[analyse_image type=&#8221;featured&#8221; src=&#8221;https:\/\/60m.ro\/wp-content\/uploads\/2026\/09\/dancila.png&#8221;]<\/p>\n<div class=\"articleBody\" data-key=\"articleBody\">\nFostul premier Viorica\u00a0D\u0103ncil\u0103\u00a0propune o formul\u0103 care ar schimba radical actualele negocieri pentru ie\u0219irea din criza politic\u0103: un guvern PSD-AUR, condus de un premier politic. D\u0103ncil\u0103 sus\u021bine c\u0103 aceasta ar fi \u201esingura solu\u021bie\u201d care ar putea asigura \u00een actualul Parlament o majoritate c\u00e2t de c\u00e2t stabil\u0103 \u0219i prive\u0219te varianta numirii lui Eugen Tomac \u00een fruntea Guvernului drept una \u201ede compromis\u201d.<\/p>\n<p>Declara\u021biile vin chiar \u00een ziua \u00een care conducerea PSD a decis c\u0103 social-democra\u021bii nu vor sus\u021bine un guvern din care nu fac parte \u0219i c\u0103 vor negocia fie formarea unui guvern minoritar PSD, fie construirea unei majorit\u0103\u021bi politice \u00een jurul partidului. AUR, \u00een schimb, cere oficial organizarea de alegeri anticipate.<\/p>\n<p>D\u0103ncil\u0103: \u201eEu a\u0219 fi f\u0103cut un guvern PSD-AUR\u201d<\/p>\n<p>\u00centrebat\u0103 luni seara, la Marius Tuc\u0103 Show, ce formul\u0103 vede pentru ie\u0219irea din actualul blocaj politic, Viorica\u00a0D\u0103ncil\u0103\u00a0a sus\u021binut c\u0103 Rom\u00e2nia are nevoie de un premier asumat politic.<\/p>\n<p>Fostul \u0219ef al Guvernului a mers \u00eens\u0103 mai departe \u0219i a indicat \u0219i coali\u021bia pe care ar fi \u00eencercat s\u0103 o construiasc\u0103.<\/p>\n<p>\u201eEu a\u0219 fi f\u0103cut un guvern PSD-AUR\u201d, a declarat Viorica D\u0103ncil\u0103.<\/p>\n<p>\u00cen opinia sa, aceast\u0103 formul\u0103 \u201eeste singura solu\u021bie \u00een care avem o majoritate c\u00e2t de c\u00e2t stabil\u0103\u201d.<\/p>\n<p>D\u0103ncil\u0103\u00a0a precizat c\u0103 pentru consolidarea unei asemenea majorit\u0103\u021bi ar fi fost nevoie \u0219i de sprijinul grupului minorit\u0103\u021bilor na\u021bionale sau al altor forma\u021biuni mai mici din Parlament.<\/p>\n<p>\u201e\u0218i, bine\u00een\u021beles, cu minorit\u0103\u021bile, cu celelalte partide mai mici, dar aveai o majoritate mult mai bun\u0103\u201d, a afirmat fostul premier.<\/p>\n<p>Declara\u021bia este cu at\u00e2t mai interesant\u0103 cu c\u00e2t PSD \u0219i AUR au cooperat deja parlamentar pentru demiterea Guvernului Bolojan, mo\u021biunea de cenzur\u0103 fiind adoptat\u0103 \u00een prim\u0103var\u0103 cu voturile PSD, AUR \u0219i PACE. Actualele conduceri ale celor dou\u0103 partide nu au anun\u021bat \u00eens\u0103 p\u00e2n\u0103 acum existen\u021ba unui acord pentru formarea unui guvern comun.<\/p>\n<p>Eugen Tomac premier? \u201eO solu\u021bie de compromis\u201d<\/p>\n<p>Viorica D\u0103ncil\u0103 a fost \u00eentrebat\u0103 \u0219i despre scenariul \u00een care Eugen Tomac ar putea fi desemnat premier.<\/p>\n<p>Numele lui Tomac se afl\u0103 \u00een aceast\u0103 perioad\u0103 printre variantele vehiculate \u00een negocierile pentru o nou\u0103 desemnare la Palatul Cotroceni, al\u0103turi de alte variante politice.<\/p>\n<p>D\u0103ncil\u0103 nu a respins complet scenariul, dar a spus c\u0103 nu \u00eel consider\u0103 solu\u021bia ideal\u0103.<\/p>\n<p>\u201eEste o solu\u021bie de compromis\u201d, a afirmat ea.<\/p>\n<p>Fostul premier consider\u0103 c\u0103, dup\u0103 luni de blocaj politic, este nevoie de un \u0219ef al Guvernului care s\u0103 beneficieze de sprijin politic explicit \u0219i s\u0103 \u00ee\u0219i asume deciziile executivului.<\/p>\n<p>\u201eCred c\u0103 ar fi nevoie de un premier politic. Cineva trebuie s\u0103-\u0219i asume\u201d, a spus D\u0103ncil\u0103.<\/p>\n<p>Ea a f\u0103cut \u0219i o compara\u021bie cu Cabinetul tehnocrat condus de Dacian Ciolo\u0219 \u00een perioada 2015-2017.<\/p>\n<p>\u201e\u00cen 2016 noi am avut un guvern tehnocrat. A fost guvernul zero. Nu a f\u0103cut absolut nimic. Dezastru\u201d, a sus\u021binut fostul premier.<\/p>\n<p>\u00cen opinia sa, viitorul Executiv are nevoie de \u201eexperien\u021b\u0103, expertiz\u0103, asumare \u0219i transparen\u021b\u0103\u201d, \u00een condi\u021biile \u00een care Rom\u00e2nia are nevoie c\u00e2t mai rapid de un guvern cu puteri depline.<\/p>\n<p>PSD tocmai a decis c\u0103 nu mai sus\u021bine un Guvern f\u0103r\u0103 social-democra\u021bi<\/p>\n<p>Pozi\u021bia Vioric\u0103i D\u0103ncil\u0103 apare \u00een aceea\u0219i zi \u00een care PSD \u0219i-a fixat oficial mandatul pentru urm\u0103toarea rund\u0103 de negocieri.<\/p>\n<p>Consiliul Politic Na\u021bional al PSD, reunit luni la Sinaia, a decis c\u0103 partidul va sus\u021bine dou\u0103 variante: un guvern minoritar social-democrat sau un guvern politic format \u00een jurul PSD \u00eempreun\u0103 cu alte for\u021be parlamentare dispuse s\u0103 intre la guvernare.<\/p>\n<p>Social-democra\u021bii au stabilit totodat\u0103 c\u0103 nu vor vota o formul\u0103 de guvernare din care PSD nu face parte.<\/p>\n<p>Decizia restr\u00e2nge considerabil variantele aflate pe masa pre\u0219edintelui Nicu\u0219or Dan \u00eenaintea unei noi desemn\u0103ri de premier.<\/p>\n<p>AUR cere \u00eens\u0103 alegeri anticipate<\/p>\n<p>Exist\u0103 \u0219i un obstacol major pentru scenariul PSD-AUR avansat de D\u0103ncil\u0103.<\/p>\n<p>AUR a decis duminic\u0103, \u00een unanimitate, c\u0103 pozi\u021bia oficial\u0103 a partidului este organizarea alegerilor anticipate \u0219i sus\u021bine c\u0103 actuala configura\u021bie parlamentar\u0103 nu mai poate genera o majoritate stabil\u0103.<\/p>\n<p>Forma\u021biunea condus\u0103 de George Simion afirm\u0103 c\u0103 nu va sus\u021bine un guvern din care nu face parte sau care nu \u00ee\u0219i asum\u0103 solu\u021biile AUR pentru ie\u0219irea din criz\u0103.<\/p>\n<p>George Simion a reluat luni aceast\u0103 pozi\u021bie \u0219i a cerut din nou revenirea la urne: \u201eVrem alegeri libere! L\u0103sa\u021bi-ne s\u0103 guvern\u0103m\u201d.<\/p>\n<p>Astfel, formula PSD-AUR sus\u021binut\u0103 de Viorica D\u0103ncil\u0103 nu este, \u00een acest moment, una negociat\u0103 oficial \u00eentre cele dou\u0103 forma\u021biuni.<\/p>\n<p>Dac\u0103 nu exist\u0103 majoritate, D\u0103ncil\u0103 cere anticipate<\/p>\n<p>Fostul premier admite \u0219i ea c\u0103, dac\u0103 partidele nu reu\u0219esc s\u0103 formeze o majoritate, solu\u021bia final\u0103 trebuie s\u0103 fie revenirea la vot.<\/p>\n<p>\u201eDac\u0103 nu pot s\u0103 g\u0103seasc\u0103 o solu\u021bie, nu pot s\u0103 g\u0103seasc\u0103 o majoritate, singura solu\u021bie sunt alegerile anticipate, \u00eentoarcerea la votul oamenilor\u201d, a afirmat D\u0103ncil\u0103.<\/p>\n<p>Ea sus\u021bine \u00eens\u0103 c\u0103 Rom\u00e2nia are nevoie \u00eenainte de toate de un guvern cu puteri depline, \u00een condi\u021biile \u00een care \u0219i actualul Parlament este puternic fragmentat.<\/p>\n<p>\u201eSunt suveranist\u0103, sunt pro-european, dar sunt mai mult pro-rom\u00e2n\u201d, \u0219i-a definit Viorica D\u0103ncil\u0103 propria pozi\u021bionare.<\/p>\n<p>Urmeaz\u0103 o nou\u0103 desemnare de premier<\/p>\n<p>Pre\u0219edintele Nicu\u0219or Dan urmeaz\u0103 s\u0103 reia negocierile pentru desemnarea unui premier la \u00eenceputul lunii septembrie, dup\u0103 luni de blocaj politic \u0219i dou\u0103 \u00eencerc\u0103ri e\u0219uate de formare a unui guvern cu puteri depline.<\/p>\n<p>\u00cen acest context, PSD a intrat \u00een negocieri cu mandatul de a participa obligatoriu la viitorul Executiv, \u00een timp ce AUR continu\u0103 s\u0103 sus\u021bin\u0103 public c\u0103 solu\u021bia preferat\u0103 sunt alegerile anticipate.\n<\/p><\/div>\n<p>[analyse_source url=&#8221;https:\/\/60m.ro\/viorica-dancila-eu-as-fi-facut-un-guvern-psd-aur\/&#8221;]<\/p>\n","protected":false},"excerpt":{"rendered":"<p>[analyse_image type=&#8221;featured&#8221; src=&#8221;https:\/\/60m.ro\/wp-content\/uploads\/2026\/09\/dancila.png&#8221;] Fostul premier Viorica\u00a0D\u0103ncil\u0103\u00a0propune o formul\u0103 care ar schimba radical actualele negocieri pentru ie\u0219irea din criza politic\u0103: un guvern PSD-AUR, condus de un premier politic. D\u0103ncil\u0103 sus\u021bine c\u0103 aceasta ar fi \u201esingura solu\u021bie\u201d care ar putea asigura \u00een actualul Parlament o majoritate c\u00e2t de c\u00e2t stabil\u0103 \u0219i prive\u0219te varianta numirii lui Eugen Tomac [&hellip;]<\/p>\n","protected":false},"author":1,"featured_media":0,"comment_status":"open","ping_status":"","sticky":false,"template":"","format":"standard","meta":{"footnotes":""},"categories":[89],"tags":[100,226],"class_list":["post-2123628","post","type-post","status-publish","format-standard","hentry","category-romania","tag-60m-ro","tag-crawlmanager"],"_links":{"self":[{"href":"https:\/\/analyse.optim.biz\/index.php?rest_route=\/wp\/v2\/posts\/2123628","targetHints":{"allow":["GET"]}}],"collection":[{"href":"https:\/\/analyse.optim.biz\/index.php?rest_route=\/wp\/v2\/posts"}],"about":[{"href":"https:\/\/analyse.optim.biz\/index.php?rest_route=\/wp\/v2\/types\/post"}],"author":[{"embeddable":true,"href":"https:\/\/analyse.optim.biz\/index.php?rest_route=\/wp\/v2\/users\/1"}],"replies":[{"embeddable":true,"href":"https:\/\/analyse.optim.biz\/index.php?rest_route=%2Fwp%2Fv2%2Fcomments&post=2123628"}],"version-history":[{"count":0,"href":"https:\/\/analyse.optim.biz\/index.php?rest_route=\/wp\/v2\/posts\/2123628\/revisions"}],"wp:attachment":[{"href":"https:\/\/analyse.optim.biz\/index.php?rest_route=%2Fwp%2Fv2%2Fmedia&parent=2123628"}],"wp:term":[{"taxonomy":"category","embeddable":true,"href":"https:\/\/analyse.optim.biz\/index.php?rest_route=%2Fwp%2Fv2%2Fcategories&post=2123628"},{"taxonomy":"post_tag","embeddable":true,"href":"https:\/\/analyse.optim.biz\/index.php?rest_route=%2Fwp%2Fv2%2Ftags&post=2123628"}],"curies":[{"name":"wp","href":"https:\/\/api.w.org\/{rel}","templated":true}]}}