{"id":2123626,"date":"2026-09-01T06:34:03","date_gmt":"2026-09-01T03:34:03","guid":{"rendered":"https:\/\/analyse.optim.biz\/?p=2123626"},"modified":"2026-09-01T06:34:03","modified_gmt":"2026-09-01T03:34:03","slug":"trantorii-neamului-revin-la-munca-se-lupta-pentru-cele-233-de-voturi-pentru-formarea-guvernului","status":"publish","type":"post","link":"https:\/\/analyse.optim.biz\/?p=2123626","title":{"rendered":"Tr\u00e2ntorii neamului revin la munc\u0103. Se lupt\u0103 pentru cele 233 de voturi pentru formarea guvernului"},"content":{"rendered":"<p>[analyse_image type=&#8221;featured&#8221; src=&#8221;https:\/\/60m.ro\/wp-content\/uploads\/2026\/05\/Sorin-Grindeanu-Ilie-Bolojan-si-George-Simion-1.webp&#8221;]<\/p>\n<div class=\"articleBody\" data-key=\"articleBody\">\nParlamentul\u00a0\u00eencepe mar\u021bi\u00a0sesiunea ordinar\u0103\u00a0de toamn\u0103 \u00eentr-un moment de\u00a0blocaj politic, cu Guvernul Ilie Bolojan r\u0103mas interimar de la \u00eenceputul lunii mai \u0219i f\u0103r\u0103 o majoritate conturat\u0103 pentru instalarea unui nou Executiv. PSD \u00eel aduce \u00een discu\u021bie pe Sorin Grindeanu pentru func\u021bia de premier, PNL \u00ee\u0219i men\u021bine propria propunere, iar USR avertizeaz\u0103 c\u0103 nu va sus\u021bine un guvern social-democrat. \u00cen paralel, partidele intr\u0103 \u00een noua sesiune cu propriile agende legislative.<\/p>\n<p>Parlamentul \u00eencepe sesiunea cu un Guvern interimar \u0219i f\u0103r\u0103 o nou\u0103 majoritate<\/p>\n<p>Camera Deputa\u021bilor \u0219i Senatul \u00ee\u0219i reiau mar\u021bi activitatea \u00een cea de-a doua sesiune ordinar\u0103 din acest an, dup\u0103 o var\u0103 \u00een care Parlamentul a fost convocat \u00een sesiuni extraordinare pentru finalizarea proiectelor legate de PNRR.<\/p>\n<p>Prima zi va aduce \u0219i alegerea noilor conduceri ale Birourilor Permanente ale celor dou\u0103 Camere.<\/p>\n<p>Dincolo de agenda parlamentar\u0103, principala miz\u0103 politic\u0103 r\u0103m\u00e2ne \u00eens\u0103 formarea unei majorit\u0103\u021bi capabile s\u0103 voteze un nou Executiv. Guvernul condus de Ilie Bolojan func\u021bioneaz\u0103 interimar la Palatul Victoria de la \u00eenceputul lunii mai, dup\u0103 ce a fost demis prin votul Parlamentului.<\/p>\n<p>Grindeanu vrea Guvern p\u00e2n\u0103 pe 15 septembrie, dar PSD nu are cele 233 de voturi<\/p>\n<p>Pre\u0219edintele PSD, Sorin Grindeanu, a declarat luni, la Sinaia, c\u0103 \u00ee\u0219i asum\u0103 func\u021bia de prim-ministru. Desemnarea \u00eei apar\u021bine \u00eens\u0103 pre\u0219edintelui, urm\u00e2nd ca ulterior s\u0103 aib\u0103 loc negocierile politice necesare form\u0103rii unei majorit\u0103\u021bi.<\/p>\n<p>Liderul PSD \u0219i-a exprimat dorin\u021ba ca Rom\u00e2nia s\u0103 aib\u0103 un nou guvern p\u00e2n\u0103 la 15 septembrie.<\/p>\n<p>Problema r\u0103m\u00e2ne str\u00e2ngerea voturilor necesare \u00een Parlament. Grindeanu a ar\u0103tat c\u0103 nu se afl\u0103 \u00een situa\u021bia de a merge \u00een fa\u021ba pre\u0219edintelui cu 233 de voturi garantate, PSD put\u00e2nd r\u0103spunde direct doar pentru cei 127 de parlamentari ai s\u0103i.<\/p>\n<p>Nici pozi\u021bia UDMR nu s-a modificat. Potrivit liderului social-democrat, forma\u021biunea \u00ee\u0219i va exprima punctul de vedere dup\u0103 desemnarea unui candidat pentru func\u021bia de prim-ministru, indiferent dac\u0103 acesta va proveni din PSD sau va fi o alt\u0103 persoan\u0103.<\/p>\n<p>PNL r\u0103m\u00e2ne cu Siegfried Mure\u0219an. USR respinge un Executiv PSD<\/p>\n<p>PNL \u0219i USR \u00ee\u0219i men\u021bin, la r\u00e2ndul lor, deciziile adoptate \u00een structurile de conducere ale partidelor.<\/p>\n<p>Pre\u0219edintele PNL, Ilie Bolojan, declara recent c\u0103 liberalii au deja o pozi\u021bie oficial\u0103 privind candidatul pentru func\u021bia de premier: europarlamentarul Siegfried Mure\u0219an. \u00cen lipsa unor noi consult\u0103ri oficiale, aceast\u0103 decizie r\u0103m\u00e2ne valabil\u0103.<\/p>\n<p>\u201eP\u00e2n\u0103 nu exist\u0103 o alt\u0103 decizie, aceasta este pozi\u021bionarea noastr\u0103\u201d, explica liderul liberal.<\/p>\n<p>USR a transmis, \u00een schimb, c\u0103 nu \u00ee\u0219i modific\u0103 pozi\u021bia \u00een privin\u021ba unui Executiv condus sau controlat de PSD. \u201eTot nu vom vota un guvern PSD sau care s\u0103 con\u021bin\u0103 suroga\u021bi PSD\u201d, spune USR.<\/p>\n<p>USR pune pe mas\u0103 reforma administrativ\u0103, a serviciilor secrete \u0219i a sistemului electoral<\/p>\n<p>\u00cen plan legislativ, USR \u0219i-a stabilit luni principalele obiective pentru noua sesiune. Printre acestea se num\u0103r\u0103 reforma administrativ-teritorial\u0103, schimb\u0103ri \u00een privin\u021ba serviciilor secrete, reforma electoral\u0103 \u0219i modificarea Legii ANI.<\/p>\n<p>Forma\u021biunea insist\u0103 asupra schimb\u0103rii legisla\u021biei privind Agen\u021bia Na\u021bional\u0103 de Integritate \u00een acord cu normele europene care nu permit aplicarea retroactiv\u0103 a sanc\u021biunilor.<\/p>\n<p>\u201eNe dorim ca 770 de milioane de euro s\u0103 nu fie pierdu\u021bi pentru o r\u0103zbunare politic\u0103 a PSD ce \u00eencalc\u0103 limitele statului de drept \u0219i libertatea timi\u0219orenilor de a-\u0219i alege\u201d, a men\u021bionat USR.<\/p>\n<p>AUR vrea Parlament cu 300 de ale\u0219i \u0219i primari ale\u0219i \u00een dou\u0103 tururi<\/p>\n<p>AUR intr\u0103 \u00een sesiunea parlamentar\u0103 cu o agend\u0103 care acoper\u0103 fiscalitatea, economia, reforma statului, educa\u021bia, transparen\u021ba \u0219i securitatea energetic\u0103. Priorit\u0103\u021bile au fost stabilite \u00een Consiliul Na\u021bional de Conducere al partidului, reunit la Drobeta-Turnu Severin.<\/p>\n<p>\u00cen zona fiscal\u0103, partidul propune majorarea plafonului pl\u0103\u021bilor \u00een numerar pentru companii la 50.000 de lei \u0219i revenirea treptat\u0103 la nivelurile de taxare existente \u00eenaintea ultimelor cre\u0219teri.<\/p>\n<p>\u201eAUR sus\u021bine cre\u0219terea plafonului pentru pl\u0103\u021bile \u00een numerar la 50.000 de lei pentru firme, precum \u0219i revenirea treptat\u0103 la nivelurile de taxare existente \u00eenaintea major\u0103rilor din ultimul an: TVA de 19%, cot\u0103 redus\u0103 de TVA de 9% \u0219i impozit pe dividende de 8%. Tot pentru sprijinirea capitalului rom\u00e2nesc, AUR propune revenirea plafonului pentru \u00eencadrarea micro\u00eentreprinderilor la 500.000 de euro\u201d, anun\u021b\u0103 forma\u021biunea \u00eentr-un comunicat oficial.<\/p>\n<p>Pe lista schimb\u0103rilor politice sus\u021binute de AUR se afl\u0103 reducerea num\u0103rului parlamentarilor, alegerea primarilor \u00een dou\u0103 tururi \u0219i limitarea mandatelor la conducerea institu\u021biilor publice.<\/p>\n<p>\u201eAUR sus\u021bine un Parlament bicameral cu 300 de parlamentari, respect\u00e2nd astfel voin\u021ba exprimat\u0103 de rom\u00e2ni la referendumul din 2009, \u0219i va continua s\u0103 sus\u021bin\u0103 alegerea primarilor \u00een dou\u0103 tururi de scrutin, astfel \u00eenc\u00e2t ace\u0219tia s\u0103 beneficieze de o reprezentativitate real\u0103 \u00een comunit\u0103\u021bile pe care le conduc. Totodat\u0103, AUR propune limitarea la dou\u0103 mandate a conducerilor institu\u021biilor publice, pentru a \u00eempiedica transformarea unor func\u021bii publice \u00een pozi\u021bii ocupate pe termen nedefinit \u0219i apari\u021bia unor re\u021bele de influen\u021b\u0103 \u00een interiorul administra\u021biei\u201d, se men\u021bioneaz\u0103 \u00een comunicat.<\/p>\n<p>AUR cere schimb\u0103ri \u0219i \u00een sistemul de educa\u021bie<\/p>\n<p>Forma\u021biunea propune eliminarea prevederilor care permit organizarea unui examen paralel pentru admiterea la liceu \u0219i p\u0103strarea unui sistem na\u021bional unic, cu acelea\u0219i reguli pentru elevi, indiferent de unitatea de \u00eenv\u0103\u021b\u0103m\u00e2nt pentru care opteaz\u0103.<\/p>\n<p>AUR mai anun\u021b\u0103 c\u0103 va sus\u021bine reducerea normei didactice \u0219i readucerea num\u0103rului de elevi din clase la nivelurile existente \u00eenaintea modific\u0103rilor introduse prin Legea Bolojan din august 2025.\n<\/p><\/div>\n<p>[analyse_source url=&#8221;https:\/\/60m.ro\/trantorii-neamului-revin-la-munca-se-lupta-pentru-cele-233-de-voturi-pentru-formarea-guvernului\/&#8221;]<\/p>\n","protected":false},"excerpt":{"rendered":"<p>[analyse_image type=&#8221;featured&#8221; src=&#8221;https:\/\/60m.ro\/wp-content\/uploads\/2026\/05\/Sorin-Grindeanu-Ilie-Bolojan-si-George-Simion-1.webp&#8221;] Parlamentul\u00a0\u00eencepe mar\u021bi\u00a0sesiunea ordinar\u0103\u00a0de toamn\u0103 \u00eentr-un moment de\u00a0blocaj politic, cu Guvernul Ilie Bolojan r\u0103mas interimar de la \u00eenceputul lunii mai \u0219i f\u0103r\u0103 o majoritate conturat\u0103 pentru instalarea unui nou Executiv. PSD \u00eel aduce \u00een discu\u021bie pe Sorin Grindeanu pentru func\u021bia de premier, PNL \u00ee\u0219i men\u021bine propria propunere, iar USR avertizeaz\u0103 c\u0103 nu va [&hellip;]<\/p>\n","protected":false},"author":1,"featured_media":0,"comment_status":"open","ping_status":"","sticky":false,"template":"","format":"standard","meta":{"footnotes":""},"categories":[89],"tags":[100,226],"class_list":["post-2123626","post","type-post","status-publish","format-standard","hentry","category-romania","tag-60m-ro","tag-crawlmanager"],"_links":{"self":[{"href":"https:\/\/analyse.optim.biz\/index.php?rest_route=\/wp\/v2\/posts\/2123626","targetHints":{"allow":["GET"]}}],"collection":[{"href":"https:\/\/analyse.optim.biz\/index.php?rest_route=\/wp\/v2\/posts"}],"about":[{"href":"https:\/\/analyse.optim.biz\/index.php?rest_route=\/wp\/v2\/types\/post"}],"author":[{"embeddable":true,"href":"https:\/\/analyse.optim.biz\/index.php?rest_route=\/wp\/v2\/users\/1"}],"replies":[{"embeddable":true,"href":"https:\/\/analyse.optim.biz\/index.php?rest_route=%2Fwp%2Fv2%2Fcomments&post=2123626"}],"version-history":[{"count":0,"href":"https:\/\/analyse.optim.biz\/index.php?rest_route=\/wp\/v2\/posts\/2123626\/revisions"}],"wp:attachment":[{"href":"https:\/\/analyse.optim.biz\/index.php?rest_route=%2Fwp%2Fv2%2Fmedia&parent=2123626"}],"wp:term":[{"taxonomy":"category","embeddable":true,"href":"https:\/\/analyse.optim.biz\/index.php?rest_route=%2Fwp%2Fv2%2Fcategories&post=2123626"},{"taxonomy":"post_tag","embeddable":true,"href":"https:\/\/analyse.optim.biz\/index.php?rest_route=%2Fwp%2Fv2%2Ftags&post=2123626"}],"curies":[{"name":"wp","href":"https:\/\/api.w.org\/{rel}","templated":true}]}}