{"id":2123609,"date":"2026-09-01T19:29:44","date_gmt":"2026-09-01T16:29:44","guid":{"rendered":"https:\/\/analyse.optim.biz\/?p=2123609"},"modified":"2026-09-01T19:29:44","modified_gmt":"2026-09-01T16:29:44","slug":"mohammad-murad-aur-va-obtine-35-la-urmatoarele-alegeri-avem-nevoie-de-oameni-responsabili-in-politica","status":"publish","type":"post","link":"https:\/\/analyse.optim.biz\/?p=2123609","title":{"rendered":"Mohammad Murad: \u201dAUR va ob\u021bine 35% la urm\u0103toarele alegeri. Avem nevoie de oameni responsabili \u00een politic\u0103\u201d"},"content":{"rendered":"<p>[analyse_image type=&#8221;featured&#8221; src=&#8221;https:\/\/60m.ro\/wp-content\/uploads\/2024\/03\/murad.jpeg&#8221;]<\/p>\n<div class=\"articleBody\" data-key=\"articleBody\">\nDeputatul AUR Mohammad Murad a declarat mar\u021bi seara c\u0103 forma\u021biunea ar putea ajunge la un scor de 35% la urm\u0103toarele alegeri, \u00eens\u0103 a atras aten\u021bia c\u0103, f\u0103r\u0103 o majoritate care s\u0103 permit\u0103 formarea unui guvern, schimbarea procentelor nu va rezolva problemele Rom\u00e2niei. Mai mult, oficialul a subliniat necesitatea unei stabilit\u0103\u021bi politice \u0219i economice pentru relansarea investi\u021biilor \u0219i sus\u021binerea mediului de afaceri.<\/p>\n<p>Mohammad Murad: \u201dAUR va ob\u021bine 35% la urm\u0103toarele alegeri<\/p>\n<p>\u201dAUR o s\u0103 aib\u0103 probabil un procent mai mare \u00een Parlament, dar avem de-a face cu trei componente care nu se \u00een\u021beleg, vorbim de AUR, PSD \u0219i UDMR,USR, PNL. Ce se va schimba dec\u00e2t ni\u0219te cifre? \u00cen loc s\u0103 aib\u0103 AUR 20%, va avea probabil 35%, PSD 20-23% \u0219i USR, UDMR \u0219i PNL 30%. Ce se va schimba? Dac\u0103 cineva poate s\u0103 \u00eemi dea r\u0103spunsul, ce se va schimba? Eu sunt foarte atent s\u0103 \u00een\u021beleg. Cineva o s\u0103 ob\u021bin\u0103 50 plus 1% \u00eenc\u00e2t s\u0103 fac\u0103 guvern? Nu, r\u0103spunsul nu este. \u0218i atunci ce facem? Pierdem timpul \u0219i Rom\u00e2nia e de ce \u00een ce mai r\u0103u, \u00eemprumut\u0103m \u0219i tr\u0103im din \u00eemprumuturi, mediul de afaceri este distrus total\u201d,\u00a0a declarat Mohammad Murad.<\/p>\n<p>Deputatul AUR a subliniat c\u0103\u00a0\u201deste nevoie de oameni responsabili. Noi nu putem m\u00e2nca din politic\u0103 \u0219i nu putem tr\u0103i din politic\u0103\u201d.<\/p>\n<p>\u201dOameni de afaceri \u0219i mediul de afaceri \u0219i oameni de r\u00e2nd au nevoie de stabilitate. Totul este din ce \u00een ce mai r\u0103u. Nu m-am dus \u00een Parlament ca s\u0103 calculez nici like-urile, nici votul. Avem nevoie de o \u021bar\u0103 stabil\u0103 \u00eenc\u00e2t s\u0103 putem face investi\u021bii. Clar. \u0218i s\u0103 putem \u021bine angaja\u021bi\u201d,\u00a0a mai spus acesta.<\/p>\n<p>Mohammad Murad: E obligatoriu ca AUR s\u0103 participe la consult\u0103ri<\/p>\n<p>\u00centrebat care este solu\u021bia pentru a readuce stabilitatea \u00een Rom\u00e2nia, oficialul a r\u0103spuns: \u201dCred c\u0103 pre\u0219dintele Nicu\u0219or Dan ar trebui s\u0103 invite toate partidele politice pentru a vorbi de guvernare. Nu are nimeni voie s\u0103 interzic\u0103 un parlamentar sau unui partid s\u0103 nu fac\u0103 parte sau m\u0103car s\u0103 aib\u0103 posibilitatea de a guverna\u201d.<\/p>\n<p>\u201dIdeea \u00een care f\u0103r\u0103 AUR mi se pare c\u0103 e total vorbim de libertate, vorbim de democra\u021bie, vorbim de toate valorile care, cu acest gest care face domnul pre\u0219edinte, nu mi se pare corect. \u0218i atunci, dac\u0103 invit\u0103 AUR la, s\u0103-i pune pe mas\u0103 c\u0103 posibil orice persoan\u0103 desemnat\u0103 poate discuta cu oricine, AUR trebuie s\u0103-\u0219i exprime dorin\u021ba de a guverna \u0219i c\u0103 are solu\u021bii pentru toate cele care se \u00eent\u00e2mpl\u0103 \u00een fiecare zi. Nu putem vorbi numai de alegeri, de voturi, f\u0103r\u0103 s\u0103 facem o ofert\u0103 de guvernare. Dar PSD acum, \u0219i pre\u0219edintele, trebuie s\u0103 invite AUR la negocieri pentru un guvern \u00eentre AUR \u0219i PSD sau AUR-PNL, nu conteaz\u0103 cu cine, important s\u0103 avem s\u0103 fim cota parte din aceste negocieri care se fac acum\u201d, a mai spus acesta.<\/p>\n<p>Mai mult, Mohammad Murad a \u021binut s\u0103 precizeze faptul c\u0103 \u201de obligatoriu ca AUR s\u0103 participe la consult\u0103rile de la Palatul Cortoceni\u201d.<\/p>\n<p>\u201dConsider c\u0103 o persoan\u0103 este mult mai pu\u021bin dec\u00e2t cinci milioane de oameni care au optat pentru AUR \u00eentr-un moment sau altul. Nu mi se pare. Nimeni nu are dreptul de a anula \u0219ansa AUR de a-\u0219i exprima \u0219i de a veni cu solu\u021bii. Dac\u0103 AUR dup\u0103 aia refuz\u0103 s\u0103 vin\u0103 la o mas\u0103 pentru a guverna, deja e o problem\u0103 a partidului AUR, nu e problema lui Nicu\u0219or Dan sau lui PSD-ul sau PNL. Noi trebuie s\u0103 fim capabili ca partid s\u0103 oferim \u0219ansa oamenilor de a prelua agenda lor, c\u0103 aici avem de-a face cu dou\u0103 chestii: ori mergem pe agenda partidelor politice, care au jocurile lor, ori mergem pe agenda cet\u0103\u021beanului care a\u0219teapt\u0103 stabilitate \u0219i a\u0219teapt\u0103 o schimbare \u00een special pe zona economic\u0103. Nu avem 1.000 de variante\u201d,\u00a0a transmis deputatul AUR.\n<\/p><\/div>\n<p>[analyse_source url=&#8221;https:\/\/60m.ro\/mohammad-murad-aur-va-obtine-35-la-urmatoarele-alegeri-avem-nevoie-de-oameni-responsabili-in-politica\/&#8221;]<\/p>\n","protected":false},"excerpt":{"rendered":"<p>[analyse_image type=&#8221;featured&#8221; src=&#8221;https:\/\/60m.ro\/wp-content\/uploads\/2024\/03\/murad.jpeg&#8221;] Deputatul AUR Mohammad Murad a declarat mar\u021bi seara c\u0103 forma\u021biunea ar putea ajunge la un scor de 35% la urm\u0103toarele alegeri, \u00eens\u0103 a atras aten\u021bia c\u0103, f\u0103r\u0103 o majoritate care s\u0103 permit\u0103 formarea unui guvern, schimbarea procentelor nu va rezolva problemele Rom\u00e2niei. Mai mult, oficialul a subliniat necesitatea unei stabilit\u0103\u021bi politice \u0219i [&hellip;]<\/p>\n","protected":false},"author":1,"featured_media":0,"comment_status":"open","ping_status":"","sticky":false,"template":"","format":"standard","meta":{"footnotes":""},"categories":[89],"tags":[100,226],"class_list":["post-2123609","post","type-post","status-publish","format-standard","hentry","category-romania","tag-60m-ro","tag-crawlmanager"],"_links":{"self":[{"href":"https:\/\/analyse.optim.biz\/index.php?rest_route=\/wp\/v2\/posts\/2123609","targetHints":{"allow":["GET"]}}],"collection":[{"href":"https:\/\/analyse.optim.biz\/index.php?rest_route=\/wp\/v2\/posts"}],"about":[{"href":"https:\/\/analyse.optim.biz\/index.php?rest_route=\/wp\/v2\/types\/post"}],"author":[{"embeddable":true,"href":"https:\/\/analyse.optim.biz\/index.php?rest_route=\/wp\/v2\/users\/1"}],"replies":[{"embeddable":true,"href":"https:\/\/analyse.optim.biz\/index.php?rest_route=%2Fwp%2Fv2%2Fcomments&post=2123609"}],"version-history":[{"count":0,"href":"https:\/\/analyse.optim.biz\/index.php?rest_route=\/wp\/v2\/posts\/2123609\/revisions"}],"wp:attachment":[{"href":"https:\/\/analyse.optim.biz\/index.php?rest_route=%2Fwp%2Fv2%2Fmedia&parent=2123609"}],"wp:term":[{"taxonomy":"category","embeddable":true,"href":"https:\/\/analyse.optim.biz\/index.php?rest_route=%2Fwp%2Fv2%2Fcategories&post=2123609"},{"taxonomy":"post_tag","embeddable":true,"href":"https:\/\/analyse.optim.biz\/index.php?rest_route=%2Fwp%2Fv2%2Ftags&post=2123609"}],"curies":[{"name":"wp","href":"https:\/\/api.w.org\/{rel}","templated":true}]}}