{"id":212359,"date":"2014-02-14T18:42:11","date_gmt":"2014-02-14T15:42:11","guid":{"rendered":"https:\/\/analyse.optim.biz\/?p=212359"},"modified":"2014-02-14T18:42:11","modified_gmt":"2014-02-14T15:42:11","slug":"victor-ponta-nu-stie-cine-de-la-finante-va-semna-acordul-cu-fmi","status":"publish","type":"post","link":"https:\/\/analyse.optim.biz\/?p=212359","title":{"rendered":"Victor Ponta nu \u0219tie cine de la Finan\u021be va semna acordul cu FMI"},"content":{"rendered":"<div class=\"entry data-app-meta data-app-meta-article\" data-embed-base-url-canonical=\"https:\/\/www.digi24.ro\/embed\/stiri\/actualitate\/politica\/victor-ponta-nu-stie-cine-de-la-finante-va-semna-acordul-cu-fmi-200603\">\n<p data-index=\"1\">\u00centrebat de jurnali\u0219ti cine de la Ministerul de Finan\u021be va semna acordul cu FMI, miercuri \u00een \u0219edin\u021ba de Guvern, prim-ministrul a spus c\u0103 ministrul. Jurnali\u0219tii au insistat \u0219i au \u00eentrebat care ministru, moment \u00een care Victor Ponta nu a putut s\u0103 ofere un r\u0103spuns.<\/p>\n<p data-index=\"2\">\u201e<span>R\u0103spunsul care este, ca social-democrat, nu pot s\u0103 vi-l dau. Din punct de vedere legal \u0219i constitu\u021bional, p\u00e2n\u0103 la emiterea decretului de c\u0103tre pre\u0219edinte prin care \u00eenceteaz\u0103 mandatul unui ministru, indiferent cine e el, acela \u00ee\u0219i exercit\u0103 atribu\u021biile. Avem interimat la Ministerul de Interne, nu vreau s\u0103 mai avem interimat la niciun alt minister. Voi trimite pre\u0219edintelui Rom\u00e2niei concomitent propunerea de revocare pentru un ministru \u0219i de numire pentru alt ministru. M\u0103 \u00eentreba\u021bi cineva va fi miercuri, nu \u0219tiu s\u0103 v\u0103 spun ast\u0103zi\u201d, a declarat Victor Ponta.<\/span><\/p>\n<p data-index=\"3\">Eugen Nicol\u0103escu a preluat <a href=\"https:\/\/www.digi24.ro\/Stiri\/Digi24\/Economie\/Stiri\/Care+sunt+principalele+provocari+pentru+noul+ministru+al+Finante\" data-skip-linkfix=\"1\">s\u0103pt\u0103m\u00e2na trecut\u0103<\/a> func\u021bia de ministru de Finan\u021be, dup\u0103 ce Daniel Chi\u021boiu \u0219i-a dat demisia.<\/p>\n<\/div>\n<p> Source URL: https:\/\/www.digi24.ro\/stiri\/actualitate\/politica\/victor-ponta-nu-stie-cine-de-la-finante-va-semna-acordul-cu-fmi-200603<\/p>\n","protected":false},"excerpt":{"rendered":"<p>\u00centrebat de jurnali\u0219ti cine de la Ministerul de Finan\u021be va semna acordul cu FMI, miercuri \u00een \u0219edin\u021ba de Guvern, prim-ministrul a spus c\u0103 ministrul. Jurnali\u0219tii au insistat \u0219i au \u00eentrebat care ministru, moment \u00een care Victor Ponta nu a putut s\u0103 ofere un r\u0103spuns. \u201eR\u0103spunsul care este, ca social-democrat, nu pot s\u0103 vi-l dau. Din [&hellip;]<\/p>\n","protected":false},"author":1,"featured_media":212360,"comment_status":"open","ping_status":"","sticky":false,"template":"","format":"standard","meta":{"footnotes":""},"categories":[2],"tags":[11],"class_list":["post-212359","post","type-post","status-publish","format-standard","has-post-thumbnail","hentry","category-politics","tag-digi24"],"_links":{"self":[{"href":"https:\/\/analyse.optim.biz\/index.php?rest_route=\/wp\/v2\/posts\/212359","targetHints":{"allow":["GET"]}}],"collection":[{"href":"https:\/\/analyse.optim.biz\/index.php?rest_route=\/wp\/v2\/posts"}],"about":[{"href":"https:\/\/analyse.optim.biz\/index.php?rest_route=\/wp\/v2\/types\/post"}],"author":[{"embeddable":true,"href":"https:\/\/analyse.optim.biz\/index.php?rest_route=\/wp\/v2\/users\/1"}],"replies":[{"embeddable":true,"href":"https:\/\/analyse.optim.biz\/index.php?rest_route=%2Fwp%2Fv2%2Fcomments&post=212359"}],"version-history":[{"count":0,"href":"https:\/\/analyse.optim.biz\/index.php?rest_route=\/wp\/v2\/posts\/212359\/revisions"}],"wp:featuredmedia":[{"embeddable":true,"href":"https:\/\/analyse.optim.biz\/index.php?rest_route=\/wp\/v2\/media\/212360"}],"wp:attachment":[{"href":"https:\/\/analyse.optim.biz\/index.php?rest_route=%2Fwp%2Fv2%2Fmedia&parent=212359"}],"wp:term":[{"taxonomy":"category","embeddable":true,"href":"https:\/\/analyse.optim.biz\/index.php?rest_route=%2Fwp%2Fv2%2Fcategories&post=212359"},{"taxonomy":"post_tag","embeddable":true,"href":"https:\/\/analyse.optim.biz\/index.php?rest_route=%2Fwp%2Fv2%2Ftags&post=212359"}],"curies":[{"name":"wp","href":"https:\/\/api.w.org\/{rel}","templated":true}]}}