{"id":2123572,"date":"2026-09-01T16:47:14","date_gmt":"2026-09-01T13:47:14","guid":{"rendered":"https:\/\/analyse.optim.biz\/?p=2123572"},"modified":"2026-09-01T16:47:14","modified_gmt":"2026-09-01T13:47:14","slug":"cum-intra-in-toamna-piata-imobiliara-rezidentiala-din-bucuresti-cat-sunt-preturile-la-apartamente","status":"publish","type":"post","link":"https:\/\/analyse.optim.biz\/?p=2123572","title":{"rendered":"Cum intr\u0103 \u00een toamn\u0103 pia\u0163a imobiliar\u0103 reziden\u0163ial\u0103 din Bucure\u015fti? C\u00e2t sunt pre\u0163urile la apartamente,"},"content":{"rendered":"<p>[analyse_image type=&#8221;featured&#8221; src=&#8221;https:\/\/storage0.dms.mpinteractiv.ro\/media\/1\/1481\/24586\/23229084\/72\/zf-live.jpghttps:\/\/storage0.dms.mpinteractiv.ro\/media\/1\/1481\/24586\/23229084\/72\/zf-live.jpg&#8221;]<\/p>\n<div class=\"text-content\">\n<div>\n<p> Cum intr\u0103 \u00een toamn\u0103 pia\u0163a imobiliar\u0103 reziden\u0163ial\u0103 din Bucure\u015fti? C\u00e2t sunt pre\u0163urile la apartamente, c\u00e2t sunt chiriile? C\u00e2te tranzac\u0163ii se fac efectiv? Urm\u0103ri\u0163i ZF Live miercuri, 2 septembrie, de la ora 12:00 cu M\u0103d\u0103lina Manoil\u0103, vicepre\u015fedinte APAIR \u015fi partener RE\/MAX<\/p>\n<p> \u00a0<\/p>\n<div class=\"int-widget-container\" data-channel-id=\"6a7d7d3c65d3cf457c0b4775\" data-publisher-id=\"6a7d78a072984466fe0e9897\">\n\u00a0<\/div>\n<p><strong><a>Urm\u0103ri\u0163i emisinea ZF Live aici de la ora 12.00<\/a><\/strong><\/p>\n<div>\n<div><span>Te-ar putea interesa \u0219i:<\/span><\/div>\n<\/div>\n<\/div>\n<p> Trimite\u0163i \u00eentreb\u0103rile voastre pe adresa zf24@zf.ro\u00a0sau \u00een post\u0103rile dedicate de pe pagina de Facebook<\/p>\n<\/div>\n<p>[analyse_source url=&#8221;https:\/\/www.zf.ro\/zf-live\/intra-toamna-piata-imobiliara-rezidentiala-bucuresti-cat-preturile-apartamente-cat-chiriile-cate-tranzactii-fac-efectiv-urmariti-zf-live-miercuri-2-septembrie-ora-12-00-madalina-manoila-23229084&#8243;]<\/p>\n","protected":false},"excerpt":{"rendered":"<p>[analyse_image type=&#8221;featured&#8221; src=&#8221;https:\/\/storage0.dms.mpinteractiv.ro\/media\/1\/1481\/24586\/23229084\/72\/zf-live.jpghttps:\/\/storage0.dms.mpinteractiv.ro\/media\/1\/1481\/24586\/23229084\/72\/zf-live.jpg&#8221;] Cum intr\u0103 \u00een toamn\u0103 pia\u0163a imobiliar\u0103 reziden\u0163ial\u0103 din Bucure\u015fti? C\u00e2t sunt pre\u0163urile la apartamente, c\u00e2t sunt chiriile? C\u00e2te tranzac\u0163ii se fac efectiv? Urm\u0103ri\u0163i ZF Live miercuri, 2 septembrie, de la ora 12:00 cu M\u0103d\u0103lina Manoil\u0103, vicepre\u015fedinte APAIR \u015fi partener RE\/MAX \u00a0 \u00a0 Urm\u0103ri\u0163i emisinea ZF Live aici de la ora 12.00 Te-ar [&hellip;]<\/p>\n","protected":false},"author":1,"featured_media":0,"comment_status":"open","ping_status":"","sticky":false,"template":"","format":"standard","meta":{"footnotes":""},"categories":[89],"tags":[226,28],"class_list":["post-2123572","post","type-post","status-publish","format-standard","hentry","category-romania","tag-crawlmanager","tag-zf-ro"],"_links":{"self":[{"href":"https:\/\/analyse.optim.biz\/index.php?rest_route=\/wp\/v2\/posts\/2123572","targetHints":{"allow":["GET"]}}],"collection":[{"href":"https:\/\/analyse.optim.biz\/index.php?rest_route=\/wp\/v2\/posts"}],"about":[{"href":"https:\/\/analyse.optim.biz\/index.php?rest_route=\/wp\/v2\/types\/post"}],"author":[{"embeddable":true,"href":"https:\/\/analyse.optim.biz\/index.php?rest_route=\/wp\/v2\/users\/1"}],"replies":[{"embeddable":true,"href":"https:\/\/analyse.optim.biz\/index.php?rest_route=%2Fwp%2Fv2%2Fcomments&post=2123572"}],"version-history":[{"count":0,"href":"https:\/\/analyse.optim.biz\/index.php?rest_route=\/wp\/v2\/posts\/2123572\/revisions"}],"wp:attachment":[{"href":"https:\/\/analyse.optim.biz\/index.php?rest_route=%2Fwp%2Fv2%2Fmedia&parent=2123572"}],"wp:term":[{"taxonomy":"category","embeddable":true,"href":"https:\/\/analyse.optim.biz\/index.php?rest_route=%2Fwp%2Fv2%2Fcategories&post=2123572"},{"taxonomy":"post_tag","embeddable":true,"href":"https:\/\/analyse.optim.biz\/index.php?rest_route=%2Fwp%2Fv2%2Ftags&post=2123572"}],"curies":[{"name":"wp","href":"https:\/\/api.w.org\/{rel}","templated":true}]}}