{"id":2123571,"date":"2026-09-01T15:52:57","date_gmt":"2026-09-01T12:52:57","guid":{"rendered":"https:\/\/analyse.optim.biz\/?p=2123571"},"modified":"2026-09-01T15:52:57","modified_gmt":"2026-09-01T12:52:57","slug":"cine-este-mihai-laurentiu-gioara-viitorul-director-general-provizoriu-al-nuclearelectrica-absolvent-de-s","status":"publish","type":"post","link":"https:\/\/analyse.optim.biz\/?p=2123571","title":{"rendered":"Cine este Mihai Lauren\u0163iu Gioar\u0103, viitorul director general provizoriu al Nuclearelectrica: absolvent de \u015f"},"content":{"rendered":"<p>[analyse_image type=&#8221;featured&#8221; src=&#8221;https:\/\/storage0.dms.mpinteractiv.ro\/media\/1\/1481\/21330\/23228999\/3\/ff7a4ae0-09ed-4167-bbc9-eaa79deb0d9d-1050&#215;1400-1.jpghttps:\/\/storage0.dms.mpinteractiv.ro\/media\/1\/1481\/21330\/23228999\/3\/ff7a4ae0-09ed-4167-bbc9-eaa79deb0d9d-1050&#215;1400-1.jpg&#8221;]<\/p>\n<div class=\"text-content\">\n<p> Mihai Lauren\u0163iu Gioar\u0103, desemnat de consiliul de administra\u0163ie al Nuclearelectrica s\u0103 preia interimar conducerea companiei din 3 octombrie, are o formare \u00een \u015ftiin\u0163e politice, drept \u015fi administra\u0163ie public\u0103, iar preg\u0103tirea \u00een domeniul nuclear provine din programe executive de scurt\u0103 durat\u0103.<\/p>\n<p> Potrivit CV-ului s\u0103u, a absolvit Facultatea de \u015etiin\u0163e Politice a Universit\u0103\u0163ii din Bucure\u015fti \u00een 2012 \u015fi a urmat, \u00eentre 2012 \u015fi 2014, un master \u00een politici europene \u015fi na\u0163ionale \u00een cadrul aceleia\u015fi universit\u0103\u0163i. \u00cen paralel, \u00eentre 2011 \u015fi 2015, a urmat Facultatea de Drept \u015fi Administra\u0163ie Public\u0103 a Universit\u0103\u0163ii Spiru Haret. \u00cen 2020 a ob\u0163inut un al doilea master, \u00een leadership \u015fi managementul resurselor umane, la Universitatea Hyperion, \u015fi a absolvit un program de management Cambridge Business Program.<\/p>\n<p> Formarea specific\u0103 sectorului este mai recent\u0103. \u00cen 2022 a urmat, la Cernavod\u0103, programul First Line Leadership al Institute of Nuclear Power Operations (INPO), iar compania men\u0163ioneaz\u0103 \u00een raportul transmis bursei un program executiv MIT-INPO \u00een tehnologia reactoarelor nucleare, axat pe sisteme de reactoare, protocoale de siguran\u0163\u0103 \u015fi cadrul de reglementare interna\u0163ional.<\/p>\n<div class=\"int-widget-container\" data-channel-id=\"6a7d7d3c65d3cf457c0b4775\" data-publisher-id=\"6a7d78a072984466fe0e9897\">\n\u00a0<\/div>\n<div>\n<div><span>Te-ar putea interesa \u0219i:<\/span><\/div>\n<\/div>\n<p> Cariera sa a \u00eenceput \u00een administra\u0163ia local\u0103: \u00eentre 2013 \u015fi 2014 a fost consilier al viceprimarului Capitalei. A intrat \u00een energie \u00een 2015, ca \u015fi consilier la Electrocentrale Bucure\u015fti (ELCEN), principalul produc\u0103tor de energie termic\u0103 pentru sistemul centralizat al Capitalei. \u00centre 2018 \u015fi 2021 a fost director general adjunct al Companiei Municipale Energetica Bucure\u015fti, societate a Prim\u0103riei Capitalei responsabil\u0103 de modernizarea re\u0163elei de termoficare.<\/p>\n<p> A ajuns \u00een grupul Nuclearelectrica \u00een 2021, ca expert, iar din 2022 a condus filiala Nuclearelectrica Serv, care furnizeaz\u0103 servicii tehnice \u00een zona protejat\u0103 a centralei de la Cernavod\u0103, inclusiv decontaminare \u015fi procesarea de\u015feurilor radioactive. \u00cen prezent ocup\u0103 pozi\u0163ia de director dezvoltare \u015fi managementul participa\u0163iilor \u00een cadrul SNN, rol din care a coordonat, potrivit companiei, suportul pentru retehnologizarea Unit\u0103\u0163ii 1.<\/p>\n<p> Mandatul provizoriu este acordat pentru cel mult cinci luni, cu posibilitatea prelungirii o singur\u0103 dat\u0103, cu dou\u0103 luni.<\/p>\n<\/div>\n<p>[analyse_source url=&#8221;https:\/\/www.zf.ro\/companii\/energie\/mihai-laurentiu-gioara-viitorul-director-general-provizoriu-nuclearelectrica-absolvent-stiinte-politice-drept-consilier-viceprimarului-capitalei-12-ani-energie-cursuri-nucleare-inpo-mit-23228999&#8243;]<\/p>\n","protected":false},"excerpt":{"rendered":"<p>[analyse_image type=&#8221;featured&#8221; src=&#8221;https:\/\/storage0.dms.mpinteractiv.ro\/media\/1\/1481\/21330\/23228999\/3\/ff7a4ae0-09ed-4167-bbc9-eaa79deb0d9d-1050&#215;1400-1.jpghttps:\/\/storage0.dms.mpinteractiv.ro\/media\/1\/1481\/21330\/23228999\/3\/ff7a4ae0-09ed-4167-bbc9-eaa79deb0d9d-1050&#215;1400-1.jpg&#8221;] Mihai Lauren\u0163iu Gioar\u0103, desemnat de consiliul de administra\u0163ie al Nuclearelectrica s\u0103 preia interimar conducerea companiei din 3 octombrie, are o formare \u00een \u015ftiin\u0163e politice, drept \u015fi administra\u0163ie public\u0103, iar preg\u0103tirea \u00een domeniul nuclear provine din programe executive de scurt\u0103 durat\u0103. Potrivit CV-ului s\u0103u, a absolvit Facultatea de \u015etiin\u0163e Politice a Universit\u0103\u0163ii din [&hellip;]<\/p>\n","protected":false},"author":1,"featured_media":0,"comment_status":"open","ping_status":"","sticky":false,"template":"","format":"standard","meta":{"footnotes":""},"categories":[89],"tags":[226,28],"class_list":["post-2123571","post","type-post","status-publish","format-standard","hentry","category-romania","tag-crawlmanager","tag-zf-ro"],"_links":{"self":[{"href":"https:\/\/analyse.optim.biz\/index.php?rest_route=\/wp\/v2\/posts\/2123571","targetHints":{"allow":["GET"]}}],"collection":[{"href":"https:\/\/analyse.optim.biz\/index.php?rest_route=\/wp\/v2\/posts"}],"about":[{"href":"https:\/\/analyse.optim.biz\/index.php?rest_route=\/wp\/v2\/types\/post"}],"author":[{"embeddable":true,"href":"https:\/\/analyse.optim.biz\/index.php?rest_route=\/wp\/v2\/users\/1"}],"replies":[{"embeddable":true,"href":"https:\/\/analyse.optim.biz\/index.php?rest_route=%2Fwp%2Fv2%2Fcomments&post=2123571"}],"version-history":[{"count":0,"href":"https:\/\/analyse.optim.biz\/index.php?rest_route=\/wp\/v2\/posts\/2123571\/revisions"}],"wp:attachment":[{"href":"https:\/\/analyse.optim.biz\/index.php?rest_route=%2Fwp%2Fv2%2Fmedia&parent=2123571"}],"wp:term":[{"taxonomy":"category","embeddable":true,"href":"https:\/\/analyse.optim.biz\/index.php?rest_route=%2Fwp%2Fv2%2Fcategories&post=2123571"},{"taxonomy":"post_tag","embeddable":true,"href":"https:\/\/analyse.optim.biz\/index.php?rest_route=%2Fwp%2Fv2%2Ftags&post=2123571"}],"curies":[{"name":"wp","href":"https:\/\/api.w.org\/{rel}","templated":true}]}}