{"id":2123551,"date":"2026-09-01T18:38:05","date_gmt":"2026-09-01T15:38:05","guid":{"rendered":"https:\/\/analyse.optim.biz\/?p=2123551"},"modified":"2026-09-01T18:38:05","modified_gmt":"2026-09-01T15:38:05","slug":"ana-rinder-la-debutul-noii-sesiuni-parlamentare-politica-trebuie-sa-produca-solutii-nu-doar-discursuri","status":"publish","type":"post","link":"https:\/\/analyse.optim.biz\/?p=2123551","title":{"rendered":"Ana Rinder, la debutul noii sesiuni parlamentare: \u201dPolitica trebuie s\u0103 produc\u0103 solu\u021bii, nu doar discursuri\u201d"},"content":{"rendered":"<p>[analyse_image type=&#8221;featured&#8221; src=&#8221;https:\/\/vasluianul.ro\/wp-content\/uploads\/2026\/04\/ana-rinder-femei-alegeri-psd-2-1024&#215;683.jpg&#8221;]<\/p>\n<div class=\"tdb-block-inner td-fix-index\"><time class=\"entry-date updated td-module-date\" datetime=\"2026-09-01T21:38:05+03:00\">septembrie 1, 2026<\/time><\/div>\n<div class=\"tdb-block-inner td-fix-index\"><span>Updated:<\/span><time class=\"entry-date updated td-module-date\" datetime=\"2026-09-01T21:40:53+03:00\">septembrie 1, 2026<\/time><\/div>\n<div class=\"tdb-block-inner td-fix-index\">\n<h1 class=\"tdb-title-text\">Ana Rinder, la debutul noii sesiuni parlamentare: \u201dPolitica trebuie s\u0103 produc\u0103 solu\u021bii, nu doar discursuri\u201d<\/h1>\n<\/div>\n<div class=\"tdb-block-inner td-fix-index\"><a class=\"tdb-author-photo\" href=\"https:\/\/vasluianul.ro\/author\/danieltanasuc\/\" title=\"Daniel T\u0103n\u0103suc\"><img loading=\"lazy\" decoding=\"async\" alt=\"Daniel T\u0103n\u0103suc\" src=\"https:\/\/secure.gravatar.com\/avatar\/96f8aa4cf2ea1d57d33381e0a38eedb556fd3ed3dc125a709e0d706eada9b43f?s=34&amp;d=identicon&amp;r=g\" class=\"avatar avatar-34 photo\" height=\"34\" width=\"34\" data-eio=\"l\"><\/a><\/p>\n<div class=\"tdb-author-name-wrap\"><span class=\"tdb-author-by\">By<\/span><a class=\"tdb-author-name\" href=\"https:\/\/vasluianul.ro\/author\/danieltanasuc\/\">Daniel T\u0103n\u0103suc<\/a><\/div>\n<\/div>\n<div class=\"tdb-block-inner td-fix-index\"><a href=\"https:\/\/vasluianul.ro\/wp-content\/uploads\/2026\/04\/ana-rinder-femei-alegeri-psd-2.jpg\" data-caption><img loading=\"lazy\" decoding=\"async\" width=\"1068\" height=\"712\" class=\"entry-thumb td-modal-image\" src=\"https:\/\/vasluianul.ro\/wp-content\/uploads\/2026\/04\/ana-rinder-femei-alegeri-psd-2-1068x712.jpg\" alt title=\"ana rinder femei alegeri psd 2\" data-eio=\"l\"><\/a><\/div>\n<div class=\"td_block_wrap tdb_single_content tdi_75 td-pb-border-top td_block_template_1 td-post-content tagdiv-type\" data-td-block-uid=\"tdi_75\">\n<div class=\"tdb-block-inner td-fix-index\">\n<div class=\"vtp-article-views\" aria-label=\"Num\u0103r vizualiz\u0103ri articol\"><span class=\"vtp-eye\" aria-hidden=\"true\">\ud83d\udc41<\/span><strong>29<\/strong> vizualiz\u0103ri<\/div>\n<p class=\"PDq2pG_selectionAnchorContainer\" data-start=\"139\" data-end=\"479\"><span><strong data-start=\"139\" data-end=\"479\">ACTIVITATE\u2026 Deputatul PSD de Vaslui, Ana Rinder, a f\u0103cut, la \u00eenceputul noii sesiuni parlamentare, un bilan\u021b al activit\u0103\u021bii din aceast\u0103 var\u0103. Parlamentarul vasluian spune c\u0103 perioada vacan\u021bei parlamentare a inclus at\u00e2t participarea la sesiunile extraordinare ale Parlamentului, c\u00e2t \u0219i \u00eent\u00e2lniri \u0219i activit\u0103\u021bi desf\u0103\u0219urate \u00een jude\u021bul Vaslui.<\/strong><\/span><\/p>\n<div class=\"code-block code-block-1\"><a href=\"https:\/\/vasluianul.ro\/ana-rinder-activitate-parlamentara-vaslui\/DESTINATION\"><img decoding=\"async\" src=\"https:\/\/vasluianul.ro\/wp-content\/uploads\/2022\/06\/reclama-vechia-roma-2.jpeg%0A\" data-eio=\"l\"><\/a><\/div>\n<p data-start=\"481\" data-end=\"640\"><span>Deputatul PSD de Vaslui Ana Rinder sus\u021bine c\u0103 activitatea sa a continuat pe parcursul verii, chiar dac\u0103 Parlamentul s-a aflat \u00eentre cele dou\u0103 sesiuni ordinare.<\/span><\/p>\n<p data-start=\"642\" data-end=\"902\"><span>Parlamentarul a f\u0103cut referire la sesiunile extraordinare convocate \u00een aceast\u0103 perioad\u0103, \u00een cadrul c\u0103rora au fost adoptate acte normative, inclusiv proiecte legate de \u00eendeplinirea unor jaloane asumate de Rom\u00e2nia prin Planul Na\u021bional de Redresare \u0219i Rezilien\u021b\u0103.<\/span><\/p>\n<div class=\"vam4-ad vam4-device-all\" data-ad-id=\"1\">\n<div class=\"vam4-label\">PUBLICITATE<\/div>\n<div class=\"vam4-frame\"><a class=\"vam4-click\" href=\"https:\/\/www.facebook.com\/SilverMallVaslui\" target=\"_blank\" rel=\"sponsored noopener\"><img decoding=\"async\" src=\"https:\/\/vasluianul.ro\/wp-content\/uploads\/2026\/08\/fillis-AI-002.png.webp\" alt=\"Silver Mall\" loading=\"lazy\" data-eio=\"l\"><\/a><\/div>\n<\/div>\n<aside class=\"vcs-box vcs-style-dark vcs-layout-vertical\" aria-label=\"Cite\u0219te \u0219i\"><a class=\"vcs-link\" href=\"https:\/\/vasluianul.ro\/targul-mesterilor-populari-vaslui-2026\/\"><span class=\"vcs-photo\"><img decoding=\"async\" src=\"https:\/\/vasluianul.ro\/wp-content\/uploads\/2025\/09\/targul-mesterilor-populari-9201-768x512.jpg\" alt=\"T\u00e2rgul Me\u0219terilor Populari revine la Vaslui. Trei zile de tradi\u021bii, dans \u0219i obiceiuri populare \u00een Parcul Copou\" loading=\"lazy\" title=\"Ana Rinder, la debutul noii sesiuni parlamentare: \u201dPolitica trebuie s\u0103 produc\u0103 solu\u021bii, nu doar discursuri\u201d 1\" data-eio=\"l\"><\/span><span class=\"vcs-content\"><span class=\"vcs-label\">CITE\u0218TE \u0218I<\/span><span class=\"vcs-title\">T\u00e2rgul Me\u0219terilor Populari revine la Vaslui. Trei zile de tradi\u021bii, dans \u0219i obiceiuri populare \u00een Parcul Copou<\/span><\/span><\/a><\/aside>\n<p data-start=\"904\" data-end=\"1022\"><span>\u00cen paralel cu activitatea parlamentar\u0103, Ana Rinder spune c\u0103 a continuat \u00eent\u00e2lnirile \u0219i activit\u0103\u021bile \u00een jude\u021bul Vaslui.<\/span><\/p>\n<aside class=\"vva-wrap\" aria-label=\"PUBLICITATE\">\n<div class=\"vva-label\">PUBLICITATE<\/div>\n<p><a class=\"vva-link\" href=\"https:\/\/www.facebook.com\/FamiliaSafir\" target=\"_blank\" rel=\"noopener sponsored\"><video class=\"vva-video\" data-max-seconds=\"21\" playsinline preload=\"metadata\" autoplay muted controls><source src=\"https:\/\/vasluianul.ro\/wp-content\/uploads\/2026\/07\/safir-campanie-iulie-2026.mp4\" \/><\/video><\/a><\/aside>\n<p data-start=\"1024\" data-end=\"1276\"><span><em>\u201dPentru c\u0103 un mandat nu se exercit\u0103 doar de la tribuna Parlamentului, iar responsabilitatea fa\u021b\u0103 de cei care \u021bi-au acordat \u00eencrederea lor nu intr\u0103 \u00een vacan\u021b\u0103. Politica trebuie s\u0103 produc\u0103 solu\u021bii, nu doar discursuri\u201d<\/em>, spune deputatul PSD de Vaslui.<\/span><\/p>\n<p data-start=\"1278\" data-end=\"1456\"><span>Ana Rinder consider\u0103 c\u0103 ultimele s\u0103pt\u0103m\u00e2ni au fost marcate de decizii importante \u0219i sus\u021bine c\u0103 actualul context impune mai mult\u0103 seriozitate \u0219i echilibru \u00een activitatea politic\u0103.<\/span><\/p>\n<p data-start=\"1458\" data-end=\"1717\"><span><em>\u201dAu fost s\u0103pt\u0103m\u00e2ni de munc\u0103 \u0219i de decizii importante, \u00eentr-o perioad\u0103 \u00een care Rom\u00e2nia are nevoie mai mult ca oric\u00e2nd de seriozitate, echilibru \u0219i solu\u021bii, nu de zgomot politic \u0219i promisiuni f\u0103r\u0103 acoperire. Iar de ast\u0103zi, continu\u0103m\u201d<\/em>, mai spune doamna Rinder.<\/span><\/p>\n<\/div>\n<\/div>\n<div class=\"tdb-block-inner td-fix-index\">\n<div class=\"vtp-article-views\" aria-label=\"Num\u0103r vizualiz\u0103ri articol\"><span class=\"vtp-eye\" aria-hidden=\"true\">\ud83d\udc41<\/span><strong>29<\/strong> vizualiz\u0103ri<\/div>\n<p class=\"PDq2pG_selectionAnchorContainer\" data-start=\"139\" data-end=\"479\"><span><strong data-start=\"139\" data-end=\"479\">ACTIVITATE\u2026 Deputatul PSD de Vaslui, Ana Rinder, a f\u0103cut, la \u00eenceputul noii sesiuni parlamentare, un bilan\u021b al activit\u0103\u021bii din aceast\u0103 var\u0103. Parlamentarul vasluian spune c\u0103 perioada vacan\u021bei parlamentare a inclus at\u00e2t participarea la sesiunile extraordinare ale Parlamentului, c\u00e2t \u0219i \u00eent\u00e2lniri \u0219i activit\u0103\u021bi desf\u0103\u0219urate \u00een jude\u021bul Vaslui.<\/strong><\/span><\/p>\n<div class=\"code-block code-block-1\"><a href=\"https:\/\/vasluianul.ro\/ana-rinder-activitate-parlamentara-vaslui\/DESTINATION\"><img decoding=\"async\" src=\"https:\/\/vasluianul.ro\/wp-content\/uploads\/2022\/06\/reclama-vechia-roma-2.jpeg%0A\" data-eio=\"l\"><\/a><\/div>\n<p data-start=\"481\" data-end=\"640\"><span>Deputatul PSD de Vaslui Ana Rinder sus\u021bine c\u0103 activitatea sa a continuat pe parcursul verii, chiar dac\u0103 Parlamentul s-a aflat \u00eentre cele dou\u0103 sesiuni ordinare.<\/span><\/p>\n<p data-start=\"642\" data-end=\"902\"><span>Parlamentarul a f\u0103cut referire la sesiunile extraordinare convocate \u00een aceast\u0103 perioad\u0103, \u00een cadrul c\u0103rora au fost adoptate acte normative, inclusiv proiecte legate de \u00eendeplinirea unor jaloane asumate de Rom\u00e2nia prin Planul Na\u021bional de Redresare \u0219i Rezilien\u021b\u0103.<\/span><\/p>\n<div class=\"vam4-ad vam4-device-all\" data-ad-id=\"1\">\n<div class=\"vam4-label\">PUBLICITATE<\/div>\n<div class=\"vam4-frame\"><a class=\"vam4-click\" href=\"https:\/\/www.facebook.com\/SilverMallVaslui\" target=\"_blank\" rel=\"sponsored noopener\"><img decoding=\"async\" src=\"https:\/\/vasluianul.ro\/wp-content\/uploads\/2026\/08\/fillis-AI-002.png.webp\" alt=\"Silver Mall\" loading=\"lazy\" data-eio=\"l\"><\/a><\/div>\n<\/div>\n<aside class=\"vcs-box vcs-style-dark vcs-layout-vertical\" aria-label=\"Cite\u0219te \u0219i\"><a class=\"vcs-link\" href=\"https:\/\/vasluianul.ro\/targul-mesterilor-populari-vaslui-2026\/\"><span class=\"vcs-photo\"><img decoding=\"async\" src=\"https:\/\/vasluianul.ro\/wp-content\/uploads\/2025\/09\/targul-mesterilor-populari-9201-768x512.jpg\" alt=\"T\u00e2rgul Me\u0219terilor Populari revine la Vaslui. Trei zile de tradi\u021bii, dans \u0219i obiceiuri populare \u00een Parcul Copou\" loading=\"lazy\" title=\"Ana Rinder, la debutul noii sesiuni parlamentare: \u201dPolitica trebuie s\u0103 produc\u0103 solu\u021bii, nu doar discursuri\u201d 1\" data-eio=\"l\"><\/span><span class=\"vcs-content\"><span class=\"vcs-label\">CITE\u0218TE \u0218I<\/span><span class=\"vcs-title\">T\u00e2rgul Me\u0219terilor Populari revine la Vaslui. Trei zile de tradi\u021bii, dans \u0219i obiceiuri populare \u00een Parcul Copou<\/span><\/span><\/a><\/aside>\n<p data-start=\"904\" data-end=\"1022\"><span>\u00cen paralel cu activitatea parlamentar\u0103, Ana Rinder spune c\u0103 a continuat \u00eent\u00e2lnirile \u0219i activit\u0103\u021bile \u00een jude\u021bul Vaslui.<\/span><\/p>\n<aside class=\"vva-wrap\" aria-label=\"PUBLICITATE\">\n<div class=\"vva-label\">PUBLICITATE<\/div>\n<p><a class=\"vva-link\" href=\"https:\/\/www.facebook.com\/FamiliaSafir\" target=\"_blank\" rel=\"noopener sponsored\"><video class=\"vva-video\" data-max-seconds=\"21\" playsinline preload=\"metadata\" autoplay muted controls><source src=\"https:\/\/vasluianul.ro\/wp-content\/uploads\/2026\/07\/safir-campanie-iulie-2026.mp4\" \/><\/video><\/a><\/aside>\n<p data-start=\"1024\" data-end=\"1276\"><span><em>\u201dPentru c\u0103 un mandat nu se exercit\u0103 doar de la tribuna Parlamentului, iar responsabilitatea fa\u021b\u0103 de cei care \u021bi-au acordat \u00eencrederea lor nu intr\u0103 \u00een vacan\u021b\u0103. Politica trebuie s\u0103 produc\u0103 solu\u021bii, nu doar discursuri\u201d<\/em>, spune deputatul PSD de Vaslui.<\/span><\/p>\n<p data-start=\"1278\" data-end=\"1456\"><span>Ana Rinder consider\u0103 c\u0103 ultimele s\u0103pt\u0103m\u00e2ni au fost marcate de decizii importante \u0219i sus\u021bine c\u0103 actualul context impune mai mult\u0103 seriozitate \u0219i echilibru \u00een activitatea politic\u0103.<\/span><\/p>\n<p data-start=\"1458\" data-end=\"1717\"><span><em>\u201dAu fost s\u0103pt\u0103m\u00e2ni de munc\u0103 \u0219i de decizii importante, \u00eentr-o perioad\u0103 \u00een care Rom\u00e2nia are nevoie mai mult ca oric\u00e2nd de seriozitate, echilibru \u0219i solu\u021bii, nu de zgomot politic \u0219i promisiuni f\u0103r\u0103 acoperire. Iar de ast\u0103zi, continu\u0103m\u201d<\/em>, mai spune doamna Rinder.<\/span><\/p>\n<\/div>\n<div class=\"tdb-block-inner td-fix-index\"><a href=\"https:\/\/vasluianul.ro\/author\/danieltanasuc\/\" class=\"tdb-author-photo\" title=\"Daniel T\u0103n\u0103suc\"><img loading=\"lazy\" decoding=\"async\" alt=\"Daniel T\u0103n\u0103suc\" src=\"https:\/\/secure.gravatar.com\/avatar\/96f8aa4cf2ea1d57d33381e0a38eedb556fd3ed3dc125a709e0d706eada9b43f?s=96&amp;d=identicon&amp;r=g\" class=\"avatar avatar-96 photo\" height=\"96\" width=\"96\" data-eio=\"l\"><\/a><\/p>\n<div class=\"tdb-author-info\"><a href=\"https:\/\/vasluianul.ro\/author\/danieltanasuc\/\" class=\"tdb-author-name\">Daniel T\u0103n\u0103suc<\/a><a href=\"http:\/\/www.vasluianul.ro\" class=\"tdb-author-url\">http:\/\/www.vasluianul.ro<\/a><\/div>\n<\/div>\n<div class=\"tdb-block-inner td-fix-index\">\n<div class=\"comments\" id=\"comments\">\n<div id=\"respond\" class=\"comment-respond\">\n<h3 id=\"reply-title\" class=\"comment-reply-title\">L\u0102SA\u021aI UN MESAJ <small><a rel=\"nofollow\" id=\"cancel-comment-reply-link\" href=\"https:\/\/vasluianul.ro\/ana-rinder-activitate-parlamentara-vaslui\/#respond\">Renun\u021ba\u021bi la r\u0103spuns<\/a><\/small><\/h3>\n<div class=\"comment-form-input-wrap td-form-comment\">\n<div class=\"td-warning-comment\">V\u0103 rug\u0103m s\u0103 introduce\u021bi comentariul dvs.!<\/div>\n<\/div>\n<div class=\"comment-form-input-wrap td-form-author\">\n<div class=\"td-warning-author\">Introduce\u021bi aici numele dvs.<\/div>\n<\/div>\n<div class=\"comment-form-input-wrap td-form-email\">\n<div class=\"td-warning-email-error\">A\u021bi introdus o adres\u0103 de e-mail incorect\u0103!<\/div>\n<div class=\"td-warning-email\">V\u0103 rug\u0103m s\u0103 introduce\u021bi adresa dvs. de e-mail aici<\/div>\n<\/div>\n<\/div>\n<\/div>\n<\/div>\n<p>[analyse_source url=&#8221;https:\/\/vasluianul.ro\/ana-rinder-activitate-parlamentara-vaslui\/#new_tab&#8221;]<\/p>\n","protected":false},"excerpt":{"rendered":"<p>[analyse_image type=&#8221;featured&#8221; src=&#8221;https:\/\/vasluianul.ro\/wp-content\/uploads\/2026\/04\/ana-rinder-femei-alegeri-psd-2-1024&#215;683.jpg&#8221;] septembrie 1, 2026 Updated:septembrie 1, 2026 Ana Rinder, la debutul noii sesiuni parlamentare: \u201dPolitica trebuie s\u0103 produc\u0103 solu\u021bii, nu doar discursuri\u201d ByDaniel T\u0103n\u0103suc \ud83d\udc4129 vizualiz\u0103ri ACTIVITATE\u2026 Deputatul PSD de Vaslui, Ana Rinder, a f\u0103cut, la \u00eenceputul noii sesiuni parlamentare, un bilan\u021b al activit\u0103\u021bii din aceast\u0103 var\u0103. Parlamentarul vasluian spune c\u0103 perioada vacan\u021bei [&hellip;]<\/p>\n","protected":false},"author":1,"featured_media":0,"comment_status":"open","ping_status":"","sticky":false,"template":"","format":"standard","meta":{"footnotes":""},"categories":[89],"tags":[226,217],"class_list":["post-2123551","post","type-post","status-publish","format-standard","hentry","category-romania","tag-crawlmanager","tag-vaslui-robo-stiri-ro"],"_links":{"self":[{"href":"https:\/\/analyse.optim.biz\/index.php?rest_route=\/wp\/v2\/posts\/2123551","targetHints":{"allow":["GET"]}}],"collection":[{"href":"https:\/\/analyse.optim.biz\/index.php?rest_route=\/wp\/v2\/posts"}],"about":[{"href":"https:\/\/analyse.optim.biz\/index.php?rest_route=\/wp\/v2\/types\/post"}],"author":[{"embeddable":true,"href":"https:\/\/analyse.optim.biz\/index.php?rest_route=\/wp\/v2\/users\/1"}],"replies":[{"embeddable":true,"href":"https:\/\/analyse.optim.biz\/index.php?rest_route=%2Fwp%2Fv2%2Fcomments&post=2123551"}],"version-history":[{"count":0,"href":"https:\/\/analyse.optim.biz\/index.php?rest_route=\/wp\/v2\/posts\/2123551\/revisions"}],"wp:attachment":[{"href":"https:\/\/analyse.optim.biz\/index.php?rest_route=%2Fwp%2Fv2%2Fmedia&parent=2123551"}],"wp:term":[{"taxonomy":"category","embeddable":true,"href":"https:\/\/analyse.optim.biz\/index.php?rest_route=%2Fwp%2Fv2%2Fcategories&post=2123551"},{"taxonomy":"post_tag","embeddable":true,"href":"https:\/\/analyse.optim.biz\/index.php?rest_route=%2Fwp%2Fv2%2Ftags&post=2123551"}],"curies":[{"name":"wp","href":"https:\/\/api.w.org\/{rel}","templated":true}]}}