{"id":2123548,"date":"2026-09-01T18:18:04","date_gmt":"2026-09-01T15:18:04","guid":{"rendered":"https:\/\/analyse.optim.biz\/?p=2123548"},"modified":"2026-09-01T18:18:04","modified_gmt":"2026-09-01T15:18:04","slug":"targul-mesterilor-populari-revine-la-vaslui-trei-zile-de-traditii-dans-si-obiceiuri-populare-in-parcul-copou","status":"publish","type":"post","link":"https:\/\/analyse.optim.biz\/?p=2123548","title":{"rendered":"T\u00e2rgul Me\u0219terilor Populari revine la Vaslui. Trei zile de tradi\u021bii, dans \u0219i obiceiuri populare \u00een Parcul Copou"},"content":{"rendered":"<p>[analyse_image type=&#8221;featured&#8221; src=&#8221;https:\/\/vasluianul.ro\/wp-content\/uploads\/2025\/09\/targul-mesterilor-populari-9201-1024&#215;683.jpg&#8221;]<\/p>\n<div class=\"tdb-block-inner td-fix-index\"><time class=\"entry-date updated td-module-date\" datetime=\"2026-09-01T21:18:04+03:00\">septembrie 1, 2026<\/time><\/div>\n<div class=\"tdb-block-inner td-fix-index\"><span>Updated:<\/span><time class=\"entry-date updated td-module-date\" datetime=\"2026-09-01T21:18:04+03:00\">septembrie 1, 2026<\/time><\/div>\n<div class=\"tdb-block-inner td-fix-index\">\n<h1 class=\"tdb-title-text\">T\u00e2rgul Me\u0219terilor Populari revine la Vaslui. Trei zile de tradi\u021bii, dans \u0219i obiceiuri populare \u00een Parcul Copou<\/h1>\n<\/div>\n<div class=\"tdb-block-inner td-fix-index\"><a class=\"tdb-author-photo\" href=\"https:\/\/vasluianul.ro\/author\/danieltanasuc\/\" title=\"Daniel T\u0103n\u0103suc\"><img loading=\"lazy\" decoding=\"async\" alt=\"Daniel T\u0103n\u0103suc\" src=\"https:\/\/secure.gravatar.com\/avatar\/96f8aa4cf2ea1d57d33381e0a38eedb556fd3ed3dc125a709e0d706eada9b43f?s=34&amp;d=identicon&amp;r=g\" class=\"avatar avatar-34 photo\" height=\"34\" width=\"34\" data-eio=\"l\"><\/a><\/p>\n<div class=\"tdb-author-name-wrap\"><span class=\"tdb-author-by\">By<\/span><a class=\"tdb-author-name\" href=\"https:\/\/vasluianul.ro\/author\/danieltanasuc\/\">Daniel T\u0103n\u0103suc<\/a><\/div>\n<\/div>\n<div class=\"tdb-block-inner td-fix-index\"><a href=\"https:\/\/vasluianul.ro\/wp-content\/uploads\/2025\/09\/targul-mesterilor-populari-9201.jpg\" data-caption><img loading=\"lazy\" decoding=\"async\" width=\"1068\" height=\"712\" class=\"entry-thumb td-modal-image\" src=\"https:\/\/vasluianul.ro\/wp-content\/uploads\/2025\/09\/targul-mesterilor-populari-9201-1068x712.jpg\" alt title=\"targul mesterilor populari 9201\" data-eio=\"l\"><\/a><\/div>\n<div class=\"td_block_wrap tdb_single_content tdi_75 td-pb-border-top td_block_template_1 td-post-content tagdiv-type\" data-td-block-uid=\"tdi_75\">\n<div class=\"tdb-block-inner td-fix-index\">\n<div class=\"vtp-article-views\" aria-label=\"Num\u0103r vizualiz\u0103ri articol\"><span class=\"vtp-eye\" aria-hidden=\"true\">\ud83d\udc41<\/span><strong>26<\/strong> vizualiz\u0103ri<\/div>\n<p class=\"PDq2pG_selectionAnchorContainer\" data-start=\"116\" data-end=\"405\"><strong><span>TRADI\u021aII\u2026 Vasluiul g\u0103zduie\u0219te, \u00een perioada 4-6 septembrie 2026, cea de-a XXIV-a edi\u021bie a T\u00e2rgului Me\u0219terilor Populari. Evenimentul se va desf\u0103\u0219ura \u00een Parcul Copou \u0219i va aduce \u00een fa\u021ba publicului tradi\u021biile \u0219i me\u0219te\u0219ugurile populare, al\u0103turi de momente artistice \u0219i demonstra\u021bii de dans.<\/span><\/strong><\/p>\n<div class=\"code-block code-block-1\"><a href=\"https:\/\/vasluianul.ro\/targul-mesterilor-populari-vaslui-2026\/DESTINATION\"><img decoding=\"async\" src=\"https:\/\/vasluianul.ro\/wp-content\/uploads\/2022\/06\/reclama-vechia-roma-2.jpeg%0A\" data-eio=\"l\"><\/a><\/div>\n<p data-start=\"116\" data-end=\"405\"><img loading=\"lazy\" decoding=\"async\" class=\"alignnone size-full wp-image-85305\" src=\"https:\/\/vasluianul.ro\/wp-content\/uploads\/2026\/09\/790505737_2073449983378530_7594664051467169602_n.jpg.webp\" alt=\"790505737 2073449983378530 7594664051467169602 n\" width=\"1181\" height=\"1600\" title=\"T\u00e2rgul Me\u0219terilor Populari revine la Vaslui. Trei zile de tradi\u021bii, dans \u0219i obiceiuri populare \u00een Parcul Copou 1\" data-eio=\"l\"><\/p>\n<p data-start=\"407\" data-end=\"570\"><span>T\u00e2rgul Me\u0219terilor Populari revine la Vaslui la sf\u00e2r\u0219itul acestei s\u0103pt\u0103m\u00e2ni. Cea de-a XXIV-a edi\u021bie este programat\u0103 \u00een perioada 4-6 septembrie, \u00een Parcul Copou.<\/span><\/p>\n<div class=\"vam4-ad vam4-device-all\" data-ad-id=\"1\">\n<div class=\"vam4-label\">PUBLICITATE<\/div>\n<div class=\"vam4-frame\"><a class=\"vam4-click\" href=\"https:\/\/www.facebook.com\/SilverMallVaslui\" target=\"_blank\" rel=\"sponsored noopener\"><img decoding=\"async\" src=\"https:\/\/vasluianul.ro\/wp-content\/uploads\/2026\/08\/fillis-AI-002.png.webp\" alt=\"Silver Mall\" loading=\"lazy\" data-eio=\"l\"><\/a><\/div>\n<\/div>\n<aside class=\"vcs-box vcs-style-dark vcs-layout-horizontal\" aria-label=\"Cite\u0219te \u0219i\"><a class=\"vcs-link\" href=\"https:\/\/vasluianul.ro\/video-cu-momentul-detonarii-dronei-explozive-de-la-viisoara\/\"><span class=\"vcs-photo\"><img decoding=\"async\" src=\"https:\/\/vasluianul.ro\/wp-content\/uploads\/2026\/09\/drona-viisoara-3-768x545.jpeg\" alt=\"VIDEO cu momentul deton\u0103rii dronei explozive de la Vii\u0219oara\" loading=\"lazy\" title=\"T\u00e2rgul Me\u0219terilor Populari revine la Vaslui. Trei zile de tradi\u021bii, dans \u0219i obiceiuri populare \u00een Parcul Copou 2\" data-eio=\"l\"><\/span><span class=\"vcs-content\"><span class=\"vcs-label\">CITE\u0218TE \u0218I<\/span><span class=\"vcs-title\">VIDEO cu momentul deton\u0103rii dronei explozive de la Vii\u0219oara<\/span><span class=\"vcs-date-front\">01.09.2026<\/span><\/span><\/a><\/aside>\n<p data-start=\"572\" data-end=\"672\"><span>Manifest\u0103rile vor debuta vineri, 4 septembrie, de la ora 18:00, cu Fanfara de la Valea Mare.<\/span><\/p>\n<aside class=\"vva-wrap\" aria-label=\"PUBLICITATE\">\n<div class=\"vva-label\">PUBLICITATE<\/div>\n<p><a class=\"vva-link\" href=\"https:\/\/www.facebook.com\/FamiliaSafir\" target=\"_blank\" rel=\"noopener sponsored\"><video class=\"vva-video\" data-max-seconds=\"21\" playsinline preload=\"metadata\" autoplay muted controls><source src=\"https:\/\/vasluianul.ro\/wp-content\/uploads\/2026\/07\/safir-campanie-iulie-2026.mp4\" \/><\/video><\/a><\/aside>\n<p data-start=\"674\" data-end=\"818\"><span>S\u00e2mb\u0103t\u0103, 5 septembrie, de la ora 18:00, publicul este invitat la un atelier de dans popular sus\u021binut de Marin Barbu \u0219i Virginel Solomon.<\/span><\/p>\n<p data-start=\"820\" data-end=\"1059\"><span>Ultima zi a t\u00e2rgului, duminic\u0103, 6 septembrie, aduce dou\u0103 momente \u00een program. De la ora 13:00 va evolua Grupul \u201e\u0218tefan Vod\u0103\u201d din Republica Moldova, iar de la ora 17:00, Rapsodia Vasluiului va prezenta un ritual de nunt\u0103.<\/span><\/p>\n<\/div>\n<\/div>\n<div class=\"tdb-block-inner td-fix-index\">\n<div class=\"vtp-article-views\" aria-label=\"Num\u0103r vizualiz\u0103ri articol\"><span class=\"vtp-eye\" aria-hidden=\"true\">\ud83d\udc41<\/span><strong>26<\/strong> vizualiz\u0103ri<\/div>\n<p class=\"PDq2pG_selectionAnchorContainer\" data-start=\"116\" data-end=\"405\"><strong><span>TRADI\u021aII\u2026 Vasluiul g\u0103zduie\u0219te, \u00een perioada 4-6 septembrie 2026, cea de-a XXIV-a edi\u021bie a T\u00e2rgului Me\u0219terilor Populari. Evenimentul se va desf\u0103\u0219ura \u00een Parcul Copou \u0219i va aduce \u00een fa\u021ba publicului tradi\u021biile \u0219i me\u0219te\u0219ugurile populare, al\u0103turi de momente artistice \u0219i demonstra\u021bii de dans.<\/span><\/strong><\/p>\n<div class=\"code-block code-block-1\"><a href=\"https:\/\/vasluianul.ro\/targul-mesterilor-populari-vaslui-2026\/DESTINATION\"><img decoding=\"async\" src=\"https:\/\/vasluianul.ro\/wp-content\/uploads\/2022\/06\/reclama-vechia-roma-2.jpeg%0A\" data-eio=\"l\"><\/a><\/div>\n<p data-start=\"116\" data-end=\"405\"><img loading=\"lazy\" decoding=\"async\" class=\"alignnone size-full wp-image-85305\" src=\"https:\/\/vasluianul.ro\/wp-content\/uploads\/2026\/09\/790505737_2073449983378530_7594664051467169602_n.jpg.webp\" alt=\"790505737 2073449983378530 7594664051467169602 n\" width=\"1181\" height=\"1600\" title=\"T\u00e2rgul Me\u0219terilor Populari revine la Vaslui. Trei zile de tradi\u021bii, dans \u0219i obiceiuri populare \u00een Parcul Copou 1\" data-eio=\"l\"><\/p>\n<p data-start=\"407\" data-end=\"570\"><span>T\u00e2rgul Me\u0219terilor Populari revine la Vaslui la sf\u00e2r\u0219itul acestei s\u0103pt\u0103m\u00e2ni. Cea de-a XXIV-a edi\u021bie este programat\u0103 \u00een perioada 4-6 septembrie, \u00een Parcul Copou.<\/span><\/p>\n<div class=\"vam4-ad vam4-device-all\" data-ad-id=\"1\">\n<div class=\"vam4-label\">PUBLICITATE<\/div>\n<div class=\"vam4-frame\"><a class=\"vam4-click\" href=\"https:\/\/www.facebook.com\/SilverMallVaslui\" target=\"_blank\" rel=\"sponsored noopener\"><img decoding=\"async\" src=\"https:\/\/vasluianul.ro\/wp-content\/uploads\/2026\/08\/fillis-AI-002.png.webp\" alt=\"Silver Mall\" loading=\"lazy\" data-eio=\"l\"><\/a><\/div>\n<\/div>\n<aside class=\"vcs-box vcs-style-dark vcs-layout-horizontal\" aria-label=\"Cite\u0219te \u0219i\"><a class=\"vcs-link\" href=\"https:\/\/vasluianul.ro\/video-cu-momentul-detonarii-dronei-explozive-de-la-viisoara\/\"><span class=\"vcs-photo\"><img decoding=\"async\" src=\"https:\/\/vasluianul.ro\/wp-content\/uploads\/2026\/09\/drona-viisoara-3-768x545.jpeg\" alt=\"VIDEO cu momentul deton\u0103rii dronei explozive de la Vii\u0219oara\" loading=\"lazy\" title=\"T\u00e2rgul Me\u0219terilor Populari revine la Vaslui. Trei zile de tradi\u021bii, dans \u0219i obiceiuri populare \u00een Parcul Copou 2\" data-eio=\"l\"><\/span><span class=\"vcs-content\"><span class=\"vcs-label\">CITE\u0218TE \u0218I<\/span><span class=\"vcs-title\">VIDEO cu momentul deton\u0103rii dronei explozive de la Vii\u0219oara<\/span><span class=\"vcs-date-front\">01.09.2026<\/span><\/span><\/a><\/aside>\n<p data-start=\"572\" data-end=\"672\"><span>Manifest\u0103rile vor debuta vineri, 4 septembrie, de la ora 18:00, cu Fanfara de la Valea Mare.<\/span><\/p>\n<aside class=\"vva-wrap\" aria-label=\"PUBLICITATE\">\n<div class=\"vva-label\">PUBLICITATE<\/div>\n<p><a class=\"vva-link\" href=\"https:\/\/www.facebook.com\/FamiliaSafir\" target=\"_blank\" rel=\"noopener sponsored\"><video class=\"vva-video\" data-max-seconds=\"21\" playsinline preload=\"metadata\" autoplay muted controls><source src=\"https:\/\/vasluianul.ro\/wp-content\/uploads\/2026\/07\/safir-campanie-iulie-2026.mp4\" \/><\/video><\/a><\/aside>\n<p data-start=\"674\" data-end=\"818\"><span>S\u00e2mb\u0103t\u0103, 5 septembrie, de la ora 18:00, publicul este invitat la un atelier de dans popular sus\u021binut de Marin Barbu \u0219i Virginel Solomon.<\/span><\/p>\n<p data-start=\"820\" data-end=\"1059\"><span>Ultima zi a t\u00e2rgului, duminic\u0103, 6 septembrie, aduce dou\u0103 momente \u00een program. De la ora 13:00 va evolua Grupul \u201e\u0218tefan Vod\u0103\u201d din Republica Moldova, iar de la ora 17:00, Rapsodia Vasluiului va prezenta un ritual de nunt\u0103.<\/span><\/p>\n<\/div>\n<div class=\"tdb-block-inner td-fix-index\"><a href=\"https:\/\/vasluianul.ro\/author\/danieltanasuc\/\" class=\"tdb-author-photo\" title=\"Daniel T\u0103n\u0103suc\"><img loading=\"lazy\" decoding=\"async\" alt=\"Daniel T\u0103n\u0103suc\" src=\"https:\/\/secure.gravatar.com\/avatar\/96f8aa4cf2ea1d57d33381e0a38eedb556fd3ed3dc125a709e0d706eada9b43f?s=96&amp;d=identicon&amp;r=g\" class=\"avatar avatar-96 photo\" height=\"96\" width=\"96\" data-eio=\"l\"><\/a><\/p>\n<div class=\"tdb-author-info\"><a href=\"https:\/\/vasluianul.ro\/author\/danieltanasuc\/\" class=\"tdb-author-name\">Daniel T\u0103n\u0103suc<\/a><a href=\"http:\/\/www.vasluianul.ro\" class=\"tdb-author-url\">http:\/\/www.vasluianul.ro<\/a><\/div>\n<\/div>\n<div class=\"tdb-block-inner td-fix-index\">\n<div class=\"comments\" id=\"comments\">\n<div id=\"respond\" class=\"comment-respond\">\n<h3 id=\"reply-title\" class=\"comment-reply-title\">L\u0102SA\u021aI UN MESAJ <small><a rel=\"nofollow\" id=\"cancel-comment-reply-link\" href=\"https:\/\/vasluianul.ro\/targul-mesterilor-populari-vaslui-2026\/#respond\">Renun\u021ba\u021bi la r\u0103spuns<\/a><\/small><\/h3>\n<div class=\"comment-form-input-wrap td-form-comment\">\n<div class=\"td-warning-comment\">V\u0103 rug\u0103m s\u0103 introduce\u021bi comentariul dvs.!<\/div>\n<\/div>\n<div class=\"comment-form-input-wrap td-form-author\">\n<div class=\"td-warning-author\">Introduce\u021bi aici numele dvs.<\/div>\n<\/div>\n<div class=\"comment-form-input-wrap td-form-email\">\n<div class=\"td-warning-email-error\">A\u021bi introdus o adres\u0103 de e-mail incorect\u0103!<\/div>\n<div class=\"td-warning-email\">V\u0103 rug\u0103m s\u0103 introduce\u021bi adresa dvs. de e-mail aici<\/div>\n<\/div>\n<\/div>\n<\/div>\n<\/div>\n<p>[analyse_source url=&#8221;https:\/\/vasluianul.ro\/targul-mesterilor-populari-vaslui-2026\/#new_tab&#8221;]<\/p>\n","protected":false},"excerpt":{"rendered":"<p>[analyse_image type=&#8221;featured&#8221; src=&#8221;https:\/\/vasluianul.ro\/wp-content\/uploads\/2025\/09\/targul-mesterilor-populari-9201-1024&#215;683.jpg&#8221;] septembrie 1, 2026 Updated:septembrie 1, 2026 T\u00e2rgul Me\u0219terilor Populari revine la Vaslui. Trei zile de tradi\u021bii, dans \u0219i obiceiuri populare \u00een Parcul Copou ByDaniel T\u0103n\u0103suc \ud83d\udc4126 vizualiz\u0103ri TRADI\u021aII\u2026 Vasluiul g\u0103zduie\u0219te, \u00een perioada 4-6 septembrie 2026, cea de-a XXIV-a edi\u021bie a T\u00e2rgului Me\u0219terilor Populari. Evenimentul se va desf\u0103\u0219ura \u00een Parcul Copou \u0219i va [&hellip;]<\/p>\n","protected":false},"author":1,"featured_media":0,"comment_status":"open","ping_status":"","sticky":false,"template":"","format":"standard","meta":{"footnotes":""},"categories":[89],"tags":[226,217],"class_list":["post-2123548","post","type-post","status-publish","format-standard","hentry","category-romania","tag-crawlmanager","tag-vaslui-robo-stiri-ro"],"_links":{"self":[{"href":"https:\/\/analyse.optim.biz\/index.php?rest_route=\/wp\/v2\/posts\/2123548","targetHints":{"allow":["GET"]}}],"collection":[{"href":"https:\/\/analyse.optim.biz\/index.php?rest_route=\/wp\/v2\/posts"}],"about":[{"href":"https:\/\/analyse.optim.biz\/index.php?rest_route=\/wp\/v2\/types\/post"}],"author":[{"embeddable":true,"href":"https:\/\/analyse.optim.biz\/index.php?rest_route=\/wp\/v2\/users\/1"}],"replies":[{"embeddable":true,"href":"https:\/\/analyse.optim.biz\/index.php?rest_route=%2Fwp%2Fv2%2Fcomments&post=2123548"}],"version-history":[{"count":0,"href":"https:\/\/analyse.optim.biz\/index.php?rest_route=\/wp\/v2\/posts\/2123548\/revisions"}],"wp:attachment":[{"href":"https:\/\/analyse.optim.biz\/index.php?rest_route=%2Fwp%2Fv2%2Fmedia&parent=2123548"}],"wp:term":[{"taxonomy":"category","embeddable":true,"href":"https:\/\/analyse.optim.biz\/index.php?rest_route=%2Fwp%2Fv2%2Fcategories&post=2123548"},{"taxonomy":"post_tag","embeddable":true,"href":"https:\/\/analyse.optim.biz\/index.php?rest_route=%2Fwp%2Fv2%2Ftags&post=2123548"}],"curies":[{"name":"wp","href":"https:\/\/api.w.org\/{rel}","templated":true}]}}