{"id":2123542,"date":"2026-09-01T18:28:36","date_gmt":"2026-09-01T15:28:36","guid":{"rendered":"https:\/\/analyse.optim.biz\/?p=2123542"},"modified":"2026-09-01T18:28:36","modified_gmt":"2026-09-01T15:28:36","slug":"o-noua-contra-intre-seful-pnl-timis-marilen-pirtea-si-ionut-gaita-liderul-pnl-timisoara-cel-din-urma-respinge-vehement-varianta-unui-candidat-independent-sustinut-de-pnl-si-usr-la-primaria-timisoar","status":"publish","type":"post","link":"https:\/\/analyse.optim.biz\/?p=2123542","title":{"rendered":"O nou\u0103 contr\u0103 \u00eentre \u0219eful PNL Timi\u0219, Marilen Pirtea \u0219i Ionu\u021b Gai\u021b\u0103, liderul PNL Timi\u0219oara. Cel din urm\u0103 respinge vehement varianta unui candidat independent sus\u021binut de PNL \u0219i USR la Prim\u0103ria Timi\u0219oarei"},"content":{"rendered":"<p>[analyse_image type=&#8221;featured&#8221; src=&#8221;https:\/\/www.banatulazi.ro\/wp-content\/uploads\/2026\/09\/20260901_212707.jpg&#8221;]<\/p>\n<div class=\"td_block_wrap tdb_single_content tdi_64 td-pb-border-top td_block_template_1 td-post-content tagdiv-type\" data-td-block-uid=\"tdi_64\">\n<div class=\"tdb-block-inner td-fix-index\">\n<p class=\"PDq2pG_selectionAnchorContainer\" data-start=\"107\" data-end=\"343\">Pre\u0219edintele PNL Timi\u0219oara, Ionu\u021b Gai\u021b\u0103, critic\u0103 scenariul vehiculat \u00een pres\u0103 privind sus\u021binerea unui candidat independent la Prim\u0103ria Timi\u0219oara de c\u0103tre PNL \u0219i USR \u0219i consider\u0103 c\u0103 o asemenea strategie ar reprezenta o gre\u0219eal\u0103 politic\u0103.<\/p>\n<p data-start=\"345\" data-end=\"564\">Reac\u021bia liberalului vine dup\u0103 apari\u021bia unor informa\u021bii \u201epe surse\u201d potrivit c\u0103rora cele dou\u0103 partide ar putea lua \u00een calcul sus\u021binerea unei persoane din afara forma\u021biunilor politice pentru alegerile locale din Timi\u0219oara.<\/p>\n<p data-start=\"566\" data-end=\"710\">\u201eDac\u0103 dou\u0103 partide mari trebuie s\u0103 \u00ee\u0219i caute candidatul \u00een afara lor, problema nu este candidatul. Problema sunt partidele\u201d, afirm\u0103 Ionu\u021b Gai\u021b\u0103.<\/p>\n<p data-start=\"712\" data-end=\"997\">Liderul PNL Timi\u0219oara sus\u021bine c\u0103 at\u00e2t PNL, c\u00e2t \u0219i USR au organiza\u021bii puternice \u00een municipiu, ale\u0219i locali, parlamentari \u0219i persoane cu experien\u021b\u0103 administrativ\u0103, astfel \u00eenc\u00e2t identificarea unui candidat din afara partidului ar transmite, \u00een opinia sa, un mesaj negativ c\u0103tre electorat.<\/p>\n<p data-start=\"999\" data-end=\"1186\">\u201eCum s\u0103 vin\u0103 PNL \u0219i USR \u00een fa\u021ba timi\u0219orenilor \u0219i s\u0103 le spun\u0103 c\u0103, dintre to\u021bi oamenii lor, nu g\u0103sesc unul pe care s\u0103 aib\u0103 curajul s\u0103 \u00eel propun\u0103 pentru Prim\u0103rie?\u201d, \u00eentreab\u0103 liderul liberal.<\/p>\n<p data-start=\"1188\" data-end=\"1438\">\u00cen opinia sa, un asemenea demers nu ar reprezenta o solu\u021bie politic\u0103, ci \u201eo declara\u021bie ru\u0219inoas\u0103 de neputin\u021b\u0103\u201d. Gai\u021b\u0103 respinge \u0219i ideea c\u0103 un candidat independent ar putea beneficia automat de cumularea bazinelor electorale ale celor dou\u0103 forma\u021biuni.<\/p>\n<p data-start=\"1440\" data-end=\"1747\">\u201eUn protocol politic poate aduna dou\u0103 sigle, dar nu poate aduna automat dou\u0103 electorate. Oamenii nu sunt voturi de transferat dintr-o coloan\u0103 \u00een alta, iar partidele nu sunt firme de curierat electoral, care livreaz\u0103 voturile la adresa stabilit\u0103 de conducerea politic\u0103\u201d, transmite pre\u0219edintele PNL Timi\u0219oara.<\/p>\n<p data-start=\"1440\" data-end=\"1747\">Gai\u021b\u0103 aminte\u0219te \u0219i de experien\u021bele politice \u00een care anumite formule electorale au p\u0103rut solide pe h\u00e2rtie, dar nu au confirmat la urne.<\/p>\n<p data-start=\"1885\" data-end=\"2025\">\u201e\u0218i voi, ca mine, a\u021bi mai v\u0103zut asemenea experimente. N-am ce s\u0103 spun: pe h\u00e2rtie ar\u0103tau impecabil. P\u00e2n\u0103 au venit alegerile\u2026\u201d, afirm\u0103 acesta.<\/p>\n<p data-start=\"2027\" data-end=\"2267\">\u00cen cazul unui eventual proiect politic comun pentru Timi\u0219oara, liderul PNL Timi\u0219oara spune c\u0103 liberalii dispun de oameni \u0219i solu\u021bii pe care le pot prezenta electoratului \u0219i las\u0103 deschis\u0103 posibilitatea unor discu\u021bii privind o formul\u0103 comun\u0103.<\/p>\n<p data-start=\"2269\" data-end=\"2493\">\u201ePNL are oameni, are solu\u021bii \u0219i are candida\u021bi pe care \u00eei poate propune cu \u00eencredere timi\u0219orenilor. Avem tot timpul s\u0103 discut\u0103m serios, deschis \u0219i responsabil despre cea mai bun\u0103 formul\u0103 pentru Timi\u0219oara\u201d, afirm\u0103 Ionu\u021b Gai\u021b\u0103.<\/p>\n<p data-start=\"2495\" data-end=\"2638\">Pentru acesta, \u00eens\u0103, orice eventual\u0103 construc\u021bie politic\u0103 trebuie s\u0103 porneasc\u0103 de la organiza\u021biile locale \u0219i de la respectul fa\u021b\u0103 de aleg\u0103tori.<\/p>\n<p data-start=\"2640\" data-end=\"2837\" data-is-last-node data-is-only-node>\u201eTimi\u0219oara nu are nevoie de un candidat fabricat \u00abpe surse\u00bb. Are nevoie de asumare \u0219i de respect fa\u021b\u0103 de cei care \u00ee\u0219i mai pun speran\u021ba \u00een administra\u021bia local\u0103\u201d, conchide pre\u0219edintele PNL Timi\u0219oara.<\/p>\n<\/div>\n<\/div>\n<p>[analyse_source url=&#8221;https:\/\/www.banatulazi.ro\/o-noua-contra-intre-seful-pnl-timis-marilen-pirtea-si-ionut-gaita-liderul-pnl-timisoara-cel-din-urma-respinge-vehement-varianta-unui-candidat-independent-sustinut-de-pnl-si-usr-la-primaria-timisoar\/&#8221;]<\/p>\n","protected":false},"excerpt":{"rendered":"<p>[analyse_image type=&#8221;featured&#8221; src=&#8221;https:\/\/www.banatulazi.ro\/wp-content\/uploads\/2026\/09\/20260901_212707.jpg&#8221;] Pre\u0219edintele PNL Timi\u0219oara, Ionu\u021b Gai\u021b\u0103, critic\u0103 scenariul vehiculat \u00een pres\u0103 privind sus\u021binerea unui candidat independent la Prim\u0103ria Timi\u0219oara de c\u0103tre PNL \u0219i USR \u0219i consider\u0103 c\u0103 o asemenea strategie ar reprezenta o gre\u0219eal\u0103 politic\u0103. Reac\u021bia liberalului vine dup\u0103 apari\u021bia unor informa\u021bii \u201epe surse\u201d potrivit c\u0103rora cele dou\u0103 partide ar putea lua \u00een [&hellip;]<\/p>\n","protected":false},"author":1,"featured_media":0,"comment_status":"open","ping_status":"","sticky":false,"template":"","format":"standard","meta":{"footnotes":""},"categories":[89],"tags":[185,226],"class_list":["post-2123542","post","type-post","status-publish","format-standard","hentry","category-romania","tag-banatulazi-ro","tag-crawlmanager"],"_links":{"self":[{"href":"https:\/\/analyse.optim.biz\/index.php?rest_route=\/wp\/v2\/posts\/2123542","targetHints":{"allow":["GET"]}}],"collection":[{"href":"https:\/\/analyse.optim.biz\/index.php?rest_route=\/wp\/v2\/posts"}],"about":[{"href":"https:\/\/analyse.optim.biz\/index.php?rest_route=\/wp\/v2\/types\/post"}],"author":[{"embeddable":true,"href":"https:\/\/analyse.optim.biz\/index.php?rest_route=\/wp\/v2\/users\/1"}],"replies":[{"embeddable":true,"href":"https:\/\/analyse.optim.biz\/index.php?rest_route=%2Fwp%2Fv2%2Fcomments&post=2123542"}],"version-history":[{"count":0,"href":"https:\/\/analyse.optim.biz\/index.php?rest_route=\/wp\/v2\/posts\/2123542\/revisions"}],"wp:attachment":[{"href":"https:\/\/analyse.optim.biz\/index.php?rest_route=%2Fwp%2Fv2%2Fmedia&parent=2123542"}],"wp:term":[{"taxonomy":"category","embeddable":true,"href":"https:\/\/analyse.optim.biz\/index.php?rest_route=%2Fwp%2Fv2%2Fcategories&post=2123542"},{"taxonomy":"post_tag","embeddable":true,"href":"https:\/\/analyse.optim.biz\/index.php?rest_route=%2Fwp%2Fv2%2Ftags&post=2123542"}],"curies":[{"name":"wp","href":"https:\/\/api.w.org\/{rel}","templated":true}]}}