{"id":2123530,"date":"2026-09-01T18:03:53","date_gmt":"2026-09-01T15:03:53","guid":{"rendered":"https:\/\/analyse.optim.biz\/?p=2123530"},"modified":"2026-09-01T18:03:53","modified_gmt":"2026-09-01T15:03:53","slug":"transportul-scolar-revine-in-timisoara-din-7-septembrie-modificari-pe-linia-s12","status":"publish","type":"post","link":"https:\/\/analyse.optim.biz\/?p=2123530","title":{"rendered":"Transportul \u0219colar revine \u00een Timi\u0219oara din 7 septembrie. Modific\u0103ri pe linia S12"},"content":{"rendered":"<p>[analyse_image type=&#8221;featured&#8221; src=&#8221;https:\/\/www.banatulazi.ro\/wp-content\/uploads\/2026\/09\/IMG_6384.jpeg&#8221;]<\/p>\n<div class=\"td_block_wrap tdb_single_content tdi_64 td-pb-border-top td_block_template_1 td-post-content tagdiv-type\" data-td-block-uid=\"tdi_64\">\n<div class=\"tdb-block-inner td-fix-index\">\n<p><strong>Cele 15 linii dedicate transportului \u0219colar din Timi\u0219oara vor reveni \u00een circula\u021bie odat\u0103 cu \u00eenceperea noului an \u0219colar, din 7 septembrie 2026. O modificare important\u0103 \u00eei vizeaz\u0103 pe elevii care folosesc linia S12, al c\u0103rei traseu va fi deviat din cauza lucr\u0103rilor din Pia\u021ba Traian.<\/strong><\/p>\n<p>Municipalitatea, prin Societatea de Transport Public Timi\u0219oara (STPT), men\u021bine \u0219i \u00een anul \u0219colar 2026\u20132027 cele 15 trasee speciale pentru elevi.<\/p>\n<p>Liniile sunt adaptate programului \u0219colar \u0219i sunt destinate deplas\u0103rilor elevilor c\u0103tre \u0219i de la unit\u0103\u021bile de \u00eenv\u0103\u021b\u0103m\u00e2nt. Cele mai multe dintre trasee vor circula f\u0103r\u0103 modific\u0103ri fa\u021b\u0103 de anul \u0219colar trecut.<\/p>\n<h2>Linia S12 va circula pe un traseu deviat<\/h2>\n<p>\u00cencep\u00e2nd cu 7 septembrie, linia \u0219colar\u0103 S12 va avea un traseu modificat, at\u00e2t la dus, c\u00e2t \u0219i la \u00eentors.<\/p>\n<p>Schimbarea este necesar\u0103 \u00een contextul lucr\u0103rilor care se desf\u0103\u0219oar\u0103 \u00een Pia\u021ba Traian.<\/p>\n<p>Astfel, sta\u021bia \u201ePia\u021ba Traian\u201d va fi suspendat\u0103 temporar, iar autobuzele S12 vor circula pe strada Iepurelui \u0219i strada I.H. Pestalozzi.<\/p>\n<p>Pe traseul deviat vor fi introduse dou\u0103 sta\u021bii noi:<\/p>\n<ul>\n<li>\u201eIepurelui\u201d<\/li>\n<li>\u201eRadio Timi\u0219oara\u201d<\/li>\n<\/ul>\n<p>Traseul liniei S12 va fi reanalizat \u00een func\u021bie de evolu\u021bia lucr\u0103rilor din Pia\u021ba Traian. \u00cen cazul \u00een care vor fi necesare noi modific\u0103ri, acestea vor fi anun\u021bate din timp.<\/p>\n<h2>Celelalte 14 linii \u00ee\u0219i p\u0103streaz\u0103 traseele<\/h2>\n<p>Pentru celelalte 14 linii de transport \u0219colar nu sunt anun\u021bate modific\u0103ri.<\/p>\n<p>Acestea vor circula pe acelea\u0219i trasee ca \u00een anul \u0219colar trecut, potrivit informa\u021biilor transmise de Prim\u0103ria Timi\u0219oara.<\/p>\n<p>Prin intermediul liniilor speciale \u201eS\u201d, elevii au la dispozi\u021bie o variant\u0103 de transport adaptat\u0103 programului \u0219colar. Municipalitatea consider\u0103 c\u0103 serviciul contribuie \u0219i la sprijinirea p\u0103rin\u021bilor, oferindu-le copiilor posibilitatea de a folosi transportul public \u00een condi\u021bii de siguran\u021b\u0103 \u0219i accesibilitate.<\/p>\n<h2>Unde poate fi verificat programul<\/h2>\n<p>P\u0103rin\u021bii \u0219i elevii pot verifica orarul de circula\u021bie \u0219i lista complet\u0103 a sta\u021biilor pentru liniile de transport \u0219colar pe site-ul Societ\u0103\u021bii de Transport Public Timi\u0219oara, \u00een sec\u021biunea dedicat\u0103 traseelor \u0219colare.<\/p>\n<p>Pentru elevii care folosesc S12, este important ca ace\u0219tia s\u0103 \u021bin\u0103 cont de suspendarea temporar\u0103 a sta\u021biei \u201ePia\u021ba Traian\u201d \u0219i s\u0103 utilizeze noile sta\u021bii introduse pe traseul deviat.<\/p>\n<p>Modificarea va intra \u00een vigoare odat\u0103 cu revenirea transportului \u0219colar, pe 7 septembrie 2026.<\/p>\n<\/div>\n<\/div>\n<p>[analyse_source url=&#8221;https:\/\/www.banatulazi.ro\/transportul-scolar-revine-in-timisoara-din-7-septembrie-modificari-pe-linia-s12\/&#8221;]<\/p>\n","protected":false},"excerpt":{"rendered":"<p>[analyse_image type=&#8221;featured&#8221; src=&#8221;https:\/\/www.banatulazi.ro\/wp-content\/uploads\/2026\/09\/IMG_6384.jpeg&#8221;] Cele 15 linii dedicate transportului \u0219colar din Timi\u0219oara vor reveni \u00een circula\u021bie odat\u0103 cu \u00eenceperea noului an \u0219colar, din 7 septembrie 2026. O modificare important\u0103 \u00eei vizeaz\u0103 pe elevii care folosesc linia S12, al c\u0103rei traseu va fi deviat din cauza lucr\u0103rilor din Pia\u021ba Traian. Municipalitatea, prin Societatea de Transport Public Timi\u0219oara [&hellip;]<\/p>\n","protected":false},"author":1,"featured_media":0,"comment_status":"open","ping_status":"","sticky":false,"template":"","format":"standard","meta":{"footnotes":""},"categories":[89],"tags":[185,226],"class_list":["post-2123530","post","type-post","status-publish","format-standard","hentry","category-romania","tag-banatulazi-ro","tag-crawlmanager"],"_links":{"self":[{"href":"https:\/\/analyse.optim.biz\/index.php?rest_route=\/wp\/v2\/posts\/2123530","targetHints":{"allow":["GET"]}}],"collection":[{"href":"https:\/\/analyse.optim.biz\/index.php?rest_route=\/wp\/v2\/posts"}],"about":[{"href":"https:\/\/analyse.optim.biz\/index.php?rest_route=\/wp\/v2\/types\/post"}],"author":[{"embeddable":true,"href":"https:\/\/analyse.optim.biz\/index.php?rest_route=\/wp\/v2\/users\/1"}],"replies":[{"embeddable":true,"href":"https:\/\/analyse.optim.biz\/index.php?rest_route=%2Fwp%2Fv2%2Fcomments&post=2123530"}],"version-history":[{"count":0,"href":"https:\/\/analyse.optim.biz\/index.php?rest_route=\/wp\/v2\/posts\/2123530\/revisions"}],"wp:attachment":[{"href":"https:\/\/analyse.optim.biz\/index.php?rest_route=%2Fwp%2Fv2%2Fmedia&parent=2123530"}],"wp:term":[{"taxonomy":"category","embeddable":true,"href":"https:\/\/analyse.optim.biz\/index.php?rest_route=%2Fwp%2Fv2%2Fcategories&post=2123530"},{"taxonomy":"post_tag","embeddable":true,"href":"https:\/\/analyse.optim.biz\/index.php?rest_route=%2Fwp%2Fv2%2Ftags&post=2123530"}],"curies":[{"name":"wp","href":"https:\/\/api.w.org\/{rel}","templated":true}]}}