{"id":2123528,"date":"2026-09-01T17:14:54","date_gmt":"2026-09-01T14:14:54","guid":{"rendered":"https:\/\/analyse.optim.biz\/?p=2123528"},"modified":"2026-09-01T17:14:54","modified_gmt":"2026-09-01T14:14:54","slug":"nicusor-dan-are-impresia-ca-activitatea-sistemului-judiciar-s-a-dinamizat","status":"publish","type":"post","link":"https:\/\/analyse.optim.biz\/?p=2123528","title":{"rendered":"Nicu\u0219or Dan are impresia c\u0103 activitatea sistemului judiciar s-a dinamizat"},"content":{"rendered":"<p>[analyse_image type=&#8221;featured&#8221; src=&#8221;https:\/\/ziardesuceava.ro\/wp-content\/uploads\/2026\/09\/79888-1024&#215;581.png&#8221;]<\/p>\n<div class=\"post-content clearfix\">\n<div class=\"blog-post-thumb\"><img loading=\"lazy\" decoding=\"async\" width=\"1140\" height=\"694\" src=\"https:\/\/ziardesuceava.ro\/wp-content\/uploads\/2026\/09\/79888-1140x694.png\" class=\"attachment-inhype-blog-thumb size-inhype-blog-thumb wp-post-image\" alt><\/div>\n<div class=\"entry-content\">\n<div>\n<p class=\"fara-orfani lead\">Pre\u0219edintele a\u0219teapt\u0103 s\u0103 treac\u0103 cele \u0219ase luni de la numirea procurorilor \u0219efi pentru a oferi cifre.<\/p>\n<div class=\"continut-articol\">\n<p>\u201cExist\u0103 o a\u0219teptare a societ\u0103\u021bii legat\u0103 de mai multe lucruri, de violen\u021ba \u00een familie, de traficul de droguri \u0219i a\u0219a mai departe, dar cea mai important\u0103 a\u0219teptare este legat\u0103 de fenomenul corup\u021biei, corup\u021bia mare, corup\u021bia mic\u0103. A\u0219tept s\u0103 treac\u0103 cele \u0219ase luni de la numirea procurorilor \u0219efi. Impresia, impresie p\u00e2n\u0103 \u00een momentul \u0103sta, este c\u0103 activitatea s-a dinamizat\u201d, le-a spus mar\u021bi Nicu\u0219or Dan noilor magistra\u021bi definitivi absolven\u021bi ai Institutului Na\u021bional al Magistraturii (INM) \u2013 promo\u021bia 2023-2025.<\/p>\n<p>Singurul \u201clucru bun\u201d prezentat de pre\u0219edinte este separarea cercet\u0103rii penale de faptul c\u0103 \u201cacte importante din dosare importante nu mai ajung pe surse \u00een spa\u021biul public, e un pas \u00eenainte\u201d.<\/p>\n<p>Dan a atras aten\u021bia asupra \u00eencrederii sc\u0103zute \u00een justi\u021bie \u2013 25%.<\/p>\n<p>\u201cDac\u0103 aceast\u0103 \u00eencredere este cum este azi, 25%, \u00eenseamn\u0103 c\u0103 to\u021bi \u00eempreun\u0103 facem ceva r\u0103u. \u0218i este ceva ce to\u021bi \u00eempreun\u0103 trebuie s\u0103 corect\u0103m\u201d.<\/p>\n<p>El a mai spus c\u0103 e nevoie de timp pentru \u201ca echilibra rela\u021bia \u00eentre sistemul de justi\u021bie \u0219i politic\u201d.<\/p>\n<p>\u201cPentru c\u0103 mai \u00eent\u00e2i a fost politicul care a neglijat, dup\u0103 care\u2026 Din partea astalalt\u0103 s-au petrecut ni\u0219te excese. M\u0103 refer \u00een special la zona de salarizare. \u0218i dup\u0103 care, cel mai grav, a \u00eenceput o campanie de\u2026 blamare a \u00eentregului corp profesional. \u0218i asta evident c\u0103 nu e s\u0103n\u0103tos nici pentru o parte, nici pentru alta\u201d, a explicat pre\u0219edintele.<\/p>\n<\/div>\n<\/div>\n<\/div>\n<div class=\"inhype-social-share-fixed sidebar-position-right\">\n<div class=\"post-social-wrapper\">\n<div class=\"post-social-title\"><span class=\"post-social-title-text\">Share<\/span><\/div>\n<\/div>\n<\/div>\n<\/div>\n<p>[analyse_source url=&#8221;https:\/\/ziardesuceava.ro\/nicusor-dan-are-impresia-ca-activitatea-sistemului-judiciar-s-a-dinamizat\/&#8221;]<\/p>\n","protected":false},"excerpt":{"rendered":"<p>[analyse_image type=&#8221;featured&#8221; src=&#8221;https:\/\/ziardesuceava.ro\/wp-content\/uploads\/2026\/09\/79888-1024&#215;581.png&#8221;] Pre\u0219edintele a\u0219teapt\u0103 s\u0103 treac\u0103 cele \u0219ase luni de la numirea procurorilor \u0219efi pentru a oferi cifre. \u201cExist\u0103 o a\u0219teptare a societ\u0103\u021bii legat\u0103 de mai multe lucruri, de violen\u021ba \u00een familie, de traficul de droguri \u0219i a\u0219a mai departe, dar cea mai important\u0103 a\u0219teptare este legat\u0103 de fenomenul corup\u021biei, corup\u021bia mare, corup\u021bia mic\u0103. [&hellip;]<\/p>\n","protected":false},"author":1,"featured_media":0,"comment_status":"open","ping_status":"","sticky":false,"template":"","format":"standard","meta":{"footnotes":""},"categories":[89],"tags":[226,171],"class_list":["post-2123528","post","type-post","status-publish","format-standard","hentry","category-romania","tag-crawlmanager","tag-ziardesuceava-ro"],"_links":{"self":[{"href":"https:\/\/analyse.optim.biz\/index.php?rest_route=\/wp\/v2\/posts\/2123528","targetHints":{"allow":["GET"]}}],"collection":[{"href":"https:\/\/analyse.optim.biz\/index.php?rest_route=\/wp\/v2\/posts"}],"about":[{"href":"https:\/\/analyse.optim.biz\/index.php?rest_route=\/wp\/v2\/types\/post"}],"author":[{"embeddable":true,"href":"https:\/\/analyse.optim.biz\/index.php?rest_route=\/wp\/v2\/users\/1"}],"replies":[{"embeddable":true,"href":"https:\/\/analyse.optim.biz\/index.php?rest_route=%2Fwp%2Fv2%2Fcomments&post=2123528"}],"version-history":[{"count":0,"href":"https:\/\/analyse.optim.biz\/index.php?rest_route=\/wp\/v2\/posts\/2123528\/revisions"}],"wp:attachment":[{"href":"https:\/\/analyse.optim.biz\/index.php?rest_route=%2Fwp%2Fv2%2Fmedia&parent=2123528"}],"wp:term":[{"taxonomy":"category","embeddable":true,"href":"https:\/\/analyse.optim.biz\/index.php?rest_route=%2Fwp%2Fv2%2Fcategories&post=2123528"},{"taxonomy":"post_tag","embeddable":true,"href":"https:\/\/analyse.optim.biz\/index.php?rest_route=%2Fwp%2Fv2%2Ftags&post=2123528"}],"curies":[{"name":"wp","href":"https:\/\/api.w.org\/{rel}","templated":true}]}}