{"id":2123527,"date":"2026-09-01T11:08:58","date_gmt":"2026-09-01T08:08:58","guid":{"rendered":"https:\/\/analyse.optim.biz\/?p=2123527"},"modified":"2026-09-01T11:08:58","modified_gmt":"2026-09-01T08:08:58","slug":"nicusor-dan-le-vorbeste-tinerilor-de-un-nationalism-sanatos","status":"publish","type":"post","link":"https:\/\/analyse.optim.biz\/?p=2123527","title":{"rendered":"Nicu\u0219or Dan le vorbe\u0219te tinerilor de un \u201cna\u021bionalism s\u0103n\u0103tos\u201d"},"content":{"rendered":"<p>[analyse_image type=&#8221;featured&#8221; src=&#8221;https:\/\/ziardesuceava.ro\/wp-content\/uploads\/2026\/09\/79881-1024&#215;576.png&#8221;]<\/p>\n<div class=\"post-content clearfix\">\n<div class=\"blog-post-thumb\"><img loading=\"lazy\" decoding=\"async\" width=\"1140\" height=\"694\" src=\"https:\/\/ziardesuceava.ro\/wp-content\/uploads\/2026\/09\/79881-1140x694.png\" class=\"attachment-inhype-blog-thumb size-inhype-blog-thumb wp-post-image\" alt><\/div>\n<div class=\"entry-content\">\n<div>\n<p class=\"fara-orfani lead\">Pre\u0219edintele a ma vorbit de fariseim \u00een spa\u021biul public \u0219i despre divizarea societ\u0103\u021bii.<\/p>\n<div class=\"continut-articol\">\n<p>\u201cA\u0219 vrea s\u0103 v\u0103 invit s\u0103 m\u0103rturisi\u021bi public, \u0219i nu doar \u00een interiorul bisericii lucrurile, valorile \u00een care crede\u021bi, pentru c\u0103 mi se pare c\u0103 aceast\u0103 m\u0103rturisire lipse\u0219te din societatea noastr\u0103, \u0219i pare c\u0103 locul unei m\u0103rturisiri care s\u0103 fie ferme, dar simple \u0219i decente, \u00een spa\u021biul public este luat de farisei. \u0218i m\u0103 \u00eengrijoreaz\u0103 aderen\u021ba pe care unii dintre ace\u0219tia o au \u00een p\u0103r\u021bi ale societ\u0103\u021bii rom\u00e2ne\u0219ti\u201d, a spus mar\u021bi Nicu\u0219or Dan, \u00eentr-un discurs la \u00eent\u00e2lnirea interna\u021bional\u0103 a tinerilor ortodoc\u0219i de la\u00a0Catedrala Na\u021bional\u0103.<\/p>\n<p>Pre\u0219edintele s-a referit \u0219i la \u201cun na\u021bionalism s\u0103n\u0103tos\u201d.<\/p>\n<p>\u201c\u021aara asta are o istorie, noi nu venim de nic\u0103ieri. Au fost oameni \u00een locurile astea care au luptat pentru ni\u0219te valori \u0219i care au f\u0103cut ca noi s\u0103 fim azi ceea ce suntem. \u0218i trebuie s\u0103 fim m\u00e2ndri de oamenii \u0103\u0219tia. Privind \u00eenapoi la ce au reu\u0219it ei s\u0103 realizeze, trebuie s\u0103 credem c\u0103 noi putem s\u0103 facem din \u021bara asta ceea ce au visat ei \u0219i ceea ce viseaz\u0103 fiecare dintre noi pentru copiii no\u0219tri. \u0218i tocmai pentru c\u0103 \u00een spa\u021biul public nu exist\u0103 suficient\u0103 aceast\u0103 m\u0103rturisire \u0219i aprecierea noastre fa\u021b\u0103 de trecutul acestei \u021b\u0103ri \u0219i a unui na\u021bionalism s\u0103n\u0103tos, vedem c\u0103 spa\u021biul public este dominat, pe de o parte, de defeti\u0219ti care spun c\u0103 nu o s\u0103 putem s\u0103 facem niciodat\u0103 nimic \u00een \u021bara asta \u0219i, \u00een partea cealalt\u0103, de demagogi care se bat cu pumnul \u00een piept \u0219i se ca\u021b\u0103r\u0103 ei pe ni\u0219te elemente esen\u021biale ale trecutului, \u0219i exact vocea celor care, cu decen\u021b\u0103, cred \u0219i muncesc pentru Rom\u00e2nia din p\u0103cate nu se aude \u0219i trebuie s\u0103 se aud\u0103\u201d.<\/p>\n<p>El le-a mai vorbit tinerilor \u0219i despre divizarea din societate. <\/p>\n<p>!Pare c\u0103 nu mai avem r\u0103bdare s\u0103 \u00eel ascult\u0103m pe cel\u0103lalt. Evident c\u0103 tot timpul vom fi diferi\u021bi, tot timpul vom avea argumente unii \u00eempotriva celorlal\u021bi, \u0219i asta e s\u0103n\u0103tos. Ce nu e s\u0103n\u0103tos este s\u0103 ne \u00eenchist\u0103m \u0219i s\u0103 nu mai auzim ce crede cel\u0103lalt \u0219i, \u00een felul \u0103sta, s\u0103 nu reu\u0219im s\u0103 colabor\u0103m ca s\u0103 avans\u0103m \u00eempreun\u0103.\u0218i, din nou, de ce se \u00eent\u00e2mpl\u0103 lucrul acesta? Pentru c\u0103 nu sunt suficient de prezen\u021bi \u00een spa\u021biul public oameni care au argumente, oameni capabili s\u0103 \u00eel asculte pe cel\u0103lalt \u0219i, \u00een loc s\u0103 auzim un dialog de substan\u021b\u0103 care s\u0103 ne fac\u0103 pe to\u021bi s\u0103 progres\u0103m, auzim urlete dintr-o parte \u0219i din alta\u201d.<\/p>\n<\/div>\n<\/div>\n<\/div>\n<div class=\"inhype-social-share-fixed sidebar-position-right\">\n<div class=\"post-social-wrapper\">\n<div class=\"post-social-title\"><span class=\"post-social-title-text\">Share<\/span><\/div>\n<\/div>\n<\/div>\n<\/div>\n<p>[analyse_source url=&#8221;https:\/\/ziardesuceava.ro\/nicusor-dan-le-vorbeste-tinerilor-de-un-nationalism-sanatos\/&#8221;]<\/p>\n","protected":false},"excerpt":{"rendered":"<p>[analyse_image type=&#8221;featured&#8221; src=&#8221;https:\/\/ziardesuceava.ro\/wp-content\/uploads\/2026\/09\/79881-1024&#215;576.png&#8221;] Pre\u0219edintele a ma vorbit de fariseim \u00een spa\u021biul public \u0219i despre divizarea societ\u0103\u021bii. \u201cA\u0219 vrea s\u0103 v\u0103 invit s\u0103 m\u0103rturisi\u021bi public, \u0219i nu doar \u00een interiorul bisericii lucrurile, valorile \u00een care crede\u021bi, pentru c\u0103 mi se pare c\u0103 aceast\u0103 m\u0103rturisire lipse\u0219te din societatea noastr\u0103, \u0219i pare c\u0103 locul unei m\u0103rturisiri care s\u0103 [&hellip;]<\/p>\n","protected":false},"author":1,"featured_media":0,"comment_status":"open","ping_status":"","sticky":false,"template":"","format":"standard","meta":{"footnotes":""},"categories":[89],"tags":[226,171],"class_list":["post-2123527","post","type-post","status-publish","format-standard","hentry","category-romania","tag-crawlmanager","tag-ziardesuceava-ro"],"_links":{"self":[{"href":"https:\/\/analyse.optim.biz\/index.php?rest_route=\/wp\/v2\/posts\/2123527","targetHints":{"allow":["GET"]}}],"collection":[{"href":"https:\/\/analyse.optim.biz\/index.php?rest_route=\/wp\/v2\/posts"}],"about":[{"href":"https:\/\/analyse.optim.biz\/index.php?rest_route=\/wp\/v2\/types\/post"}],"author":[{"embeddable":true,"href":"https:\/\/analyse.optim.biz\/index.php?rest_route=\/wp\/v2\/users\/1"}],"replies":[{"embeddable":true,"href":"https:\/\/analyse.optim.biz\/index.php?rest_route=%2Fwp%2Fv2%2Fcomments&post=2123527"}],"version-history":[{"count":0,"href":"https:\/\/analyse.optim.biz\/index.php?rest_route=\/wp\/v2\/posts\/2123527\/revisions"}],"wp:attachment":[{"href":"https:\/\/analyse.optim.biz\/index.php?rest_route=%2Fwp%2Fv2%2Fmedia&parent=2123527"}],"wp:term":[{"taxonomy":"category","embeddable":true,"href":"https:\/\/analyse.optim.biz\/index.php?rest_route=%2Fwp%2Fv2%2Fcategories&post=2123527"},{"taxonomy":"post_tag","embeddable":true,"href":"https:\/\/analyse.optim.biz\/index.php?rest_route=%2Fwp%2Fv2%2Ftags&post=2123527"}],"curies":[{"name":"wp","href":"https:\/\/api.w.org\/{rel}","templated":true}]}}