{"id":2123526,"date":"2026-09-01T07:05:07","date_gmt":"2026-09-01T04:05:07","guid":{"rendered":"https:\/\/analyse.optim.biz\/?p=2123526"},"modified":"2026-09-01T07:05:07","modified_gmt":"2026-09-01T04:05:07","slug":"ce-spune-pahontu-despre-acuzatiile-la-adresa-sa","status":"publish","type":"post","link":"https:\/\/analyse.optim.biz\/?p=2123526","title":{"rendered":"Ce spune Pahon\u021bu despre acuza\u021biile la adresa sa"},"content":{"rendered":"<p>[analyse_image type=&#8221;featured&#8221; src=&#8221;https:\/\/ziardesuceava.ro\/wp-content\/uploads\/2026\/09\/79877.jfif.jpeg&#8221;]<\/p>\n<div class=\"post-content clearfix\">\n<div class=\"blog-post-thumb\"><img loading=\"lazy\" decoding=\"async\" width=\"800\" height=\"505\" src=\"https:\/\/ziardesuceava.ro\/wp-content\/uploads\/2026\/09\/79877.jfif.jpeg\" class=\"attachment-inhype-blog-thumb size-inhype-blog-thumb wp-post-image\" alt><\/div>\n<div class=\"entry-content\">\n<p>\u0218eful Serviciului de Protec\u021bie \u0219i Paz\u0103, Lucian Pahon\u021bu, a transmis luni mass-media un punct de vedere privind situa\u021bia sa, preciz\u00e2nd c\u0103 \u00ee\u0219i dore\u0219te ca acuza\u021biile care i se aduc s\u0103 fie clarificate c\u00e2t mai cur\u00e2nd.<\/p>\n<div>\n<p>\u201d\u00cemi doresc ca acuza\u021biile ce mi se aduc \u0219i care \u00eemi lezeaz\u0103 demnitatea \u0219i cariera de militar s\u0103 fie clarificate c\u00e2t mai cur\u00e2nd. De-a lungul carierei mele, am pus accent pe respectul fa\u021b\u0103 de oameni \u0219i mi-am ghidat ac\u021biunile dup\u0103 valori precum integritate, loialitate, respect \u0219i responsabilitate\u201d, sus\u021bine Lucian Pahon\u021bu, potrivit Agerpres.<\/p>\n<p>\u0218eful SPP subliniaz\u0103 c\u0103, de-a lungul timpului, activitatea lui \u201da fost verificat\u0103 \u00een repetate r\u00e2nduri de institu\u021biile abilitate\u201d.<\/p>\n<p>\u201dDe-a lungul timpului, activitatea mea a fost verificat\u0103 \u00een repetate r\u00e2nduri de institu\u021biile abilitate, inclusiv la numirea \u00een func\u021bia actual\u0103, fiind imposibil ca faptele grave, de care sunt acuzat acum, s\u0103 fi r\u0103mas nedescoperite \u0219i nesanc\u021bionate, dac\u0103 ar fi existat. Mai mult, evenimentele din decembrie 1989 \u0219i iunie 1990 fac obiectul unor dosare penale \u00een care sunt derulate cercet\u0103ri de mai mul\u021bi ani \u0219i sunt convins c\u0103, dac\u0103 a\u0219 fi avut vreo implicare \u00een violen\u021bele petrecute \u00een timpul celor dou\u0103 evenimente, acest lucru ar fi fost identificat\u201d, precizeaz\u0103 Lucian Pahon\u021bu.<\/p>\n<p>El men\u021bioneaz\u0103 c\u0103 \u201ddecembrie 1989 \u0219i iunie 1990 sunt r\u0103ni deschise ale Rom\u00e2niei, oamenii care au murit sau au suferit atunci, rudele lor \u0219i to\u021bi rom\u00e2nii merit\u0103 adev\u0103rul, iar cei care ocup\u0103 func\u021bii de \u00eencredere public\u0103 au datoria s\u0103 r\u0103spund\u0103 \u00eentreb\u0103rilor despre trecutul lor\u201d.<\/p>\n<p>\u201dDe aceea r\u0103spund, cu fapte care pot fi verificate. Afirma\u021biile care m\u0103 vizeaz\u0103 sunt neadev\u0103rate \u0219i lipsite de fundament. Nu am ascuns niciodat\u0103 aspecte privind parcursul meu profesional. Datele sunt cunoscute \u00een spa\u021biul public \u0219i sunt disponibile \u00een mediul virtual de foarte mul\u021bi ani. Pozi\u021bia mea este simpl\u0103: nu am desf\u0103\u0219urat niciodat\u0103 activit\u0103\u021bi care s\u0103 vizeze \u00eenc\u0103lcarea sau \u00eengr\u0103direa drepturilor \u0219i libert\u0103\u021bilor fundamentale \u0219i care ar putea fi \u00eencadrate \u00een categoria faptelor de \u2018poli\u021bie politic\u0103\u2019. Av\u00e2nd \u00een vedere ac\u021biunile mele din acea perioad\u0103, am convingerea c\u0103 acest aspect va fi eviden\u021biat de verific\u0103rile \u00eentreprinse de Consiliul Na\u021bional pentru Studierea Arhivelor Securit\u0103\u021bii, institu\u021bie care are la dispozi\u021bie toate mecanismele legale pentru a clarifica veridicitatea afirma\u021biilor mele. Resping cu fermitate orice acuza\u021bie de implicare \u00een reprimarea violent\u0103 a manifesta\u021biilor care au avut loc \u00een zilele de 21 \u0219i 22 decembrie 1989 \u00een Pia\u021ba Universit\u0103\u021bii \u0219i \u00een violen\u021bele \u00eempotriva protestatarilor din Pia\u021ba Universit\u0103\u021bii, din zilele de 13 \u2013 14 iunie 1990\u201d, a transmis \u0219eful SPP.<\/p>\n<p>Recorder sus\u021bine c\u0103 exist\u0103 mai multe minciuni \u00een declara\u021biile sale:<\/p>\n<p> \u00cencepem cu cea mai flagrant\u0103 minciun\u0103, cea care vizeaz\u0103 ac\u021biunile represive din 13-14 iunie 1990. Pahon\u021bu afirm\u0103: \u201e\u00cen cele dou\u0103 zile, eu \u0219i militarii din subordinea mea nu am participat la evenimentele din Bucure\u0219ti. \u00cen intervalul respectiv, am r\u0103mas \u00een cazarm\u0103, conform documentelor aflate \u00een arhiva Jandarmeriei Rom\u00e2ne\u201d.<\/p>\n<p>Declara\u021biile olografe date \u00een fa\u021ba procurorilor militari de trei dintre subordona\u021bii lui Lucian Pahon\u021bu \u00een Dosarul Mineriadei: Ian\u021buc Cristian Gheorghe, Ian\u021buc Daniel Ioan \u0219i Sp\u0103tariu Iulian arat\u0103 c\u0103 \u00een iunie 1990 erau militari \u00een termen la UM 0305 B\u0103neasa \u0219i f\u0103ceau parte din plutonul de transmisiuni comandat de locotenentul Pahon\u021bu. \u0218i \u00een timp ce \u0219eful SPP afirm\u0103 ast\u0103zi c\u0103 \u00een acele zile el \u0219i subordona\u021bii s\u0103i au r\u0103mas \u00een cazarm\u0103, to\u021bi cei trei militari din subordinea sa au declarat \u00een fa\u021ba procurorilor c\u0103 au participat la evenimentele din 13-14 iunie, fiind prezen\u021bi la Televiziune \u0219i \u00een Pia\u021ba Universit\u0103\u021bii.<\/p>\n<\/div>\n<\/div>\n<div class=\"inhype-social-share-fixed sidebar-position-right\">\n<div class=\"post-social-wrapper\">\n<div class=\"post-social-title\"><span class=\"post-social-title-text\">Share<\/span><\/div>\n<\/div>\n<\/div>\n<\/div>\n<p>[analyse_source url=&#8221;https:\/\/ziardesuceava.ro\/ce-spune-pahontu-despre-acuzatiile-la-adresa-sa\/&#8221;]<\/p>\n","protected":false},"excerpt":{"rendered":"<p>[analyse_image type=&#8221;featured&#8221; src=&#8221;https:\/\/ziardesuceava.ro\/wp-content\/uploads\/2026\/09\/79877.jfif.jpeg&#8221;] \u0218eful Serviciului de Protec\u021bie \u0219i Paz\u0103, Lucian Pahon\u021bu, a transmis luni mass-media un punct de vedere privind situa\u021bia sa, preciz\u00e2nd c\u0103 \u00ee\u0219i dore\u0219te ca acuza\u021biile care i se aduc s\u0103 fie clarificate c\u00e2t mai cur\u00e2nd. \u201d\u00cemi doresc ca acuza\u021biile ce mi se aduc \u0219i care \u00eemi lezeaz\u0103 demnitatea \u0219i cariera de militar [&hellip;]<\/p>\n","protected":false},"author":1,"featured_media":0,"comment_status":"open","ping_status":"","sticky":false,"template":"","format":"standard","meta":{"footnotes":""},"categories":[89],"tags":[226,171],"class_list":["post-2123526","post","type-post","status-publish","format-standard","hentry","category-romania","tag-crawlmanager","tag-ziardesuceava-ro"],"_links":{"self":[{"href":"https:\/\/analyse.optim.biz\/index.php?rest_route=\/wp\/v2\/posts\/2123526","targetHints":{"allow":["GET"]}}],"collection":[{"href":"https:\/\/analyse.optim.biz\/index.php?rest_route=\/wp\/v2\/posts"}],"about":[{"href":"https:\/\/analyse.optim.biz\/index.php?rest_route=\/wp\/v2\/types\/post"}],"author":[{"embeddable":true,"href":"https:\/\/analyse.optim.biz\/index.php?rest_route=\/wp\/v2\/users\/1"}],"replies":[{"embeddable":true,"href":"https:\/\/analyse.optim.biz\/index.php?rest_route=%2Fwp%2Fv2%2Fcomments&post=2123526"}],"version-history":[{"count":0,"href":"https:\/\/analyse.optim.biz\/index.php?rest_route=\/wp\/v2\/posts\/2123526\/revisions"}],"wp:attachment":[{"href":"https:\/\/analyse.optim.biz\/index.php?rest_route=%2Fwp%2Fv2%2Fmedia&parent=2123526"}],"wp:term":[{"taxonomy":"category","embeddable":true,"href":"https:\/\/analyse.optim.biz\/index.php?rest_route=%2Fwp%2Fv2%2Fcategories&post=2123526"},{"taxonomy":"post_tag","embeddable":true,"href":"https:\/\/analyse.optim.biz\/index.php?rest_route=%2Fwp%2Fv2%2Ftags&post=2123526"}],"curies":[{"name":"wp","href":"https:\/\/api.w.org\/{rel}","templated":true}]}}