{"id":212348,"date":"2014-02-14T21:12:53","date_gmt":"2014-02-14T18:12:53","guid":{"rendered":"https:\/\/analyse.optim.biz\/?p=212348"},"modified":"2014-02-14T21:12:53","modified_gmt":"2014-02-14T18:12:53","slug":"alfred-bulai-psd-si-pnl-trebuie-sa-aiba-campanii-diferite-la-europarlamentare-oamenii-sa-nu-voteze-candidatul-celorlalti","status":"publish","type":"post","link":"https:\/\/analyse.optim.biz\/?p=212348","title":{"rendered":"Alfred Bulai: PSD \u0219i PNL trebuie s\u0103 aib\u0103 campanii diferite la europarlamentare, oamenii s\u0103 nu voteze candidatul celorlal\u021bi"},"content":{"rendered":"<div class=\"entry data-app-meta data-app-meta-article\" data-embed-base-url-canonical=\"https:\/\/www.digi24.ro\/embed\/stiri\/actualitate\/politica\/alfred-bulai-psd-si-pnl-trebuie-sa-aiba-campanii-diferite-la-europarlamentare-oamenii-sa-nu-voteze-candidatul-celorlalti-200678\">\n<p data-index=\"1\">Alfred Bulai a spus c\u0103 alegerile europarlamentare vor fi un test electoral \u201efoarte important\u201d pentru PSD \u0219i PNL, dar \u0219i c\u0103 sunt un barometru pentru \u201eactorii politici importan\u021bi\u201d.<\/p>\n<p data-index=\"2\">Sociologul sus\u021binut c\u0103 totul se va negocia dup\u0103 aceste alegeri, cu g\u00e2ndul la campania preziden\u021bial\u0103.<\/p>\n<p data-index=\"3\">\u201e<span>E o dram\u0103 \u00eentre cele dou\u0103 partide mari din USL. Ei vor candida, \u00een cur\u00e2nd, unii \u00eempotriva altora la aceste alegeri (europarlamentare \u2013 n.r.). E cam greu s\u0103 mergi pas la pas, cum ne obi\u0219nuiser\u0103 cei doi lideri \u2013 erau de m\u00e2nu\u021b\u0103 acum doi ani \u0219i ceva \u2013 \u0219i eventual s\u0103 nu \u0219tie lumea ai cui sunt candida\u021bii. Candida\u021bii la europarlamentare nu sunt foarte cunoscu\u021bi, cel pu\u021bin o parte dintre ei. A\u0219a c\u0103 ai nevoie de o sus\u021binere serioas\u0103. Aceste campanii trebuie s\u0103 fie foarte clar diferite, a PNL-ului \u0219i a PSD-ului, dac\u0103 nu vor s\u0103 aib\u0103 surprize nepl\u0103cute, oamenii s\u0103 voteze USL \u0219i s\u0103 fie candidatul celorlal\u021bi\u201d, a spus sociologul Alfred Bulai.<\/span><\/p>\n<\/div>\n<p> Source URL: https:\/\/www.digi24.ro\/stiri\/actualitate\/politica\/alfred-bulai-psd-si-pnl-trebuie-sa-aiba-campanii-diferite-la-europarlamentare-oamenii-sa-nu-voteze-candidatul-celorlalti-200678<\/p>\n","protected":false},"excerpt":{"rendered":"<p>Alfred Bulai a spus c\u0103 alegerile europarlamentare vor fi un test electoral \u201efoarte important\u201d pentru PSD \u0219i PNL, dar \u0219i c\u0103 sunt un barometru pentru \u201eactorii politici importan\u021bi\u201d. Sociologul sus\u021binut c\u0103 totul se va negocia dup\u0103 aceste alegeri, cu g\u00e2ndul la campania preziden\u021bial\u0103. \u201eE o dram\u0103 \u00eentre cele dou\u0103 partide mari din USL. Ei vor [&hellip;]<\/p>\n","protected":false},"author":1,"featured_media":212349,"comment_status":"open","ping_status":"","sticky":false,"template":"","format":"standard","meta":{"footnotes":""},"categories":[2],"tags":[11],"class_list":["post-212348","post","type-post","status-publish","format-standard","has-post-thumbnail","hentry","category-politics","tag-digi24"],"_links":{"self":[{"href":"https:\/\/analyse.optim.biz\/index.php?rest_route=\/wp\/v2\/posts\/212348","targetHints":{"allow":["GET"]}}],"collection":[{"href":"https:\/\/analyse.optim.biz\/index.php?rest_route=\/wp\/v2\/posts"}],"about":[{"href":"https:\/\/analyse.optim.biz\/index.php?rest_route=\/wp\/v2\/types\/post"}],"author":[{"embeddable":true,"href":"https:\/\/analyse.optim.biz\/index.php?rest_route=\/wp\/v2\/users\/1"}],"replies":[{"embeddable":true,"href":"https:\/\/analyse.optim.biz\/index.php?rest_route=%2Fwp%2Fv2%2Fcomments&post=212348"}],"version-history":[{"count":0,"href":"https:\/\/analyse.optim.biz\/index.php?rest_route=\/wp\/v2\/posts\/212348\/revisions"}],"wp:featuredmedia":[{"embeddable":true,"href":"https:\/\/analyse.optim.biz\/index.php?rest_route=\/wp\/v2\/media\/212349"}],"wp:attachment":[{"href":"https:\/\/analyse.optim.biz\/index.php?rest_route=%2Fwp%2Fv2%2Fmedia&parent=212348"}],"wp:term":[{"taxonomy":"category","embeddable":true,"href":"https:\/\/analyse.optim.biz\/index.php?rest_route=%2Fwp%2Fv2%2Fcategories&post=212348"},{"taxonomy":"post_tag","embeddable":true,"href":"https:\/\/analyse.optim.biz\/index.php?rest_route=%2Fwp%2Fv2%2Ftags&post=212348"}],"curies":[{"name":"wp","href":"https:\/\/api.w.org\/{rel}","templated":true}]}}