{"id":2123475,"date":"2026-09-02T00:00:00","date_gmt":"2026-09-01T21:00:00","guid":{"rendered":"https:\/\/analyse.optim.biz\/?p=2123475"},"modified":"2026-09-02T00:00:00","modified_gmt":"2026-09-01T21:00:00","slug":"bosnia-omagiu-adus-lui-mladic-de-mii-de-persoane-la-banja-luka-foto-video","status":"publish","type":"post","link":"https:\/\/analyse.optim.biz\/?p=2123475","title":{"rendered":"Bosnia: Omagiu adus lui Mladic de mii de persoane la Banja Luka (FOTO-VIDEO)"},"content":{"rendered":"<p>[analyse_image type=&#8221;featured&#8221; src=&#8221;https:\/\/agerpres.ro\/data\/202609\/20260902012722_184145.jpg&#8221;]<\/p>\n<div class=\"mx-auto pt-3\">\n<p>Mai multe mii de persoane i-au adus un omagiu, mar\u021bi sear\u0103, la Banja Luka, capitala entit\u0103\u021bii s\u00e2rbe din Bosnia, fostului lider militar s\u00e2rb bosniac Ratko Mladic, decedat la sf\u00e2r\u0219itul lunii august \u00een timp ce isp\u0103\u0219ea o pedeaps\u0103 cu \u00eenchisoarea pe via\u021b\u0103, \u00een special pentru genocid, a raportat televiziunea public\u0103, scrie AFP.<\/p>\n<p><img loading=\"lazy\" decoding=\"async\" alt height=\"839\" src=\"https:\/\/agerpres.ro\/data\/202609\/20260902012747_216652.jpg\" width=\"1175\"><\/p>\n<p>Ratko Mladic a \u00eencetat din via\u021b\u0103 joi, la v\u00e2rsta de 84 de ani, la Haga (\u021a\u0103rile de Jos), unde \u00ee\u0219i isp\u0103\u0219ea pedeapsa \u00eentr-un centru penitenciar al ONU.<\/p>\n<p>El fusese condamnat \u00een 2017 la \u00eenchisoare pe via\u021b\u0103 de c\u0103tre Tribunalul Penal Interna\u021bional pentru fosta Iugoslavie (TPIY), pentru genocid, crime de r\u0103zboi \u0219i crime \u00eempotriva umanit\u0103\u021bii \u00een timpul r\u0103zboiului din Bosnia, verdict confirmat \u00een apel \u00een 2021. Acest conflict a f\u0103cut aproape 100.000 de mor\u021bi \u00eentre 1992 \u0219i 1995.<\/p>\n<p><img loading=\"lazy\" decoding=\"async\" alt height=\"838\" src=\"https:\/\/agerpres.ro\/data\/202609\/20260902012757_788451.jpg\" width=\"1176\"><\/p>\n<p>Persoanele care au r\u0103spuns la apelul asocia\u021biei fo\u0219tilor combatan\u021bi s\u00e2rbi din Banja Luka (nord) s-au adunat mai \u00eent\u00e2i \u00een pia\u021ba principal\u0103 din centrul ora\u0219ului, a raportat postul public al entit\u0103\u021bii s\u00e2rbe din Bosnia (RTRS).<\/p>\n<p>Ulterior, acestea au defilat pe bulevardul principal, \u00een spatele unui banner pe care scria &#8216;Comandante, \u00ee\u021bi mul\u021bumim pentru tot!&#8217; \u0219i a unui drapel lung de c\u00e2teva zeci de metri al unei foste unit\u0103\u021bi de elit\u0103 din cadrul statului-major al armatei s\u00e2rbe din Bosnia din perioada conflictului.<\/p>\n<p><img loading=\"lazy\" decoding=\"async\" alt height=\"838\" src=\"https:\/\/agerpres.ro\/data\/202609\/20260902012809_393123.jpg\" width=\"1171\"><\/p>\n<p>Unii au aprins tor\u021be fumigene \u0219i au fluturat steaguri ale entit\u0103\u021bii s\u00e2rbe, conform imaginilor difuzate.<\/p>\n<p>Ajun\u0219i la picioarele unui monument dedicat militarilor s\u00e2rbi mor\u021bi \u00een timpul r\u0103zboiului, \u00een centrul ora\u0219ului Banja Luka, participan\u021bii la acest omagiu au aprins lum\u00e2n\u0103ri \u0219i au a\u0219teptat la o coad\u0103 lung\u0103 pentru a scrie un mesaj \u00eentr-o carte de condolean\u021be a\u0219ezat\u0103 \u00een fa\u021ba unei fotografii \u00eenr\u0103mate a lui Ratko Mladic \u00een uniform\u0103 \u0219i a unei coroane de flori.<\/p>\n<p><img loading=\"lazy\" decoding=\"async\" alt height=\"837\" src=\"https:\/\/agerpres.ro\/data\/202609\/20260902012834_341516.jpg\" width=\"1179\"><\/p>\n<p>Ofi\u021ber al armatei iugoslave \u00eenainte de destr\u0103marea federa\u021biei la \u00eenceputul anilor 1990, generalul Ratko Mladic a fost, \u00een timpul r\u0103zboiului din Bosnia, \u0219eful statului-major al for\u021belor s\u00e2rbe.<\/p>\n<p>El a fost g\u0103sit vinovat de TPIY \u00een special pentru masacrul de la Srebrenica (est) \u00een care for\u021bele sale au ucis \u00een iulie 1995 aproximativ 8.000 de b\u0103rba\u021bi \u0219i adolescen\u021bi bosniaci, crim\u0103 calificat\u0103 drept genocid de c\u0103tre justi\u021bia interna\u021bional\u0103.<\/p>\n<div class=\"videoEmbed\"><iframe loading=\"lazy\" allowfullscreen frameborder height=\"349\" mozallowfullscreen src=\"https:\/\/www.youtube.com\/embed\/p8njvTy90Gs?si=wtHqZMg9rm_c4bqf\" webkitallowfullscreen width=\"560\"><\/iframe><\/div>\n<p>Omagii similare au fost organizate \u00een ultimele zile \u00een mai multe localit\u0103\u021bi din entitatea s\u00e2rb\u0103 a Bosniei, iar tensiunile au crescut \u00een aceast\u0103 \u021bar\u0103 din Balcani \u00een care viziunea asupra r\u0103zboiului difer\u0103 \u00een func\u021bie de apartenen\u021ba la comunit\u0103\u021bile s\u00e2rb\u0103, bosniac\u0103 \u0219i croat\u0103.<\/p>\n<p>Asocia\u021bii ale victimelor bosniace au denun\u021bat &#8216;glorificarea unui criminal de r\u0103zboi&#8217;.<\/p>\n<p>Locul \u0219i data funeraliilor lui Ratko Mladic nu au fost \u00eenc\u0103 anun\u021bate. Potrivit unor institu\u021bii de pres\u0103, el ar urma s\u0103 fie \u00eenmorm\u00e2ntat la Belgrad. AGERPRES\/(AS &#8211; redactor: Alic M\u00eerza, editor online: Alexandru Cojocaru)<\/p>\n<p>Sursa foto: <a href=\"https:\/\/www.klix.ba\/vijesti\/bih\/sramotni-prizori-iz-banje-luke-veliki-broj-ljudi-odao-pocast-presudenom-ratnom-zlocincu-ratku-mladicu\/260901179?utm_medium=Status&amp;utm_source=Facebook&amp;utm_content=260901179&amp;utm_campaign=Klix.ba+Facebook+status&amp;fbclid=IwY2xjawUEL9ZwZG9mAWV4dG4DYWVtAjExAHNydGMGYXBwX2lkEDIyMjAzOTE3ODgyMDA4OTIAAR6awvXw2spx5o18xZFzTKSK9QTL6pDilpkSIeAhPmaprQqmTMM_QMTnxGFobw_aem_ntdfJ2m9K5p2cLmTiXe8_Q\" target=\"_blank\">www.klix.ba<\/a><\/p>\n<\/div>\n<div class=\"mx-auto pt-3\">\n                                Afisari: 304\n                            <\/div>\n<p>[analyse_source url=&#8221;https:\/\/agerpres.ro\/politic-extern\/2026\/09\/02\/bosnia-omagiu-adus-lui-mladic-de-mii-de-persoane-la-banja-luka-foto-video&#8211;1589832&#8243;]<\/p>\n","protected":false},"excerpt":{"rendered":"<p>[analyse_image type=&#8221;featured&#8221; src=&#8221;https:\/\/agerpres.ro\/data\/202609\/20260902012722_184145.jpg&#8221;] Mai multe mii de persoane i-au adus un omagiu, mar\u021bi sear\u0103, la Banja Luka, capitala entit\u0103\u021bii s\u00e2rbe din Bosnia, fostului lider militar s\u00e2rb bosniac Ratko Mladic, decedat la sf\u00e2r\u0219itul lunii august \u00een timp ce isp\u0103\u0219ea o pedeaps\u0103 cu \u00eenchisoarea pe via\u021b\u0103, \u00een special pentru genocid, a raportat televiziunea public\u0103, scrie AFP. Ratko [&hellip;]<\/p>\n","protected":false},"author":1,"featured_media":0,"comment_status":"open","ping_status":"","sticky":false,"template":"","format":"standard","meta":{"footnotes":""},"categories":[2],"tags":[37,226],"class_list":["post-2123475","post","type-post","status-publish","format-standard","hentry","category-politics","tag-agerpres-ro","tag-crawlmanager"],"_links":{"self":[{"href":"https:\/\/analyse.optim.biz\/index.php?rest_route=\/wp\/v2\/posts\/2123475","targetHints":{"allow":["GET"]}}],"collection":[{"href":"https:\/\/analyse.optim.biz\/index.php?rest_route=\/wp\/v2\/posts"}],"about":[{"href":"https:\/\/analyse.optim.biz\/index.php?rest_route=\/wp\/v2\/types\/post"}],"author":[{"embeddable":true,"href":"https:\/\/analyse.optim.biz\/index.php?rest_route=\/wp\/v2\/users\/1"}],"replies":[{"embeddable":true,"href":"https:\/\/analyse.optim.biz\/index.php?rest_route=%2Fwp%2Fv2%2Fcomments&post=2123475"}],"version-history":[{"count":0,"href":"https:\/\/analyse.optim.biz\/index.php?rest_route=\/wp\/v2\/posts\/2123475\/revisions"}],"wp:attachment":[{"href":"https:\/\/analyse.optim.biz\/index.php?rest_route=%2Fwp%2Fv2%2Fmedia&parent=2123475"}],"wp:term":[{"taxonomy":"category","embeddable":true,"href":"https:\/\/analyse.optim.biz\/index.php?rest_route=%2Fwp%2Fv2%2Fcategories&post=2123475"},{"taxonomy":"post_tag","embeddable":true,"href":"https:\/\/analyse.optim.biz\/index.php?rest_route=%2Fwp%2Fv2%2Ftags&post=2123475"}],"curies":[{"name":"wp","href":"https:\/\/api.w.org\/{rel}","templated":true}]}}