{"id":2123465,"date":"2026-09-01T19:39:21","date_gmt":"2026-09-01T16:39:21","guid":{"rendered":"https:\/\/analyse.optim.biz\/?p=2123465"},"modified":"2026-09-01T19:39:21","modified_gmt":"2026-09-01T16:39:21","slug":"angela-merkel-catre-romani-va-doresc-sa-aveti-din-nou-un-premier-ales-avem-nevoie-de-oameni-dispusi-sa","status":"publish","type":"post","link":"https:\/\/analyse.optim.biz\/?p=2123465","title":{"rendered":"Angela Merkel, c\u0103tre rom\u00e2ni: \u201eV\u0103 doresc s\u0103 ave\u0163i din nou un premier ales. Avem nevoie de oameni dispu\u015fi s\u0103&#8230;"},"content":{"rendered":"<p>[analyse_image type=&#8221;featured&#8221; src=&#8221;https:\/\/s.iw.ro\/gateway\/g\/ZmlsZVNvdXJjZT1odHRwJTNBJTJGJTJG\/c3RvcmFnZTA4dHJhbnNjb2Rlci5yY3Mt\/cmRzLnJvJTJGc3RvcmFnZSUyRjIwMjYl\/MkYwNSUyRjE4JTJGMjczNjc0M18yNzM2\/NzQzX0Zvc3RhLWNhbmNlbGFyYS1nZXJt\/YW5hLUFuZ2VsYS1NZXJrZWwtRm90by1Q\/cm9maW1lZGlhLmpwZyZ3PTEyMDAmaD02\/MzAmemM9MSZoYXNoPTEzMGUwYTY0MWVlMTdhYjQ2MTljZGVlNWZmYzM2NDU0.thumb.jpg&#8221;]<\/p>\n<div class=\"entry data-app-meta data-app-meta-article\" data-embed-base-url-canonical=\"https:\/\/www.digi24.ro\/embed\/stiri\/actualitate\/angela-merkel-catre-romani-va-doresc-sa-aveti-din-nou-un-premier-ales-avem-nevoie-de-oameni-dispusi-sa-faca-compromisuri-3931183\">\n<p data-index=\"1\"><strong>Fostul cancelar german Angela Merkel, care \u015fi-a lansat, mar\u0163i, la Ateneul Rom\u00e2n, volumul \u201eLibertate. Amintiri 1954 &#8211; 2021\u201d, a afirmat c\u0103 Rom\u00e2nia a realizat mult \u00een ultimele decenii, exprim\u00e2ndu-\u015fi \u00eencrederea \u00een g\u0103sirea unui compromis care s\u0103 duc\u0103 la formarea unui guvern, conform Agerpres.<\/strong><\/p>\n<p data-index=\"2\"><span>\u201eBine\u00een\u0163eles c\u0103 nu pot spune nimic pe marginea acestui subiect, doar c\u0103 v\u0103 doresc s\u0103 ave\u0163i din nou un premier ales. Pot doar spune c\u0103 se \u00eent\u00e2mpl\u0103 ceva la modul general \u00een societ\u0103\u0163ile noastre \u015fi prin mediile sociale \u015fi digitale, \u015fi anume valoarea compromisului este pus\u0103 sub presiune din ce \u00een ce mai mult. Nu exist\u0103 nicio regiune, niciun partid sau vreun guvern care s\u0103 aib\u0103 majoritate absolut\u0103. \u015ei \u00een interiorul partidului sunt tot felul de idei diferite \u015fi frac\u0163iuni, dac\u0103 nu e\u015fti dispus s\u0103 faci un compromis\u201d, a spus Merkel \u00eentr-un dialog public cu diplomatul Emil Hurezeanu, fost ministru al Afacerilor Externe.<\/span><\/p>\n<p data-index=\"3\"><span>Ea a amintit c\u0103 i se imput\u0103 c\u00e2teodat\u0103, din perspectiv\u0103 german\u0103, c\u0103 a f\u0103cut multe lucruri mult prea \u00eencet.<\/span><\/p>\n<p data-index=\"4\"><span>\u201eDin punct de vedere obiectiv, e cu siguran\u0163\u0103 corect. Pe de alt\u0103 parte \u00eens\u0103, (&#8230;) ce \u00eenseamn\u0103 democra\u0163ia? \u00censeamn\u0103 c\u0103 eu, pentru decizia mea, trebuie s\u0103 g\u0103sesc o majoritate. Bine\u00een\u0163eles c\u0103, c\u00e2teodat\u0103, asta st\u0103 \u00eentr-un conflict. Trebuie s\u0103 reform\u0103m sistemul de s\u0103n\u0103tate, fiscal, pensiile \u015fi, \u00een acela\u015fi timp, am aleg\u0103tori pe care vreau s\u0103-i satisfac, c\u0103rora vreau s\u0103 le plac. A\u015fa c\u0103 exist\u0103 \u00eentotdeauna presiunea de a spune c\u0103 nu putem face aceast\u0103 reform\u0103, aia e prea rapid\u0103, mai ai \u015fi partidele populiste care oricum critic\u0103 orice ai face \u015fi care nu trebuie s\u0103 argumenteze. Nu vorbesc acum despre Rom\u00e2nia, despre Germania. Avem discu\u0163ii privitoare la pensii \u00een Germania, nivelul pensiilor s\u0103 fie 48% din ultimul salariu \u015fi AfD, partidul populist, spune 70. Dar niciodat\u0103 nu sunt \u00eentreba\u0163i de unde s\u0103 vin\u0103 banii. Oamenii spun <\/span><span>\u00ab<\/span><span>P\u0103i, se cheltuie pe at\u00e2tea alte lucruri, de ce s\u0103 nu mearg\u0103?<\/span><span>\u00bb<\/span><span>. \u015ei acum, mijlocul societ\u0103\u0163ii, centrul societ\u0103\u0163ii trebuie s\u0103 fie suficient de puternic pentru a parcurge aceast\u0103 cale dificil\u0103 de a g\u0103si un compromis. \u015ei nu trebuie s\u0103 iei o decizie individual\u0103 la nivel de guvern. Ie\u015fi \u015fi spui <\/span><span>\u00ab<\/span><span>Dac\u0103 eu a\u015f fi fost singur, a\u015f fi luat eu o alt\u0103 decizie<\/span><span>\u00bb<\/span><span>, spun\u00e2nd <\/span><span>\u00ab<\/span><span>cazul ideal ar fi fost altul<\/span><span>\u00bb<\/span><span>, pentru c\u0103 nu-i convingi pe oameni. Cet\u0103\u0163enii \u00ee\u015fi doresc s\u0103 \u015ftie. Ok, am procedat a\u015fa \u00een calitate de guvern \u015fi n-o s\u0103 \u00eencep s\u0103 \u00eemi b\u0103l\u0103c\u0103resc m\u00e2ine partenerul. Putem spune <\/span><span>\u00ab<\/span><span>pur \u015fi simplu nu s-a putut mai mult<\/span><span>\u00bb<\/span><span>, a\u015fa a\u0163i ales \u015fi acum, pas cu pas, trebuie s\u0103 vedem cum parcurgem ace\u015fti pa\u015fi. \u015ei cine se enerveaz\u0103 zi de zi <\/span><span>\u00ab<\/span><span>nu va ajunge la rezultate bune<\/span><span>\u00bb<\/span><span>\u201d, a ar\u0103tat fostul Cancelar, potrivit traducerii oficiale.<\/span><\/p>\n<p data-index=\"5\"><span>Angela Merkel consider\u0103 c\u0103 \u201emediile digitale primesc aten\u0163ie foarte mare c\u00e2nd vorbe\u015fti despre ceva ce nu func\u0163ioneaz\u0103\u201d.<\/span><\/p>\n<p data-index=\"6\"><span>\u201e\u015ei pot doar s\u0103-mi doresc ca \u00een Rom\u00e2nia s\u0103 existe at\u00e2t de mul\u0163i oameni care s\u0103 respecte celelalte partide at\u00e2t de mult, \u00eenc\u00e2t s\u0103 se pun\u0103 \u00eempreun\u0103, pentru c\u0103 nu putem s\u0103 mergem la alegeri de dou\u0103 ori pe an. Alegerile sunt rezultatele g\u00e2ndurilor cet\u0103\u0163enilor. Nu vin a\u015fa din cer senin. \u015ei Rom\u00e2nia a realizat mult \u00een ultimele decenii. Poate nu totul la viteza dorit\u0103, \u00eens\u0103 sunt probleme care trebuie abordate \u015fi avem nevoie de oameni care sunt dispu\u015fi s\u0103 fac\u0103 compromisuri. (&#8230;) Cred c\u0103 ave\u0163i c\u00e2\u0163iva. V\u0103 doresc toate cele bune\u201d, a subliniat fostul cancelar.<\/span><\/p>\n<p data-index=\"7\"><strong>Cite\u0219te \u0219i:<\/strong><\/p>\n<p data-index=\"8\"><a href=\"https:\/\/www.digi24.ro\/stiri\/actualitate\/politica\/mesajul-lui-nicusor-dan-despre-o-europa-mai-unita-ce-au-discutat-presedintele-si-angela-merkel-la-cotroceni-3930439\" target=\"_blank\" rel=\"noopener\" data-skip-linkfix=\"1\"><strong>Mesajul lui Nicu\u0219or Dan despre o Europ\u0103 \u201emai unit\u0103\u201d. Ce au discutat pre\u0219edintele \u0219i Angela Merkel la Cotroceni<\/strong><\/a><\/p>\n<p data-index=\"9\"><a href=\"https:\/\/www.digi24.ro\/stiri\/externe\/cu-o-intarziere-de-aproape-cinci-ani-angela-merkel-primeste-in-sfarsit-portretul-oficial-la-cancelarie-asadar-acolo-voi-atarna-3841113\" target=\"_blank\" rel=\"noopener\" data-skip-linkfix=\"1\"><strong>Cu o \u00eent\u00e2rziere de aproape cinci ani, Angela Merkel prime\u0219te \u00een sf\u00e2r\u0219it portretul oficial la Cancelarie. \u201eA\u0219adar acolo voi at\u00e2rna\u201d<\/strong><\/a><\/p>\n<p> Editor : <a href=\"https:\/\/www.digi24.ro\/autor\/ana-gherghita\"> A.M.G. <\/a><\/p>\n<\/div>\n<p>[analyse_source url=&#8221;https:\/\/www.digi24.ro\/stiri\/actualitate\/angela-merkel-catre-romani-va-doresc-sa-aveti-din-nou-un-premier-ales-avem-nevoie-de-oameni-dispusi-sa-faca-compromisuri-3931183&#8243;]<\/p>\n","protected":false},"excerpt":{"rendered":"<p>[analyse_image type=&#8221;featured&#8221; src=&#8221;https:\/\/s.iw.ro\/gateway\/g\/ZmlsZVNvdXJjZT1odHRwJTNBJTJGJTJG\/c3RvcmFnZTA4dHJhbnNjb2Rlci5yY3Mt\/cmRzLnJvJTJGc3RvcmFnZSUyRjIwMjYl\/MkYwNSUyRjE4JTJGMjczNjc0M18yNzM2\/NzQzX0Zvc3RhLWNhbmNlbGFyYS1nZXJt\/YW5hLUFuZ2VsYS1NZXJrZWwtRm90by1Q\/cm9maW1lZGlhLmpwZyZ3PTEyMDAmaD02\/MzAmemM9MSZoYXNoPTEzMGUwYTY0MWVlMTdhYjQ2MTljZGVlNWZmYzM2NDU0.thumb.jpg&#8221;] Fostul cancelar german Angela Merkel, care \u015fi-a lansat, mar\u0163i, la Ateneul Rom\u00e2n, volumul \u201eLibertate. Amintiri 1954 &#8211; 2021\u201d, a afirmat c\u0103 Rom\u00e2nia a realizat mult \u00een ultimele decenii, exprim\u00e2ndu-\u015fi \u00eencrederea \u00een g\u0103sirea unui compromis care s\u0103 duc\u0103 la formarea unui guvern, conform Agerpres. \u201eBine\u00een\u0163eles c\u0103 nu pot spune nimic pe marginea acestui [&hellip;]<\/p>\n","protected":false},"author":1,"featured_media":0,"comment_status":"open","ping_status":"","sticky":false,"template":"","format":"standard","meta":{"footnotes":""},"categories":[89],"tags":[226,11],"class_list":["post-2123465","post","type-post","status-publish","format-standard","hentry","category-romania","tag-crawlmanager","tag-digi24"],"_links":{"self":[{"href":"https:\/\/analyse.optim.biz\/index.php?rest_route=\/wp\/v2\/posts\/2123465","targetHints":{"allow":["GET"]}}],"collection":[{"href":"https:\/\/analyse.optim.biz\/index.php?rest_route=\/wp\/v2\/posts"}],"about":[{"href":"https:\/\/analyse.optim.biz\/index.php?rest_route=\/wp\/v2\/types\/post"}],"author":[{"embeddable":true,"href":"https:\/\/analyse.optim.biz\/index.php?rest_route=\/wp\/v2\/users\/1"}],"replies":[{"embeddable":true,"href":"https:\/\/analyse.optim.biz\/index.php?rest_route=%2Fwp%2Fv2%2Fcomments&post=2123465"}],"version-history":[{"count":0,"href":"https:\/\/analyse.optim.biz\/index.php?rest_route=\/wp\/v2\/posts\/2123465\/revisions"}],"wp:attachment":[{"href":"https:\/\/analyse.optim.biz\/index.php?rest_route=%2Fwp%2Fv2%2Fmedia&parent=2123465"}],"wp:term":[{"taxonomy":"category","embeddable":true,"href":"https:\/\/analyse.optim.biz\/index.php?rest_route=%2Fwp%2Fv2%2Fcategories&post=2123465"},{"taxonomy":"post_tag","embeddable":true,"href":"https:\/\/analyse.optim.biz\/index.php?rest_route=%2Fwp%2Fv2%2Ftags&post=2123465"}],"curies":[{"name":"wp","href":"https:\/\/api.w.org\/{rel}","templated":true}]}}