{"id":2123429,"date":"2026-08-31T10:04:55","date_gmt":"2026-08-31T07:04:55","guid":{"rendered":"https:\/\/analyse.optim.biz\/?p=2123429"},"modified":"2026-08-31T10:04:55","modified_gmt":"2026-08-31T07:04:55","slug":"festivalul-lui-fritz-a-inceput-tramvaie-noi-si-atac-la-psd-update","status":"publish","type":"post","link":"https:\/\/analyse.optim.biz\/?p=2123429","title":{"rendered":"\u201eFestivalul\u201d lui Fritz a \u00eenceput. Tramvaie noi \u0219i atac la PSD (UPDATE)"},"content":{"rendered":"<p>[analyse_image type=&#8221;featured&#8221; src=&#8221;https:\/\/cdn.expressdebanat.ro\/wp-content\/uploads\/2026\/08\/Dominic-Fritz-Ruben-Latcau-si-Paula-Romocean.jpg&#8221;]<\/p>\n<div id=\"post-area\" class=\"post-982080 post type-post status-publish format-standard has-post-thumbnail hentry category-politica category-timis category-timisoara tag-dominic-fritz tag-important tag-paula-romocean tag-psd-timis tag-stpt tag-timisoara\">\n<div id=\"social-box\">\n<ul class=\"post-social\">\n<li class=\"social-share-button\">\n<li class=\"social-share-button\">\n<li class=\"social-share-button\"><\/ul>\n<\/div>\n<div id=\"content-area\">\n<div class=\"post-image\"><img loading=\"lazy\" decoding=\"async\" width=\"620\" height=\"400\" src=\"https:\/\/cdn.expressdebanat.ro\/wp-content\/uploads\/2026\/08\/Dominic-Fritz-Ruben-Latcau-si-Paula-Romocean-620x400.jpg\" class=\"attachment-post-thumb size-post-thumb wp-post-image perfmatters-lazy\" alt=\"dominic fritz, ruben latcau si paula romocean\"><img loading=\"lazy\" decoding=\"async\" width=\"620\" height=\"400\" src=\"https:\/\/cdn.expressdebanat.ro\/wp-content\/uploads\/2026\/08\/Dominic-Fritz-Ruben-Latcau-si-Paula-Romocean-620x400.jpg\" class=\"attachment-post-thumb size-post-thumb wp-post-image\" alt=\"dominic fritz, ruben latcau si paula romocean\"><\/div>\n<p><strong>Dominic Fritz a anun\u021bat c\u0103 transform\u0103 cele 30 de zile r\u0103mase p\u00e2n\u0103 la \u00eencetarea mandatului \u00eentr-un \u201efestival al faptelor\u201d. Luni, primarul a prezentat investi\u021biile din transportul public, iar Paula Romocean a atacat PSD pe tema transportului metropolitan.<\/strong><\/p>\n<p><em>\u201eVom transforma aceste 30 de zile dintr-un abuz \u00eentr-un festival al faptelor prin care am schimbat Timi\u0219oara.\u201d<\/em>, transmitea Dominic Fritz s\u00e2mb\u0103t\u0103. Luni, primarul a ales transportul public ca prim subiect al mesajelor din aceast\u0103 perioad\u0103. Fritz a anun\u021bat c\u0103 la Timi\u0219oara ajunge primul tramvai de mici dimensiuni dintr-un lot de 10 \u0219i a f\u0103cut un bilan\u021b al investi\u021biilor \u00een transportul public.<\/p>\n<p><em>\u201e\u00cen total, \u00een ultimii 5 ani, am \u00eennoit flota de transport public a Timi\u0219oarei cu 158 de tramvaie, autobuze electrice \u0219i firobuze. \u00cenc\u0103 30 de autobuze electrice \u0219i firobuze sunt \u00een licita\u021bie. Sunt investi\u021bii pe care le-am f\u0103cut cu bani europeni. \u0218i pe care le continu\u0103m pentru ca timi\u0219orenii s\u0103 aib\u0103 un transport public c\u00e2t mai eficient \u0219i pe care se pot baza. 30 de zile. \u00cenainte, \u00eempreun\u0103.\u201d<\/em>, a anun\u021bat Dominic Fritz pe re\u021belele sociale.<\/p>\n<p>Paula Romocean (USR) a continuat seria mesajelor politice. Cu un atac la PSD \u0219i Alfred Simonis.<\/p>\n<p><em>\u201eC\u00e2nd mergi doar cu ma\u0219ini de lux sau cu avioane Nordis, probabil nu \u0219tii cum arat\u0103 un autobuz. PSD, partidul-stat care \u0219i-a umplut institu\u021biile cu directori care str\u00e2ng cutii de pantofi sau care nu v\u0103d mun\u021bii de gunoaie din jurul ora\u0219ului, a g\u0103sit marele pericol pentru jude\u021b: autobuzele moderne ale Timi\u0219oarei.\u201d<\/em>, a scris Paula Romocean pe Facebook.<\/p>\n<p>Romocean sus\u021bine c\u0103 <em>\u201eoamenii lui Alfred Simonis din Consiliul Jude\u021bean v\u00e2neaz\u0103 \u0219oferii STPT pe rutele metropolitane\u201d<\/em>. <em>\u201eStau cu Poli\u021bia \u00een sta\u021bii \u0219i le aplic\u0103 \u0219oferilor amenzi de c\u00e2te 2.500 de lei. P\u00e2n\u0103 acum, din pixul lui Simonis au fost date 3 amenzi. Ce caut\u0103 Poli\u021bia \u00een aceast\u0103 poveste? De ce este folosit\u0103 pentru inspectorii Consiliului Jude\u021bean? Vom \u00eenainta o adres\u0103 oficial\u0103 c\u0103tre IPJ pentru a clarifica implicarea.\u201d<\/em>, spune Romocean.<\/p>\n<p>Romocean leag\u0103 disputa de investi\u021biile f\u0103cute de prim\u0103rie \u00een transportul public \u0219i sus\u021bine c\u0103 administra\u021bia local\u0103 va continua s\u0103 extind\u0103 serviciile \u00een zona metropolitan\u0103.<\/p>\n<p><em>\u201eAceea\u0219i ga\u0219c\u0103 PSD pusese m\u00e2na pe transportul public din Giroc \u0219i i-a tratat cu h\u00e2rburi pe miile de oameni care vin la munc\u0103 \u00een Timi\u0219oara, \u00ee\u0219i aduc copiii la \u0219coal\u0103 sau ajung acas\u0103. Acum, pentru c\u0103 nu au fost \u00een stare s\u0103 fac\u0103 transport public, lovesc \u00een serviciul de care depind mii de oameni \u0219i pe care \u00eel asigur\u0103m cu mijloace de transport noi \u0219i moderne. (\u2026) C\u00e2nd mergi doar cu ma\u0219ini de lux sau cu avioane Nordis, oamenii care au nevoie de transport public nu mai conteaz\u0103. Conteaz\u0103 amenzi pentru Timi\u0219oara \u0219i v\u00e2n\u0103toarea politic\u0103 prin sta\u021bii de autobuz.\u201d<\/em>, a continuat viceprimarul USR.<\/p>\n<h3>UPDATE 1. CJ Timi\u0219: \u201eC\u00e2nd prim\u0103ria amenda \u0219oferii, era administra\u021bie. Acum este v\u00e2n\u0103toare politic\u0103?\u201d<\/h3>\n<p>Alexandru Iovescu (PSD), vicepre\u0219edintele CJ Timi\u0219, \u00eei r\u0103spunde Paulei Romocean \u0219i sus\u021bine c\u0103 Prim\u0103ria Timi\u0219oara a aplicat, la r\u00e2ndul ei, peste 70 de amenzi \u0219oferilor care intrau \u00een ora\u0219 din zona metropolitan\u0103.<\/p>\n<p><em>\u201eC\u00e2nd Prim\u0103ria Timi\u0219oara amenda \u0219oferii din transportul jude\u021bean, era administra\u021bie. C\u00e2nd o face CJ Timi\u0219, este \u00abv\u00e2n\u0103toare politic\u0103\u00bb? Peste 70 de amenzi a aplicat Poli\u021bia Local\u0103 \u0219i Prim\u0103ria Timi\u0219oara \u0219oferilor care operau pe rutele din jude\u021b \u0219i intrau \u00een Timi\u0219oara din Giarmata, Mosnita Nou\u0103 sau S\u00e2nmihaiu Rom\u00e2n. Atunci respectau regulile. Acum, c\u00e2nd CJ Timi\u0219 exercit\u0103 atribu\u021biile care \u00eei revin, aceea\u0219i situa\u021bie devine \u00abv\u00e2n\u0103toare politic\u0103\u00bb. C\u00e2t\u0103 ipocrizie!\u201d<\/em>, spune vicepre\u0219edintele CJ Timi\u0219.<\/p>\n<p>Iovescu sus\u021bine c\u0103 CJT, \u00eempreun\u0103 cu prim\u0103riile din jude\u021b, a pus \u00een func\u021biune noi rute \u0219i\u00a0acuz\u0103 administra\u021bia din Timi\u0219oara c\u0103 pune piedici transportului din jude\u021b.<\/p>\n<p><em>\u201eLocuitorii comunelor din jude\u021b nu sunt cet\u0103\u021beni de m\u00e2na a doua! Ei muncesc \u00een Timi\u0219oara, \u00ee\u0219i aduc copiii la \u0219coal\u0103, merg la spitale \u0219i depind de transportul public. CJ Timi\u0219 construie\u0219te acum un sistem de transport jude\u021bean \u0219i metropolitan pe care, \u00een \u0219ase ani, administra\u021bia Timi\u0219oarei nu a reu\u0219it s\u0103 \u00eel extind\u0103. (\u2026) Transportul public nu trebuie s\u0103 fie despre orgolii administrative, ci despre oameni!\u201d<\/em>, a \u00eencheiat Iovescu.<\/p>\n<h3>UPDATE 2. Ce spune IPJ Timi\u0219<\/h3>\n<p>IPJ Timi\u0219 precizeaz\u0103 c\u0103 poli\u021bi\u0219tii pot sprijini, potrivit legii, autorit\u0103\u021bile locale \u00een oprirea \u00een siguran\u021b\u0103 a autovehiculelor, pentru verific\u0103rile f\u0103cute de institu\u021biile competente, \u201e<em>cu respectarea principiilor care guverneaz\u0103 conduita profesional\u0103: legalitate, echidistan\u021b\u0103, impar\u021bialitate, disponibilitate \u0219i prioritatea interesului public.\u201d<\/em><\/p>\n<p><em>\u201eAceste ac\u021biuni au ca scop cre\u0219terea gradului de siguran\u021b\u0103 rutier\u0103 \u0219i respectarea normelor privind circula\u021bia pe drumurile publice.\u201d,\u00a0<\/em>au mai transmis reprezentan\u021bii IPJ Timi\u0219, la solicitarea Express de Banat.<\/p>\n<\/div>\n<div id=\"social-box\">\n<ul class=\"post-social\">\n<li class=\"fb-line\">\n<li><a href=\"http:\/\/twitter.com\/share\" class=\"twitter-share-button\" data-lang=\"en\" data-count=\"horizontal\">Tweet<\/a><\/li>\n<li>\n<li><a href=\"http:\/\/pinterest.com\/pin\/create\/button\/?url=https%3A%2F%2Fexpressdebanat.ro%2Ffestivalul-lui-fritz-a-inceput-tramvaie-noi-si-atac-la-psd%2F&amp;media=https:\/\/cdn.expressdebanat.ro\/wp-content\/uploads\/2026\/08\/Dominic-Fritz-Ruben-Latcau-si-Paula-Romocean.jpg&amp;description=%E2%80%9EFestivalul%E2%80%9D%20lui%20Fritz%20a%20%C3%AEnceput.%20Tramvaie%20noi%20%C8%99i%20atac%20la%20PSD%20(UPDATE)\" class=\"pin-it-button\">Pin It<\/a><\/li>\n<\/ul>\n<\/div>\n<\/div>\n<div id=\"content-area\">\n<div class=\"post-image\"><img loading=\"lazy\" decoding=\"async\" width=\"620\" height=\"400\" src=\"https:\/\/cdn.expressdebanat.ro\/wp-content\/uploads\/2026\/08\/Dominic-Fritz-Ruben-Latcau-si-Paula-Romocean-620x400.jpg\" class=\"attachment-post-thumb size-post-thumb wp-post-image perfmatters-lazy\" alt=\"dominic fritz, ruben latcau si paula romocean\"><img loading=\"lazy\" decoding=\"async\" width=\"620\" height=\"400\" src=\"https:\/\/cdn.expressdebanat.ro\/wp-content\/uploads\/2026\/08\/Dominic-Fritz-Ruben-Latcau-si-Paula-Romocean-620x400.jpg\" class=\"attachment-post-thumb size-post-thumb wp-post-image\" alt=\"dominic fritz, ruben latcau si paula romocean\"><\/div>\n<p><strong>Dominic Fritz a anun\u021bat c\u0103 transform\u0103 cele 30 de zile r\u0103mase p\u00e2n\u0103 la \u00eencetarea mandatului \u00eentr-un \u201efestival al faptelor\u201d. Luni, primarul a prezentat investi\u021biile din transportul public, iar Paula Romocean a atacat PSD pe tema transportului metropolitan.<\/strong><\/p>\n<p><em>\u201eVom transforma aceste 30 de zile dintr-un abuz \u00eentr-un festival al faptelor prin care am schimbat Timi\u0219oara.\u201d<\/em>, transmitea Dominic Fritz s\u00e2mb\u0103t\u0103. Luni, primarul a ales transportul public ca prim subiect al mesajelor din aceast\u0103 perioad\u0103. Fritz a anun\u021bat c\u0103 la Timi\u0219oara ajunge primul tramvai de mici dimensiuni dintr-un lot de 10 \u0219i a f\u0103cut un bilan\u021b al investi\u021biilor \u00een transportul public.<\/p>\n<p><em>\u201e\u00cen total, \u00een ultimii 5 ani, am \u00eennoit flota de transport public a Timi\u0219oarei cu 158 de tramvaie, autobuze electrice \u0219i firobuze. \u00cenc\u0103 30 de autobuze electrice \u0219i firobuze sunt \u00een licita\u021bie. Sunt investi\u021bii pe care le-am f\u0103cut cu bani europeni. \u0218i pe care le continu\u0103m pentru ca timi\u0219orenii s\u0103 aib\u0103 un transport public c\u00e2t mai eficient \u0219i pe care se pot baza. 30 de zile. \u00cenainte, \u00eempreun\u0103.\u201d<\/em>, a anun\u021bat Dominic Fritz pe re\u021belele sociale.<\/p>\n<p>Paula Romocean (USR) a continuat seria mesajelor politice. Cu un atac la PSD \u0219i Alfred Simonis.<\/p>\n<p><em>\u201eC\u00e2nd mergi doar cu ma\u0219ini de lux sau cu avioane Nordis, probabil nu \u0219tii cum arat\u0103 un autobuz. PSD, partidul-stat care \u0219i-a umplut institu\u021biile cu directori care str\u00e2ng cutii de pantofi sau care nu v\u0103d mun\u021bii de gunoaie din jurul ora\u0219ului, a g\u0103sit marele pericol pentru jude\u021b: autobuzele moderne ale Timi\u0219oarei.\u201d<\/em>, a scris Paula Romocean pe Facebook.<\/p>\n<p>Romocean sus\u021bine c\u0103 <em>\u201eoamenii lui Alfred Simonis din Consiliul Jude\u021bean v\u00e2neaz\u0103 \u0219oferii STPT pe rutele metropolitane\u201d<\/em>. <em>\u201eStau cu Poli\u021bia \u00een sta\u021bii \u0219i le aplic\u0103 \u0219oferilor amenzi de c\u00e2te 2.500 de lei. P\u00e2n\u0103 acum, din pixul lui Simonis au fost date 3 amenzi. Ce caut\u0103 Poli\u021bia \u00een aceast\u0103 poveste? De ce este folosit\u0103 pentru inspectorii Consiliului Jude\u021bean? Vom \u00eenainta o adres\u0103 oficial\u0103 c\u0103tre IPJ pentru a clarifica implicarea.\u201d<\/em>, spune Romocean.<\/p>\n<p>Romocean leag\u0103 disputa de investi\u021biile f\u0103cute de prim\u0103rie \u00een transportul public \u0219i sus\u021bine c\u0103 administra\u021bia local\u0103 va continua s\u0103 extind\u0103 serviciile \u00een zona metropolitan\u0103.<\/p>\n<p><em>\u201eAceea\u0219i ga\u0219c\u0103 PSD pusese m\u00e2na pe transportul public din Giroc \u0219i i-a tratat cu h\u00e2rburi pe miile de oameni care vin la munc\u0103 \u00een Timi\u0219oara, \u00ee\u0219i aduc copiii la \u0219coal\u0103 sau ajung acas\u0103. Acum, pentru c\u0103 nu au fost \u00een stare s\u0103 fac\u0103 transport public, lovesc \u00een serviciul de care depind mii de oameni \u0219i pe care \u00eel asigur\u0103m cu mijloace de transport noi \u0219i moderne. (\u2026) C\u00e2nd mergi doar cu ma\u0219ini de lux sau cu avioane Nordis, oamenii care au nevoie de transport public nu mai conteaz\u0103. Conteaz\u0103 amenzi pentru Timi\u0219oara \u0219i v\u00e2n\u0103toarea politic\u0103 prin sta\u021bii de autobuz.\u201d<\/em>, a continuat viceprimarul USR.<\/p>\n<h3>UPDATE 1. CJ Timi\u0219: \u201eC\u00e2nd prim\u0103ria amenda \u0219oferii, era administra\u021bie. Acum este v\u00e2n\u0103toare politic\u0103?\u201d<\/h3>\n<p>Alexandru Iovescu (PSD), vicepre\u0219edintele CJ Timi\u0219, \u00eei r\u0103spunde Paulei Romocean \u0219i sus\u021bine c\u0103 Prim\u0103ria Timi\u0219oara a aplicat, la r\u00e2ndul ei, peste 70 de amenzi \u0219oferilor care intrau \u00een ora\u0219 din zona metropolitan\u0103.<\/p>\n<p><em>\u201eC\u00e2nd Prim\u0103ria Timi\u0219oara amenda \u0219oferii din transportul jude\u021bean, era administra\u021bie. C\u00e2nd o face CJ Timi\u0219, este \u00abv\u00e2n\u0103toare politic\u0103\u00bb? Peste 70 de amenzi a aplicat Poli\u021bia Local\u0103 \u0219i Prim\u0103ria Timi\u0219oara \u0219oferilor care operau pe rutele din jude\u021b \u0219i intrau \u00een Timi\u0219oara din Giarmata, Mosnita Nou\u0103 sau S\u00e2nmihaiu Rom\u00e2n. Atunci respectau regulile. Acum, c\u00e2nd CJ Timi\u0219 exercit\u0103 atribu\u021biile care \u00eei revin, aceea\u0219i situa\u021bie devine \u00abv\u00e2n\u0103toare politic\u0103\u00bb. C\u00e2t\u0103 ipocrizie!\u201d<\/em>, spune vicepre\u0219edintele CJ Timi\u0219.<\/p>\n<p>Iovescu sus\u021bine c\u0103 CJT, \u00eempreun\u0103 cu prim\u0103riile din jude\u021b, a pus \u00een func\u021biune noi rute \u0219i\u00a0acuz\u0103 administra\u021bia din Timi\u0219oara c\u0103 pune piedici transportului din jude\u021b.<\/p>\n<p><em>\u201eLocuitorii comunelor din jude\u021b nu sunt cet\u0103\u021beni de m\u00e2na a doua! Ei muncesc \u00een Timi\u0219oara, \u00ee\u0219i aduc copiii la \u0219coal\u0103, merg la spitale \u0219i depind de transportul public. CJ Timi\u0219 construie\u0219te acum un sistem de transport jude\u021bean \u0219i metropolitan pe care, \u00een \u0219ase ani, administra\u021bia Timi\u0219oarei nu a reu\u0219it s\u0103 \u00eel extind\u0103. (\u2026) Transportul public nu trebuie s\u0103 fie despre orgolii administrative, ci despre oameni!\u201d<\/em>, a \u00eencheiat Iovescu.<\/p>\n<h3>UPDATE 2. Ce spune IPJ Timi\u0219<\/h3>\n<p>IPJ Timi\u0219 precizeaz\u0103 c\u0103 poli\u021bi\u0219tii pot sprijini, potrivit legii, autorit\u0103\u021bile locale \u00een oprirea \u00een siguran\u021b\u0103 a autovehiculelor, pentru verific\u0103rile f\u0103cute de institu\u021biile competente, \u201e<em>cu respectarea principiilor care guverneaz\u0103 conduita profesional\u0103: legalitate, echidistan\u021b\u0103, impar\u021bialitate, disponibilitate \u0219i prioritatea interesului public.\u201d<\/em><\/p>\n<p><em>\u201eAceste ac\u021biuni au ca scop cre\u0219terea gradului de siguran\u021b\u0103 rutier\u0103 \u0219i respectarea normelor privind circula\u021bia pe drumurile publice.\u201d,\u00a0<\/em>au mai transmis reprezentan\u021bii IPJ Timi\u0219, la solicitarea Express de Banat.<\/p>\n<\/div>\n<p>[analyse_source url=&#8221;https:\/\/expressdebanat.ro\/festivalul-lui-fritz-a-inceput-tramvaie-noi-si-atac-la-psd\/&#8221;]<\/p>\n","protected":false},"excerpt":{"rendered":"<p>[analyse_image type=&#8221;featured&#8221; src=&#8221;https:\/\/cdn.expressdebanat.ro\/wp-content\/uploads\/2026\/08\/Dominic-Fritz-Ruben-Latcau-si-Paula-Romocean.jpg&#8221;] Dominic Fritz a anun\u021bat c\u0103 transform\u0103 cele 30 de zile r\u0103mase p\u00e2n\u0103 la \u00eencetarea mandatului \u00eentr-un \u201efestival al faptelor\u201d. Luni, primarul a prezentat investi\u021biile din transportul public, iar Paula Romocean a atacat PSD pe tema transportului metropolitan. \u201eVom transforma aceste 30 de zile dintr-un abuz \u00eentr-un festival al faptelor prin care am [&hellip;]<\/p>\n","protected":false},"author":1,"featured_media":0,"comment_status":"open","ping_status":"","sticky":false,"template":"","format":"standard","meta":{"footnotes":""},"categories":[89],"tags":[226,196],"class_list":["post-2123429","post","type-post","status-publish","format-standard","hentry","category-romania","tag-crawlmanager","tag-expressdebanat-ro"],"_links":{"self":[{"href":"https:\/\/analyse.optim.biz\/index.php?rest_route=\/wp\/v2\/posts\/2123429","targetHints":{"allow":["GET"]}}],"collection":[{"href":"https:\/\/analyse.optim.biz\/index.php?rest_route=\/wp\/v2\/posts"}],"about":[{"href":"https:\/\/analyse.optim.biz\/index.php?rest_route=\/wp\/v2\/types\/post"}],"author":[{"embeddable":true,"href":"https:\/\/analyse.optim.biz\/index.php?rest_route=\/wp\/v2\/users\/1"}],"replies":[{"embeddable":true,"href":"https:\/\/analyse.optim.biz\/index.php?rest_route=%2Fwp%2Fv2%2Fcomments&post=2123429"}],"version-history":[{"count":0,"href":"https:\/\/analyse.optim.biz\/index.php?rest_route=\/wp\/v2\/posts\/2123429\/revisions"}],"wp:attachment":[{"href":"https:\/\/analyse.optim.biz\/index.php?rest_route=%2Fwp%2Fv2%2Fmedia&parent=2123429"}],"wp:term":[{"taxonomy":"category","embeddable":true,"href":"https:\/\/analyse.optim.biz\/index.php?rest_route=%2Fwp%2Fv2%2Fcategories&post=2123429"},{"taxonomy":"post_tag","embeddable":true,"href":"https:\/\/analyse.optim.biz\/index.php?rest_route=%2Fwp%2Fv2%2Ftags&post=2123429"}],"curies":[{"name":"wp","href":"https:\/\/api.w.org\/{rel}","templated":true}]}}