{"id":2123428,"date":"2026-09-01T19:30:25","date_gmt":"2026-09-01T16:30:25","guid":{"rendered":"https:\/\/analyse.optim.biz\/?p=2123428"},"modified":"2026-09-01T19:30:25","modified_gmt":"2026-09-01T16:30:25","slug":"liga-florilor-scm-ramnicu-valcea-minaur-baia-mare-28-2618-14","status":"publish","type":"post","link":"https:\/\/analyse.optim.biz\/?p=2123428","title":{"rendered":"LIGA FLORILOR. SCM R\u00c2MNICU V\u00c2LCEA \u2013 MINAUR BAIA MARE 28-26(18-14)"},"content":{"rendered":"<p>[analyse_image type=&#8221;featured&#8221; src=&#8221;https:\/\/www.curierul.ro\/wp-content\/uploads\/2026\/09\/SCM-Minaur-28-26-1200&#215;628.jpeghttps:\/\/www.curierul.ro\/wp-content\/uploads\/2026\/09\/SCM-Minaur-28-26.jpeg&#8221;]<\/p>\n<article id=\"197956\" class=\"post-197956 post type-post status-publish format-standard has-post-thumbnail hentry category-handbal category-headlines category-sport\">\n<header class=\"post-header\">\n<ul class=\"breadcrumbs\">\n<li><a href=\"https:\/\/www.curierul.ro\">Home<\/a><\/li>\n<li class=\"breadcrumbs-active .category-handbal\"><a href=\"https:\/\/www.curierul.ro\/index.php?cat=4\">Handbal<\/a><\/li>\n<li class=\"breadcrumbs-active .category-handbal\">LIGA FLORILOR. SCM R\u00c2MNICU V\u00c2LCEA \u2013 MINAUR BAIA MARE 28-26(18-14)<\/li>\n<\/ul>\n<div class=\"featured-photo\"><img loading=\"lazy\" decoding=\"async\" width=\"1220\" height=\"880\" src=\"https:\/\/www.curierul.ro\/wp-content\/uploads\/2026\/09\/SCM-Minaur-28-26.jpeg\" class=\"attachment-single size-single wp-post-image\" alt data-wp-pid=\"197957\"><\/div>\n<h1 class=\"headline\">LIGA FLORILOR. SCM R\u00c2MNICU V\u00c2LCEA \u2013 MINAUR BAIA MARE 28-26(18-14)<\/h1>\n<p class=\"byline\">\n\t\tScris de<a href=\"https:\/\/www.curierul.ro\/author\/gabi\/\">Gabriel S\u0103ndulescu<\/a>, \t\t1 septembrie 2026\t\t\t\t<\/p>\n<hr>\n<\/header>\n<p class=\"wp-block-paragraph\">Sezonul trecut, V\u00e2lcea b\u0103tea stra\u0219nic de dou\u0103 ori Baia Mare, cu +7 \u0219i +8. Ieri, anticipata diferen\u021b\u0103 de valoare s-a sub\u021biat p\u00e2n\u0103 la oftatul de u\u0219urare al spectatorilor din sala Traian la ratarea ultimului atac al oaspetelor. A fost 28-26, dup\u0103 o partid\u0103 ardent\u0103, cu ceva gre\u0219eli tehnice de ambele p\u0103r\u021bi, \u00eencheiat\u0103 cu impresia c\u0103 echipa v\u00e2lcean\u0103 \u00eenc\u0103 se caut\u0103, \u00een special pe jocul de atac. Bune ambele ap\u0103r\u0103ri, Arntzen pare \u00een cre\u0219tere fa\u021b\u0103 de s\u0103pt\u0103m\u00e2na trecut\u0103.<\/p>\n<p>Remarcabil\u0103 presta\u021bia Cristinei Florica \u00een prima repriz\u0103. Zaadi a \u00eencercat din nou cu Tuva pe dreapta \u0219i le-a ie\u0219it. Totu\u0219i, multe rat\u0103ri din pozi\u021bii clare pentru SCM. \u201eAm ratat prea mult\u201d nu mai poate fi o scuz\u0103, chiar dac\u0103 poarta nu a \u021binut pe tot parcursul meciului. Julia Maidhof s-a ar\u0103tat decisiv\u0103 \u00een finalul reprizei, c\u00e2nd V\u00e2lcea s-a deta\u0219at la patru goluri, diferen\u021b\u0103 ce se va dovedi decisiv\u0103. Cred c\u0103 juc\u0103toarea german\u0103 a fost MVP-ul v\u00e2lcean ieri.<\/p>\n<p class=\"wp-block-paragraph\">Repriza a doua a \u00eenceput cam la fel ca prima, cu nereu\u0219ite v\u00e2lcene. Teodora Damian, joc bun in atac, a marcat dou\u0103 goluri frumoase, urmare a colabor\u0103rii \u00een vitez\u0103 cu Mille Porsmyr \u0219i tabela se str\u00e2ngea periculos pentru V\u00e2lcea. SCM a \u00eenceput cu doi centri, Smits \u0219i Zaadi, \u0219i cam a\u0219a a tinut-o ultimele 30 minute. Din p\u0103cate, cu doar 10 goluri marcate, jocul de atac a suferit, lipsind ac\u021biunile pe extrem\u0103, dar \u0219i \u00eencrederea interilor. P\u00e2n\u0103 la urm\u0103, beneficiind \u0219i de unele gre\u0219eli ale b\u0103im\u0103rencelor \u0219i de eliminarea corect\u0103 a lui Mi\u021bicu\u0219 din ultimele minute, CSM a \u021binut la distan\u021b\u0103 Minaur, pentru o victorie meritat\u0103 \u0219i logic\u0103.<\/p>\n<p class=\"wp-block-paragraph\">Marcatoare:<\/p>\n<p class=\"wp-block-paragraph\">\ud83d\udc49SCM R\u00e2mnicu V\u00e2lcea: Hove 5, Maidhof 5, Smits 4, Zaadi 4, Florica 4, Dekker 1, Wulff 1, Lykkegaard 1, Stoica 1, Tamires 1, Sajka 1.<br \/>Poarta: Bartulovic \u2013 3\/20, eficien\u021b\u0103 15%, Krogh 1\/9, eficien\u021b\u0103 11%<\/p>\n<p class=\"wp-block-paragraph\">\ud83d\udc49Minaur Baia Mare: Quintino 5, Ilyna 5, Damian 4, Rodriguez 4, Porsmyr 3, Rusten 2, Spugnini 2, Da Costa 1.<br \/>Poarta:Kapitanovic \u2013 9\/36, eficien\u021b\u0103 25%<\/p>\n<p class=\"wp-block-paragraph\">\ud83d\udcccS\u00e2mb\u0103t\u0103, 5 septembrie, SCM R\u00e2mnicu V\u00e2lcea \u2013 HC Zal\u0103u, se pare c\u0103 de la ora 12,00. Ce or\u0103 imposibil\u0103!<\/p>\n<div class=\"sharedaddy sd-sharing-enabled\">\n<div class=\"robots-nocontent sd-block sd-social sd-social-icon sd-sharing\">\n<h3 class=\"sd-title\">Distribuie pe:<\/h3>\n<div class=\"sd-content\">\n<ul>\n<li class=\"share-facebook\"><a rel=\"nofollow noopener noreferrer\" data-shared=\"sharing-facebook-197956\" class=\"share-facebook sd-button share-icon no-text\" href=\"https:\/\/www.curierul.ro\/liga-florilor-scm-ramnicu-valcea-minaur-baia-mare-28-2618-14\/?share=facebook\" target=\"_blank\" aria-labelledby=\"sharing-facebook-197956\"><span id=\"sharing-facebook-197956\" hidden>Partajeaz\u0103 pe Facebook(Se deschide \u00eentr-o fereastr\u0103 nou\u0103)<\/span><span>Facebook<\/span><\/a><\/li>\n<li class=\"share-twitter\"><a rel=\"nofollow noopener noreferrer\" data-shared=\"sharing-twitter-197956\" class=\"share-twitter sd-button share-icon no-text\" href=\"https:\/\/www.curierul.ro\/liga-florilor-scm-ramnicu-valcea-minaur-baia-mare-28-2618-14\/?share=twitter\" target=\"_blank\" aria-labelledby=\"sharing-twitter-197956\"><span id=\"sharing-twitter-197956\" hidden>Partajeaz\u0103 pe X(Se deschide \u00eentr-o fereastr\u0103 nou\u0103)<\/span><span>X<\/span><\/a><\/li>\n<li class=\"share-jetpack-whatsapp\"><a rel=\"nofollow noopener noreferrer\" data-shared=\"sharing-whatsapp-197956\" class=\"share-jetpack-whatsapp sd-button share-icon no-text\" href=\"https:\/\/www.curierul.ro\/liga-florilor-scm-ramnicu-valcea-minaur-baia-mare-28-2618-14\/?share=jetpack-whatsapp\" target=\"_blank\" aria-labelledby=\"sharing-whatsapp-197956\"><span id=\"sharing-whatsapp-197956\" hidden>Partajeaz\u0103 prin WhatsApp(Se deschide \u00eentr-o fereastr\u0103 nou\u0103)<\/span><span>WhatsApp<\/span><\/a><\/li>\n<li><a href=\"https:\/\/www.curierul.ro\/liga-florilor-scm-ramnicu-valcea-minaur-baia-mare-28-2618-14\/\" class=\"sharing-anchor sd-button share-more\"><span>Mai mult<\/span><\/a><\/li>\n<li class=\"share-end\"><\/ul>\n<div class=\"sharing-hidden\">\n<div class=\"inner\">\n<ul>\n<li class=\"share-email\"><a rel=\"nofollow noopener noreferrer\" data-shared=\"sharing-email-197956\" class=\"share-email sd-button share-icon no-text\" href=\"mailto:?subject=%5BArticol%20partajat%5D%20LIGA%20FLORILOR.%20SCM%20R%C3%82MNICU%20V%C3%82LCEA%20-%20MINAUR%20BAIA%20MARE%2028-26%2818-14%29&amp;body=https%3A%2F%2Fwww.curierul.ro%2Fliga-florilor-scm-ramnicu-valcea-minaur-baia-mare-28-2618-14%2F&amp;share=email\" target=\"_blank\" aria-labelledby=\"sharing-email-197956\" data-email-share-error-title=\"\u021ai-ai configurat emailul?\" data-email-share-error-text=\"Dac\u0103 ai probleme la partajarea prin email, probabil nu ai configurat emailul pentru navigator. Poate trebuie s\u0103 creezi singur un email nou.\" data-email-share-nonce=\"9c876ee2e2\" data-email-share-track-url=\"https:\/\/www.curierul.ro\/liga-florilor-scm-ramnicu-valcea-minaur-baia-mare-28-2618-14\/?share=email\"><span id=\"sharing-email-197956\" hidden>Trimite unui prieten un email cu o leg\u0103tur\u0103(Se deschide \u00eentr-o fereastr\u0103 nou\u0103)<\/span><span>Email<\/span><\/a><\/li>\n<li class=\"share-print\"><a rel=\"nofollow noopener noreferrer\" data-shared=\"sharing-print-197956\" class=\"share-print sd-button share-icon no-text\" href=\"https:\/\/www.curierul.ro\/liga-florilor-scm-ramnicu-valcea-minaur-baia-mare-28-2618-14\/#print?share=print\" target=\"_blank\" aria-labelledby=\"sharing-print-197956\"><span id=\"sharing-print-197956\" hidden>Imprimare(Se deschide \u00eentr-o fereastr\u0103 nou\u0103)<\/span><span>Imprimare<\/span><\/a><\/li>\n<li class=\"share-end\"><\/ul>\n<\/div>\n<\/div>\n<\/div>\n<\/div>\n<\/div>\n<footer class=\"post-footer\">\n<div class=\"post-navigation clearfix\">\n<div class=\"previous-post\">\n<div class=\"featured-photo\"><img loading=\"lazy\" decoding=\"async\" width=\"1080\" height=\"1181\" src=\"https:\/\/www.curierul.ro\/wp-content\/uploads\/2026\/08\/IMG-20260829-WA0004.jpg\" class=\"attachment-post-thumbnail size-post-thumbnail wp-post-image\" alt data-wp-pid=\"197951\"><\/div>\n<p class=\"paginate-title\">\u00ab\u00ab <a href=\"https:\/\/www.curierul.ro\/liga-2-victorie-scm-ramnicu-valcea-bate-la-dumbravita-1-0-salcianu\/\" rel=\"prev\">LIGA 2. VICTORIE! SCM R\u00c2MNICU V\u00c2LCEA BATE LA DUMBR\u0102VI\u021aA. 1-0, S\u0102LCIANU<\/a><\/p>\n<\/div>\n<\/div>\n<div id=\"comments\" class=\"comments-area\">\n<div id=\"respond\" class=\"comment-respond\">\n<h3 id=\"reply-title\" class=\"comment-reply-title\">Las\u0103 un r\u0103spuns<\/h3>\n<p class=\"comment-notes\"><span id=\"email-notes\">Adresa ta de email nu va fi publicat\u0103.<\/span><span class=\"required-field-message\">C\u00e2mpurile obligatorii sunt marcate cu <span class=\"required\">*<\/span><\/span><\/p>\n<\/div>\n<p class=\"akismet_comment_form_privacy_notice\">Acest site folose\u0219te Akismet pentru a reduce spamul. <a href=\"https:\/\/akismet.com\/privacy\/\" target=\"_blank\" rel=\"nofollow noopener\">Afl\u0103 cum sunt procesate datele comentariilor tale<\/a>.<\/p>\n<\/div>\n<section class=\"latest-category clearfix\">\n<h2 class=\"title\">More Stories From Handbal<\/h2>\n<div class=\"stories-container\">\n<article id=\"related-197395\" class=\"story post-197395 post type-post status-publish format-standard has-post-thumbnail hentry category-handbal category-sport\">\n<div class=\"photo\"><img decoding=\"async\" width=\"735\" height=\"440\" src=\"https:\/\/www.curierul.ro\/wp-content\/uploads\/2026\/06\/SCM-handbal-735x440.jpeg\" class=\"attachment-giornalismo-single size-giornalismo-single wp-post-image\" alt loading=\"lazy\" data-wp-pid=\"197396\"><\/div>\n<p class=\"headline\"><a href=\"https:\/\/www.curierul.ro\/liga-florilor-programul-turului-pentru-scm-ramnicu-valcea-in-sezonul-2026-2027\/\">LIGA FLORILOR.<br \/>PROGRAMUL TURULUI PENTRU SCM R\u00c2MNICU V\u00c2LCEA \u00ceN SEZONUL 2026-2027<\/a><\/p>\n<\/article>\n<article id=\"related-197376\" class=\"story post-197376 post type-post status-publish format-standard has-post-thumbnail hentry category-handbal category-sport tag-cm-u20 tag-handbal tag-ildiko-barbu tag-jinzhong tag-sara-trusca\">\n<div class=\"photo\"><img decoding=\"async\" width=\"735\" height=\"440\" src=\"https:\/\/www.curierul.ro\/wp-content\/uploads\/2026\/06\/CHN26_Romania_Brazil__ER14625_-1030320002872--735x440.jpg\" class=\"attachment-giornalismo-single size-giornalismo-single wp-post-image\" alt loading=\"lazy\" data-wp-pid=\"197377\"><\/div>\n<p class=\"headline\"><a href=\"https:\/\/www.curierul.ro\/debut-cu-dreptul-al-nationalei-feminine-u20-de-handbal-a-romaniei-la-campionatul-mondial-de-la-jinzhong-china\/\">Debut cu dreptul al na\u021bionalei feminine U20 de handbal a Rom\u00e2niei la Campionatul Mondial de la Jinzhong\/China.<\/a><\/p>\n<\/article>\n<article id=\"related-197181\" class=\"story post-197181 post type-post status-publish format-standard has-post-thumbnail hentry category-handbal category-headlines category-sport\">\n<div class=\"photo\"><img decoding=\"async\" width=\"735\" height=\"440\" src=\"https:\/\/www.curierul.ro\/wp-content\/uploads\/2026\/06\/MIA-ZSCHOCKE-735x440.jpeg\" class=\"attachment-giornalismo-single size-giornalismo-single wp-post-image\" alt loading=\"lazy\" data-wp-pid=\"197182\"><\/div>\n<p class=\"headline\"><a href=\"https:\/\/www.curierul.ro\/mia-zschocke\/\">MIA ZSCHOCKE<\/a><\/p>\n<\/article>\n<\/div>\n<\/section>\n<section class=\"author-bio clearfix\">\n<div class=\"mug-shot\"><img decoding=\"async\" alt src=\"https:\/\/secure.gravatar.com\/avatar\/38348b3eaa7d589402948e297c539169e25c956b894b08c27e56c621c3536fa4?s=96&amp;d=mm&amp;r=g\" class=\"avatar avatar-96 photo\" height=\"96\" width=\"96\" loading=\"lazy\" data-pin-nopin=\"nopin\"><\/div>\n<div class=\"author-info\">\n<p class=\"title\">About Gabriel S\u0103ndulescu, <\/p>\n<div class=\"author-social-area\"><a href=\"mailto:gbrlsandulescu@yahoo.com\"><span class=\"fal fa-envelope\"><span class=\"screen-reader-text\">Email the Author<\/span><\/span><\/a><\/div>\n<\/div>\n<\/section>\n<\/footer>\n<\/article>\n<article id=\"197956\" class=\"post-197956 post type-post status-publish format-standard has-post-thumbnail hentry category-handbal category-headlines category-sport\">\n<header class=\"post-header\">\n<ul class=\"breadcrumbs\">\n<li><a href=\"https:\/\/www.curierul.ro\">Home<\/a><\/li>\n<li class=\"breadcrumbs-active .category-handbal\"><a href=\"https:\/\/www.curierul.ro\/index.php?cat=4\">Handbal<\/a><\/li>\n<li class=\"breadcrumbs-active .category-handbal\">LIGA FLORILOR. SCM R\u00c2MNICU V\u00c2LCEA \u2013 MINAUR BAIA MARE 28-26(18-14)<\/li>\n<\/ul>\n<div class=\"featured-photo\"><img loading=\"lazy\" decoding=\"async\" width=\"1220\" height=\"880\" src=\"https:\/\/www.curierul.ro\/wp-content\/uploads\/2026\/09\/SCM-Minaur-28-26.jpeg\" class=\"attachment-single size-single wp-post-image\" alt data-wp-pid=\"197957\"><\/div>\n<h1 class=\"headline\">LIGA FLORILOR. SCM R\u00c2MNICU V\u00c2LCEA \u2013 MINAUR BAIA MARE 28-26(18-14)<\/h1>\n<p class=\"byline\">\n\t\tScris de<a href=\"https:\/\/www.curierul.ro\/author\/gabi\/\">Gabriel S\u0103ndulescu<\/a>, \t\t1 septembrie 2026\t\t\t\t<\/p>\n<hr>\n<\/header>\n<p class=\"wp-block-paragraph\">Sezonul trecut, V\u00e2lcea b\u0103tea stra\u0219nic de dou\u0103 ori Baia Mare, cu +7 \u0219i +8. Ieri, anticipata diferen\u021b\u0103 de valoare s-a sub\u021biat p\u00e2n\u0103 la oftatul de u\u0219urare al spectatorilor din sala Traian la ratarea ultimului atac al oaspetelor. A fost 28-26, dup\u0103 o partid\u0103 ardent\u0103, cu ceva gre\u0219eli tehnice de ambele p\u0103r\u021bi, \u00eencheiat\u0103 cu impresia c\u0103 echipa v\u00e2lcean\u0103 \u00eenc\u0103 se caut\u0103, \u00een special pe jocul de atac. Bune ambele ap\u0103r\u0103ri, Arntzen pare \u00een cre\u0219tere fa\u021b\u0103 de s\u0103pt\u0103m\u00e2na trecut\u0103.<\/p>\n<p>Remarcabil\u0103 presta\u021bia Cristinei Florica \u00een prima repriz\u0103. Zaadi a \u00eencercat din nou cu Tuva pe dreapta \u0219i le-a ie\u0219it. Totu\u0219i, multe rat\u0103ri din pozi\u021bii clare pentru SCM. \u201eAm ratat prea mult\u201d nu mai poate fi o scuz\u0103, chiar dac\u0103 poarta nu a \u021binut pe tot parcursul meciului. Julia Maidhof s-a ar\u0103tat decisiv\u0103 \u00een finalul reprizei, c\u00e2nd V\u00e2lcea s-a deta\u0219at la patru goluri, diferen\u021b\u0103 ce se va dovedi decisiv\u0103. Cred c\u0103 juc\u0103toarea german\u0103 a fost MVP-ul v\u00e2lcean ieri.<\/p>\n<p class=\"wp-block-paragraph\">Repriza a doua a \u00eenceput cam la fel ca prima, cu nereu\u0219ite v\u00e2lcene. Teodora Damian, joc bun in atac, a marcat dou\u0103 goluri frumoase, urmare a colabor\u0103rii \u00een vitez\u0103 cu Mille Porsmyr \u0219i tabela se str\u00e2ngea periculos pentru V\u00e2lcea. SCM a \u00eenceput cu doi centri, Smits \u0219i Zaadi, \u0219i cam a\u0219a a tinut-o ultimele 30 minute. Din p\u0103cate, cu doar 10 goluri marcate, jocul de atac a suferit, lipsind ac\u021biunile pe extrem\u0103, dar \u0219i \u00eencrederea interilor. P\u00e2n\u0103 la urm\u0103, beneficiind \u0219i de unele gre\u0219eli ale b\u0103im\u0103rencelor \u0219i de eliminarea corect\u0103 a lui Mi\u021bicu\u0219 din ultimele minute, CSM a \u021binut la distan\u021b\u0103 Minaur, pentru o victorie meritat\u0103 \u0219i logic\u0103.<\/p>\n<p class=\"wp-block-paragraph\">Marcatoare:<\/p>\n<p class=\"wp-block-paragraph\">\ud83d\udc49SCM R\u00e2mnicu V\u00e2lcea: Hove 5, Maidhof 5, Smits 4, Zaadi 4, Florica 4, Dekker 1, Wulff 1, Lykkegaard 1, Stoica 1, Tamires 1, Sajka 1.<br \/>Poarta: Bartulovic \u2013 3\/20, eficien\u021b\u0103 15%, Krogh 1\/9, eficien\u021b\u0103 11%<\/p>\n<p class=\"wp-block-paragraph\">\ud83d\udc49Minaur Baia Mare: Quintino 5, Ilyna 5, Damian 4, Rodriguez 4, Porsmyr 3, Rusten 2, Spugnini 2, Da Costa 1.<br \/>Poarta:Kapitanovic \u2013 9\/36, eficien\u021b\u0103 25%<\/p>\n<p class=\"wp-block-paragraph\">\ud83d\udcccS\u00e2mb\u0103t\u0103, 5 septembrie, SCM R\u00e2mnicu V\u00e2lcea \u2013 HC Zal\u0103u, se pare c\u0103 de la ora 12,00. Ce or\u0103 imposibil\u0103!<\/p>\n<div class=\"sharedaddy sd-sharing-enabled\">\n<div class=\"robots-nocontent sd-block sd-social sd-social-icon sd-sharing\">\n<h3 class=\"sd-title\">Distribuie pe:<\/h3>\n<div class=\"sd-content\">\n<ul>\n<li class=\"share-facebook\"><a rel=\"nofollow noopener noreferrer\" data-shared=\"sharing-facebook-197956\" class=\"share-facebook sd-button share-icon no-text\" href=\"https:\/\/www.curierul.ro\/liga-florilor-scm-ramnicu-valcea-minaur-baia-mare-28-2618-14\/?share=facebook\" target=\"_blank\" aria-labelledby=\"sharing-facebook-197956\"><span id=\"sharing-facebook-197956\" hidden>Partajeaz\u0103 pe Facebook(Se deschide \u00eentr-o fereastr\u0103 nou\u0103)<\/span><span>Facebook<\/span><\/a><\/li>\n<li class=\"share-twitter\"><a rel=\"nofollow noopener noreferrer\" data-shared=\"sharing-twitter-197956\" class=\"share-twitter sd-button share-icon no-text\" href=\"https:\/\/www.curierul.ro\/liga-florilor-scm-ramnicu-valcea-minaur-baia-mare-28-2618-14\/?share=twitter\" target=\"_blank\" aria-labelledby=\"sharing-twitter-197956\"><span id=\"sharing-twitter-197956\" hidden>Partajeaz\u0103 pe X(Se deschide \u00eentr-o fereastr\u0103 nou\u0103)<\/span><span>X<\/span><\/a><\/li>\n<li class=\"share-jetpack-whatsapp\"><a rel=\"nofollow noopener noreferrer\" data-shared=\"sharing-whatsapp-197956\" class=\"share-jetpack-whatsapp sd-button share-icon no-text\" href=\"https:\/\/www.curierul.ro\/liga-florilor-scm-ramnicu-valcea-minaur-baia-mare-28-2618-14\/?share=jetpack-whatsapp\" target=\"_blank\" aria-labelledby=\"sharing-whatsapp-197956\"><span id=\"sharing-whatsapp-197956\" hidden>Partajeaz\u0103 prin WhatsApp(Se deschide \u00eentr-o fereastr\u0103 nou\u0103)<\/span><span>WhatsApp<\/span><\/a><\/li>\n<li><a href=\"https:\/\/www.curierul.ro\/liga-florilor-scm-ramnicu-valcea-minaur-baia-mare-28-2618-14\/\" class=\"sharing-anchor sd-button share-more\"><span>Mai mult<\/span><\/a><\/li>\n<li class=\"share-end\"><\/ul>\n<div class=\"sharing-hidden\">\n<div class=\"inner\">\n<ul>\n<li class=\"share-email\"><a rel=\"nofollow noopener noreferrer\" data-shared=\"sharing-email-197956\" class=\"share-email sd-button share-icon no-text\" href=\"mailto:?subject=%5BArticol%20partajat%5D%20LIGA%20FLORILOR.%20SCM%20R%C3%82MNICU%20V%C3%82LCEA%20-%20MINAUR%20BAIA%20MARE%2028-26%2818-14%29&amp;body=https%3A%2F%2Fwww.curierul.ro%2Fliga-florilor-scm-ramnicu-valcea-minaur-baia-mare-28-2618-14%2F&amp;share=email\" target=\"_blank\" aria-labelledby=\"sharing-email-197956\" data-email-share-error-title=\"\u021ai-ai configurat emailul?\" data-email-share-error-text=\"Dac\u0103 ai probleme la partajarea prin email, probabil nu ai configurat emailul pentru navigator. Poate trebuie s\u0103 creezi singur un email nou.\" data-email-share-nonce=\"9c876ee2e2\" data-email-share-track-url=\"https:\/\/www.curierul.ro\/liga-florilor-scm-ramnicu-valcea-minaur-baia-mare-28-2618-14\/?share=email\"><span id=\"sharing-email-197956\" hidden>Trimite unui prieten un email cu o leg\u0103tur\u0103(Se deschide \u00eentr-o fereastr\u0103 nou\u0103)<\/span><span>Email<\/span><\/a><\/li>\n<li class=\"share-print\"><a rel=\"nofollow noopener noreferrer\" data-shared=\"sharing-print-197956\" class=\"share-print sd-button share-icon no-text\" href=\"https:\/\/www.curierul.ro\/liga-florilor-scm-ramnicu-valcea-minaur-baia-mare-28-2618-14\/#print?share=print\" target=\"_blank\" aria-labelledby=\"sharing-print-197956\"><span id=\"sharing-print-197956\" hidden>Imprimare(Se deschide \u00eentr-o fereastr\u0103 nou\u0103)<\/span><span>Imprimare<\/span><\/a><\/li>\n<li class=\"share-end\"><\/ul>\n<\/div>\n<\/div>\n<\/div>\n<\/div>\n<\/div>\n<footer class=\"post-footer\">\n<div class=\"post-navigation clearfix\">\n<div class=\"previous-post\">\n<div class=\"featured-photo\"><img loading=\"lazy\" decoding=\"async\" width=\"1080\" height=\"1181\" src=\"https:\/\/www.curierul.ro\/wp-content\/uploads\/2026\/08\/IMG-20260829-WA0004.jpg\" class=\"attachment-post-thumbnail size-post-thumbnail wp-post-image\" alt data-wp-pid=\"197951\"><\/div>\n<p class=\"paginate-title\">\u00ab\u00ab <a href=\"https:\/\/www.curierul.ro\/liga-2-victorie-scm-ramnicu-valcea-bate-la-dumbravita-1-0-salcianu\/\" rel=\"prev\">LIGA 2. VICTORIE! SCM R\u00c2MNICU V\u00c2LCEA BATE LA DUMBR\u0102VI\u021aA. 1-0, S\u0102LCIANU<\/a><\/p>\n<\/div>\n<\/div>\n<div id=\"comments\" class=\"comments-area\">\n<div id=\"respond\" class=\"comment-respond\">\n<h3 id=\"reply-title\" class=\"comment-reply-title\">Las\u0103 un r\u0103spuns<\/h3>\n<p class=\"comment-notes\"><span id=\"email-notes\">Adresa ta de email nu va fi publicat\u0103.<\/span><span class=\"required-field-message\">C\u00e2mpurile obligatorii sunt marcate cu <span class=\"required\">*<\/span><\/span><\/p>\n<\/div>\n<p class=\"akismet_comment_form_privacy_notice\">Acest site folose\u0219te Akismet pentru a reduce spamul. <a href=\"https:\/\/akismet.com\/privacy\/\" target=\"_blank\" rel=\"nofollow noopener\">Afl\u0103 cum sunt procesate datele comentariilor tale<\/a>.<\/p>\n<\/div>\n<section class=\"latest-category clearfix\">\n<h2 class=\"title\">More Stories From Handbal<\/h2>\n<div class=\"stories-container\">\n<article id=\"related-197395\" class=\"story post-197395 post type-post status-publish format-standard has-post-thumbnail hentry category-handbal category-sport\">\n<div class=\"photo\"><img decoding=\"async\" width=\"735\" height=\"440\" src=\"https:\/\/www.curierul.ro\/wp-content\/uploads\/2026\/06\/SCM-handbal-735x440.jpeg\" class=\"attachment-giornalismo-single size-giornalismo-single wp-post-image\" alt loading=\"lazy\" data-wp-pid=\"197396\"><\/div>\n<p class=\"headline\"><a href=\"https:\/\/www.curierul.ro\/liga-florilor-programul-turului-pentru-scm-ramnicu-valcea-in-sezonul-2026-2027\/\">LIGA FLORILOR.<br \/>PROGRAMUL TURULUI PENTRU SCM R\u00c2MNICU V\u00c2LCEA \u00ceN SEZONUL 2026-2027<\/a><\/p>\n<\/article>\n<article id=\"related-197376\" class=\"story post-197376 post type-post status-publish format-standard has-post-thumbnail hentry category-handbal category-sport tag-cm-u20 tag-handbal tag-ildiko-barbu tag-jinzhong tag-sara-trusca\">\n<div class=\"photo\"><img decoding=\"async\" width=\"735\" height=\"440\" src=\"https:\/\/www.curierul.ro\/wp-content\/uploads\/2026\/06\/CHN26_Romania_Brazil__ER14625_-1030320002872--735x440.jpg\" class=\"attachment-giornalismo-single size-giornalismo-single wp-post-image\" alt loading=\"lazy\" data-wp-pid=\"197377\"><\/div>\n<p class=\"headline\"><a href=\"https:\/\/www.curierul.ro\/debut-cu-dreptul-al-nationalei-feminine-u20-de-handbal-a-romaniei-la-campionatul-mondial-de-la-jinzhong-china\/\">Debut cu dreptul al na\u021bionalei feminine U20 de handbal a Rom\u00e2niei la Campionatul Mondial de la Jinzhong\/China.<\/a><\/p>\n<\/article>\n<article id=\"related-197181\" class=\"story post-197181 post type-post status-publish format-standard has-post-thumbnail hentry category-handbal category-headlines category-sport\">\n<div class=\"photo\"><img decoding=\"async\" width=\"735\" height=\"440\" src=\"https:\/\/www.curierul.ro\/wp-content\/uploads\/2026\/06\/MIA-ZSCHOCKE-735x440.jpeg\" class=\"attachment-giornalismo-single size-giornalismo-single wp-post-image\" alt loading=\"lazy\" data-wp-pid=\"197182\"><\/div>\n<p class=\"headline\"><a href=\"https:\/\/www.curierul.ro\/mia-zschocke\/\">MIA ZSCHOCKE<\/a><\/p>\n<\/article>\n<\/div>\n<\/section>\n<section class=\"author-bio clearfix\">\n<div class=\"mug-shot\"><img decoding=\"async\" alt src=\"https:\/\/secure.gravatar.com\/avatar\/38348b3eaa7d589402948e297c539169e25c956b894b08c27e56c621c3536fa4?s=96&amp;d=mm&amp;r=g\" class=\"avatar avatar-96 photo\" height=\"96\" width=\"96\" loading=\"lazy\" data-pin-nopin=\"nopin\"><\/div>\n<div class=\"author-info\">\n<p class=\"title\">About Gabriel S\u0103ndulescu, <\/p>\n<div class=\"author-social-area\"><a href=\"mailto:gbrlsandulescu@yahoo.com\"><span class=\"fal fa-envelope\"><span class=\"screen-reader-text\">Email the Author<\/span><\/span><\/a><\/div>\n<\/div>\n<\/section>\n<\/footer>\n<\/article>\n<article id=\"related-197395\" class=\"story post-197395 post type-post status-publish format-standard has-post-thumbnail hentry category-handbal category-sport\">\n<div class=\"photo\"><img decoding=\"async\" width=\"735\" height=\"440\" src=\"https:\/\/www.curierul.ro\/wp-content\/uploads\/2026\/06\/SCM-handbal-735x440.jpeg\" class=\"attachment-giornalismo-single size-giornalismo-single wp-post-image\" alt loading=\"lazy\" data-wp-pid=\"197396\"><\/div>\n<p class=\"headline\"><a href=\"https:\/\/www.curierul.ro\/liga-florilor-programul-turului-pentru-scm-ramnicu-valcea-in-sezonul-2026-2027\/\">LIGA FLORILOR.<br \/>PROGRAMUL TURULUI PENTRU SCM R\u00c2MNICU V\u00c2LCEA \u00ceN SEZONUL 2026-2027<\/a><\/p>\n<\/article>\n<article id=\"related-197376\" class=\"story post-197376 post type-post status-publish format-standard has-post-thumbnail hentry category-handbal category-sport tag-cm-u20 tag-handbal tag-ildiko-barbu tag-jinzhong tag-sara-trusca\">\n<div class=\"photo\"><img decoding=\"async\" width=\"735\" height=\"440\" src=\"https:\/\/www.curierul.ro\/wp-content\/uploads\/2026\/06\/CHN26_Romania_Brazil__ER14625_-1030320002872--735x440.jpg\" class=\"attachment-giornalismo-single size-giornalismo-single wp-post-image\" alt loading=\"lazy\" data-wp-pid=\"197377\"><\/div>\n<p class=\"headline\"><a href=\"https:\/\/www.curierul.ro\/debut-cu-dreptul-al-nationalei-feminine-u20-de-handbal-a-romaniei-la-campionatul-mondial-de-la-jinzhong-china\/\">Debut cu dreptul al na\u021bionalei feminine U20 de handbal a Rom\u00e2niei la Campionatul Mondial de la Jinzhong\/China.<\/a><\/p>\n<\/article>\n<article id=\"related-197181\" class=\"story post-197181 post type-post status-publish format-standard has-post-thumbnail hentry category-handbal category-headlines category-sport\">\n<div class=\"photo\"><img decoding=\"async\" width=\"735\" height=\"440\" src=\"https:\/\/www.curierul.ro\/wp-content\/uploads\/2026\/06\/MIA-ZSCHOCKE-735x440.jpeg\" class=\"attachment-giornalismo-single size-giornalismo-single wp-post-image\" alt loading=\"lazy\" data-wp-pid=\"197182\"><\/div>\n<p class=\"headline\"><a href=\"https:\/\/www.curierul.ro\/mia-zschocke\/\">MIA ZSCHOCKE<\/a><\/p>\n<\/article>\n<p>[analyse_source url=&#8221;https:\/\/www.curierul.ro\/liga-florilor-scm-ramnicu-valcea-minaur-baia-mare-28-2618-14\/&#8221;]<\/p>\n","protected":false},"excerpt":{"rendered":"<p>[analyse_image type=&#8221;featured&#8221; src=&#8221;https:\/\/www.curierul.ro\/wp-content\/uploads\/2026\/09\/SCM-Minaur-28-26-1200&#215;628.jpeghttps:\/\/www.curierul.ro\/wp-content\/uploads\/2026\/09\/SCM-Minaur-28-26.jpeg&#8221;] Home Handbal LIGA FLORILOR. SCM R\u00c2MNICU V\u00c2LCEA \u2013 MINAUR BAIA MARE 28-26(18-14) LIGA FLORILOR. SCM R\u00c2MNICU V\u00c2LCEA \u2013 MINAUR BAIA MARE 28-26(18-14) Scris deGabriel S\u0103ndulescu, 1 septembrie 2026 Sezonul trecut, V\u00e2lcea b\u0103tea stra\u0219nic de dou\u0103 ori Baia Mare, cu +7 \u0219i +8. Ieri, anticipata diferen\u021b\u0103 de valoare s-a sub\u021biat p\u00e2n\u0103 la oftatul [&hellip;]<\/p>\n","protected":false},"author":1,"featured_media":0,"comment_status":"open","ping_status":"","sticky":false,"template":"","format":"standard","meta":{"footnotes":""},"categories":[89],"tags":[226,213],"class_list":["post-2123428","post","type-post","status-publish","format-standard","hentry","category-romania","tag-crawlmanager","tag-curierul-ro"],"_links":{"self":[{"href":"https:\/\/analyse.optim.biz\/index.php?rest_route=\/wp\/v2\/posts\/2123428","targetHints":{"allow":["GET"]}}],"collection":[{"href":"https:\/\/analyse.optim.biz\/index.php?rest_route=\/wp\/v2\/posts"}],"about":[{"href":"https:\/\/analyse.optim.biz\/index.php?rest_route=\/wp\/v2\/types\/post"}],"author":[{"embeddable":true,"href":"https:\/\/analyse.optim.biz\/index.php?rest_route=\/wp\/v2\/users\/1"}],"replies":[{"embeddable":true,"href":"https:\/\/analyse.optim.biz\/index.php?rest_route=%2Fwp%2Fv2%2Fcomments&post=2123428"}],"version-history":[{"count":0,"href":"https:\/\/analyse.optim.biz\/index.php?rest_route=\/wp\/v2\/posts\/2123428\/revisions"}],"wp:attachment":[{"href":"https:\/\/analyse.optim.biz\/index.php?rest_route=%2Fwp%2Fv2%2Fmedia&parent=2123428"}],"wp:term":[{"taxonomy":"category","embeddable":true,"href":"https:\/\/analyse.optim.biz\/index.php?rest_route=%2Fwp%2Fv2%2Fcategories&post=2123428"},{"taxonomy":"post_tag","embeddable":true,"href":"https:\/\/analyse.optim.biz\/index.php?rest_route=%2Fwp%2Fv2%2Ftags&post=2123428"}],"curies":[{"name":"wp","href":"https:\/\/api.w.org\/{rel}","templated":true}]}}