{"id":2123426,"date":"2026-08-31T06:36:52","date_gmt":"2026-08-31T03:36:52","guid":{"rendered":"https:\/\/analyse.optim.biz\/?p=2123426"},"modified":"2026-08-31T06:36:52","modified_gmt":"2026-08-31T03:36:52","slug":"ai-jurat-stramb-esti-o-rusine-pentru-timisoara-si-tara-asta-mihai-fifor-atac-devastator-la-dominic-fritz","status":"publish","type":"post","link":"https:\/\/analyse.optim.biz\/?p=2123426","title":{"rendered":"\u201eAi jurat str\u00e2mb! E\u0219ti o ru\u0219ine pentru Timi\u0219oara \u0219i \u021bara asta.\u201d Mihai Fifor, atac devastator la Dominic Fritz"},"content":{"rendered":"<p>[analyse_image type=&#8221;featured&#8221; src=&#8221;https:\/\/cdn.expressdebanat.ro\/wp-content\/uploads\/2026\/08\/mihai-fifor-psd-arad.jpg&#8221;]<\/p>\n<div id=\"post-area\" class=\"post-982039 post type-post status-publish format-standard has-post-thumbnail hentry category-arad category-politica category-timis category-timisoara tag-dominic-fritz tag-important tag-legea-ani tag-mihai-fifor tag-psd tag-timisoara\">\n<div id=\"social-box\">\n<ul class=\"post-social\">\n<li class=\"social-share-button\">\n<li class=\"social-share-button\">\n<li class=\"social-share-button\"><\/ul>\n<\/div>\n<div id=\"content-area\">\n<div class=\"post-image\"><img loading=\"lazy\" decoding=\"async\" width=\"620\" height=\"400\" src=\"https:\/\/cdn.expressdebanat.ro\/wp-content\/uploads\/2026\/08\/mihai-fifor-psd-arad-620x400.jpg\" class=\"attachment-post-thumb size-post-thumb wp-post-image perfmatters-lazy\" alt=\"mihai fifor psd arad\"><img loading=\"lazy\" decoding=\"async\" width=\"620\" height=\"400\" src=\"https:\/\/cdn.expressdebanat.ro\/wp-content\/uploads\/2026\/08\/mihai-fifor-psd-arad-620x400.jpg\" class=\"attachment-post-thumb size-post-thumb wp-post-image\" alt=\"mihai fifor psd arad\"><\/div>\n<p><strong>Deputatul PSD de Arad Mihai Fifor \u00eel acuz\u0103 pe Dominic Fritz c\u0103 se ascunde \u00een spatele Timi\u0219oarei \u0219i folose\u0219te Revolu\u021bia din 1989 ca s\u0103 \u00ee\u0219i apere pozi\u021bia. Fifor \u00eei spune primarului c\u0103 \u201ea jurat str\u00e2mb\u201d \u0219i c\u0103 este \u201eo ru\u0219ine pentru Timi\u0219oara \u0219i pentru \u021bara asta\u201d.<\/strong><\/p>\n<p class=\"isSelectedEnd\">Fifor \u00eei repro\u0219eaz\u0103 lui Fritz faptul c\u0103 vorbe\u0219te despre <em>\u201elegea anti-Timi\u0219oara\u201d<\/em>, \u00een condi\u021biile \u00een care, spune deputatul PSD, situa\u021bia primarului este una personal\u0103 \u0219i juridic\u0103.<\/p>\n<p class=\"isSelectedEnd\"><em>\u201eCum \u00ee\u021bi permi\u021bi tu, ast\u0103zi, s\u0103 vii s\u0103 spui c\u0103 cineva \u00een \u021bara asta face o \u00ablege anti-Timi\u0219oara\u00bb? Ce \u0219tii tu despre Timi\u0219oara, Fritz? Ce \u0219tii despre sacrificiul acestui ora\u0219, despre memoria lui, despre oamenii lui? Ce \u0219tii tu \u00een afar\u0103 de propaganda ieftin\u0103 \u0219i de felul \u00een care ai \u00eenv\u0103\u021bat s\u0103 folose\u0219ti simbolurile Timi\u0219oarei pentru propria ta carier\u0103 politic\u0103? <\/em><em>Te-ai c\u0103\u021b\u0103rat oportunist pe un val \u0219i ai ajuns primar. Foarte bine. Dar Timi\u0219oara nu \u00eencepe cu tine \u0219i nu se termin\u0103 cu tine. \u0218i, mai ales, tu NU e\u0219ti Timi\u0219oara!\u201d<\/em>, a scris deputatul PSD de Arad Mihai Fifor, pe re\u021belele sociale.<\/p>\n<p class=\"isSelectedEnd\">Parlamentarul PSD \u00eel acuz\u0103 apoi pe Fritz c\u0103 \u00ee\u0219i folose\u0219te voturile primite ca s\u0103 conteste efectele noii legi ANI.<\/p>\n<p class=\"isSelectedEnd\"><em>\u201eI-ai min\u021bit pe timi\u0219oreni. Le-ai promis corectitudine, integritate, respect pentru lege. Le-ai cerut \u00eencrederea spun\u00e2ndu-le c\u0103 tu reprezin\u021bi un alt fel de a face politic\u0103. \u0218i tocmai tu ai fost cel care a \u00eenc\u0103lcat legea pe care pretindeai c\u0103 o aperi. <\/em><em>A\u0219a c\u0103 nu legea \u00abscuip\u0103\u00bb pe voturile timi\u0219orenilor, Fritz. Tu ai scuipat pe voturile lor. \u00cen clipa \u00een care le-ai cerut \u00eencrederea \u00een numele corectitudinii \u0219i integrit\u0103\u021bii, iar apoi ai \u00eenc\u0103lcat legea, tu ai fost cel care a nesocotit \u00eencrederea oamenilor care te-au votat. <\/em><em>Asum\u0103-\u021bi! \u0218i suport\u0103 consecin\u021bele!\u201d<\/em>, continu\u0103 Fifor.<\/p>\n<p class=\"isSelectedEnd\">PSD-istul \u00eei cere lui Fritz s\u0103 nu transforme situa\u021bia sa juridic\u0103 \u00eentr-un conflict \u00eentre autorit\u0103\u021bile statului \u0219i Timi\u0219oara.<\/p>\n<p class=\"isSelectedEnd\"><em>\u201eNu transforma propria r\u0103spundere \u00eentr-o ofens\u0103 adus\u0103 Timi\u0219oarei \u0219i nu-i folosi pe timi\u0219oreni drept scut pentru a te ap\u0103ra de consecin\u021bele propriilor fapte. Ai cerut voturi \u00een numele integrit\u0103\u021bii \u0219i acum te aperi de consecin\u021bele propriei \u00eenc\u0103lc\u0103ri a legii invoc\u00e2nd tocmai voturile celor care te-au ales.\u201d,\u00a0<\/em>a mai scris Fifor.<\/p>\n<p>Deputatul PSD \u00ee\u0219i \u00eencheie mesajul cu un atac direct la adresa lui Dominic Fritz:<\/p>\n<p class=\"isSelectedEnd\"><em>\u201eFritz, ai \u00eenc\u0103lcat legea \u00een aceast\u0103 \u021bar\u0103. (\u2026) \u00cen loc s\u0103 r\u0103spunzi pentru propriile fapte, te ascunzi \u00een spatele Timi\u0219oarei. \u00ce\u021bi transformi propria situa\u021bie juridic\u0103 \u00eentr-un atac asupra unui ora\u0219 \u00eentreg. \u00ce\u021bi transformi func\u021bia \u00eentr-un scut \u0219i Timi\u0219oara \u00eentr-un argument de ap\u0103rare personal\u0103. NU! NU tu e\u0219ti Timi\u0219oara, Fritz. <\/em><\/p>\n<p class=\"isSelectedEnd\"><em>Ai jurat credin\u021b\u0103 Rom\u00e2niei. Ai jurat s\u0103 fii devotat patriei \u0219i poporului rom\u00e2n. Ai jurat s\u0103 respec\u021bi Constitu\u021bia \u0219i legile Rom\u00e2niei. Ai jurat s\u0103 fii un bun rom\u00e2n. \u0218i ai jurat str\u00e2mb. (\u2026)<\/em><\/p>\n<p class=\"isSelectedEnd\"><em>Fritz, e\u0219ti o ru\u0219ine pentru Timi\u0219oara \u0219i pentru \u021bara asta. (\u2026) Timi\u0219oara \u00eenseamn\u0103 infinit mai mult dec\u00e2t un primar vremelnic \u0219i propaganda lui m\u00e2r\u0219av\u0103. Nu tu e\u0219ti Timi\u0219oara, Fritz! Bag\u0103 bine la cap lucrul \u0103sta!!!\u201d<\/em><\/p>\n<\/div>\n<div id=\"social-box\">\n<ul class=\"post-social\">\n<li class=\"fb-line\">\n<li><a href=\"http:\/\/twitter.com\/share\" class=\"twitter-share-button\" data-lang=\"en\" data-count=\"horizontal\">Tweet<\/a><\/li>\n<li>\n<li><a href=\"http:\/\/pinterest.com\/pin\/create\/button\/?url=https%3A%2F%2Fexpressdebanat.ro%2Fai-jurat-stramb-esti-o-rusine-pentru-timisoara-si-tara-asta-mihai-fifor-atac-devastator-la-dominic-fritz%2F&amp;media=https:\/\/cdn.expressdebanat.ro\/wp-content\/uploads\/2026\/08\/mihai-fifor-psd-arad.jpg&amp;description=%E2%80%9EAi%20jurat%20str%C3%A2mb!%20E%C8%99ti%20o%20ru%C8%99ine%20pentru%20Timi%C8%99oara%20%C8%99i%20%C8%9Bara%20asta.%E2%80%9D%20Mihai%20Fifor,%20atac%20devastator%20la%20Dominic%20Fritz\" class=\"pin-it-button\">Pin It<\/a><\/li>\n<\/ul>\n<\/div>\n<\/div>\n<div id=\"content-area\">\n<div class=\"post-image\"><img loading=\"lazy\" decoding=\"async\" width=\"620\" height=\"400\" src=\"https:\/\/cdn.expressdebanat.ro\/wp-content\/uploads\/2026\/08\/mihai-fifor-psd-arad-620x400.jpg\" class=\"attachment-post-thumb size-post-thumb wp-post-image perfmatters-lazy\" alt=\"mihai fifor psd arad\"><img loading=\"lazy\" decoding=\"async\" width=\"620\" height=\"400\" src=\"https:\/\/cdn.expressdebanat.ro\/wp-content\/uploads\/2026\/08\/mihai-fifor-psd-arad-620x400.jpg\" class=\"attachment-post-thumb size-post-thumb wp-post-image\" alt=\"mihai fifor psd arad\"><\/div>\n<p><strong>Deputatul PSD de Arad Mihai Fifor \u00eel acuz\u0103 pe Dominic Fritz c\u0103 se ascunde \u00een spatele Timi\u0219oarei \u0219i folose\u0219te Revolu\u021bia din 1989 ca s\u0103 \u00ee\u0219i apere pozi\u021bia. Fifor \u00eei spune primarului c\u0103 \u201ea jurat str\u00e2mb\u201d \u0219i c\u0103 este \u201eo ru\u0219ine pentru Timi\u0219oara \u0219i pentru \u021bara asta\u201d.<\/strong><\/p>\n<p class=\"isSelectedEnd\">Fifor \u00eei repro\u0219eaz\u0103 lui Fritz faptul c\u0103 vorbe\u0219te despre <em>\u201elegea anti-Timi\u0219oara\u201d<\/em>, \u00een condi\u021biile \u00een care, spune deputatul PSD, situa\u021bia primarului este una personal\u0103 \u0219i juridic\u0103.<\/p>\n<p class=\"isSelectedEnd\"><em>\u201eCum \u00ee\u021bi permi\u021bi tu, ast\u0103zi, s\u0103 vii s\u0103 spui c\u0103 cineva \u00een \u021bara asta face o \u00ablege anti-Timi\u0219oara\u00bb? Ce \u0219tii tu despre Timi\u0219oara, Fritz? Ce \u0219tii despre sacrificiul acestui ora\u0219, despre memoria lui, despre oamenii lui? Ce \u0219tii tu \u00een afar\u0103 de propaganda ieftin\u0103 \u0219i de felul \u00een care ai \u00eenv\u0103\u021bat s\u0103 folose\u0219ti simbolurile Timi\u0219oarei pentru propria ta carier\u0103 politic\u0103? <\/em><em>Te-ai c\u0103\u021b\u0103rat oportunist pe un val \u0219i ai ajuns primar. Foarte bine. Dar Timi\u0219oara nu \u00eencepe cu tine \u0219i nu se termin\u0103 cu tine. \u0218i, mai ales, tu NU e\u0219ti Timi\u0219oara!\u201d<\/em>, a scris deputatul PSD de Arad Mihai Fifor, pe re\u021belele sociale.<\/p>\n<p class=\"isSelectedEnd\">Parlamentarul PSD \u00eel acuz\u0103 apoi pe Fritz c\u0103 \u00ee\u0219i folose\u0219te voturile primite ca s\u0103 conteste efectele noii legi ANI.<\/p>\n<p class=\"isSelectedEnd\"><em>\u201eI-ai min\u021bit pe timi\u0219oreni. Le-ai promis corectitudine, integritate, respect pentru lege. Le-ai cerut \u00eencrederea spun\u00e2ndu-le c\u0103 tu reprezin\u021bi un alt fel de a face politic\u0103. \u0218i tocmai tu ai fost cel care a \u00eenc\u0103lcat legea pe care pretindeai c\u0103 o aperi. <\/em><em>A\u0219a c\u0103 nu legea \u00abscuip\u0103\u00bb pe voturile timi\u0219orenilor, Fritz. Tu ai scuipat pe voturile lor. \u00cen clipa \u00een care le-ai cerut \u00eencrederea \u00een numele corectitudinii \u0219i integrit\u0103\u021bii, iar apoi ai \u00eenc\u0103lcat legea, tu ai fost cel care a nesocotit \u00eencrederea oamenilor care te-au votat. <\/em><em>Asum\u0103-\u021bi! \u0218i suport\u0103 consecin\u021bele!\u201d<\/em>, continu\u0103 Fifor.<\/p>\n<p class=\"isSelectedEnd\">PSD-istul \u00eei cere lui Fritz s\u0103 nu transforme situa\u021bia sa juridic\u0103 \u00eentr-un conflict \u00eentre autorit\u0103\u021bile statului \u0219i Timi\u0219oara.<\/p>\n<p class=\"isSelectedEnd\"><em>\u201eNu transforma propria r\u0103spundere \u00eentr-o ofens\u0103 adus\u0103 Timi\u0219oarei \u0219i nu-i folosi pe timi\u0219oreni drept scut pentru a te ap\u0103ra de consecin\u021bele propriilor fapte. Ai cerut voturi \u00een numele integrit\u0103\u021bii \u0219i acum te aperi de consecin\u021bele propriei \u00eenc\u0103lc\u0103ri a legii invoc\u00e2nd tocmai voturile celor care te-au ales.\u201d,\u00a0<\/em>a mai scris Fifor.<\/p>\n<p>Deputatul PSD \u00ee\u0219i \u00eencheie mesajul cu un atac direct la adresa lui Dominic Fritz:<\/p>\n<p class=\"isSelectedEnd\"><em>\u201eFritz, ai \u00eenc\u0103lcat legea \u00een aceast\u0103 \u021bar\u0103. (\u2026) \u00cen loc s\u0103 r\u0103spunzi pentru propriile fapte, te ascunzi \u00een spatele Timi\u0219oarei. \u00ce\u021bi transformi propria situa\u021bie juridic\u0103 \u00eentr-un atac asupra unui ora\u0219 \u00eentreg. \u00ce\u021bi transformi func\u021bia \u00eentr-un scut \u0219i Timi\u0219oara \u00eentr-un argument de ap\u0103rare personal\u0103. NU! NU tu e\u0219ti Timi\u0219oara, Fritz. <\/em><\/p>\n<p class=\"isSelectedEnd\"><em>Ai jurat credin\u021b\u0103 Rom\u00e2niei. Ai jurat s\u0103 fii devotat patriei \u0219i poporului rom\u00e2n. Ai jurat s\u0103 respec\u021bi Constitu\u021bia \u0219i legile Rom\u00e2niei. Ai jurat s\u0103 fii un bun rom\u00e2n. \u0218i ai jurat str\u00e2mb. (\u2026)<\/em><\/p>\n<p class=\"isSelectedEnd\"><em>Fritz, e\u0219ti o ru\u0219ine pentru Timi\u0219oara \u0219i pentru \u021bara asta. (\u2026) Timi\u0219oara \u00eenseamn\u0103 infinit mai mult dec\u00e2t un primar vremelnic \u0219i propaganda lui m\u00e2r\u0219av\u0103. Nu tu e\u0219ti Timi\u0219oara, Fritz! Bag\u0103 bine la cap lucrul \u0103sta!!!\u201d<\/em><\/p>\n<\/div>\n<p>[analyse_source url=&#8221;https:\/\/expressdebanat.ro\/ai-jurat-stramb-esti-o-rusine-pentru-timisoara-si-tara-asta-mihai-fifor-atac-devastator-la-dominic-fritz\/&#8221;]<\/p>\n","protected":false},"excerpt":{"rendered":"<p>[analyse_image type=&#8221;featured&#8221; src=&#8221;https:\/\/cdn.expressdebanat.ro\/wp-content\/uploads\/2026\/08\/mihai-fifor-psd-arad.jpg&#8221;] Deputatul PSD de Arad Mihai Fifor \u00eel acuz\u0103 pe Dominic Fritz c\u0103 se ascunde \u00een spatele Timi\u0219oarei \u0219i folose\u0219te Revolu\u021bia din 1989 ca s\u0103 \u00ee\u0219i apere pozi\u021bia. Fifor \u00eei spune primarului c\u0103 \u201ea jurat str\u00e2mb\u201d \u0219i c\u0103 este \u201eo ru\u0219ine pentru Timi\u0219oara \u0219i pentru \u021bara asta\u201d. Fifor \u00eei repro\u0219eaz\u0103 lui Fritz faptul [&hellip;]<\/p>\n","protected":false},"author":1,"featured_media":0,"comment_status":"open","ping_status":"","sticky":false,"template":"","format":"standard","meta":{"footnotes":""},"categories":[89],"tags":[226,196],"class_list":["post-2123426","post","type-post","status-publish","format-standard","hentry","category-romania","tag-crawlmanager","tag-expressdebanat-ro"],"_links":{"self":[{"href":"https:\/\/analyse.optim.biz\/index.php?rest_route=\/wp\/v2\/posts\/2123426","targetHints":{"allow":["GET"]}}],"collection":[{"href":"https:\/\/analyse.optim.biz\/index.php?rest_route=\/wp\/v2\/posts"}],"about":[{"href":"https:\/\/analyse.optim.biz\/index.php?rest_route=\/wp\/v2\/types\/post"}],"author":[{"embeddable":true,"href":"https:\/\/analyse.optim.biz\/index.php?rest_route=\/wp\/v2\/users\/1"}],"replies":[{"embeddable":true,"href":"https:\/\/analyse.optim.biz\/index.php?rest_route=%2Fwp%2Fv2%2Fcomments&post=2123426"}],"version-history":[{"count":0,"href":"https:\/\/analyse.optim.biz\/index.php?rest_route=\/wp\/v2\/posts\/2123426\/revisions"}],"wp:attachment":[{"href":"https:\/\/analyse.optim.biz\/index.php?rest_route=%2Fwp%2Fv2%2Fmedia&parent=2123426"}],"wp:term":[{"taxonomy":"category","embeddable":true,"href":"https:\/\/analyse.optim.biz\/index.php?rest_route=%2Fwp%2Fv2%2Fcategories&post=2123426"},{"taxonomy":"post_tag","embeddable":true,"href":"https:\/\/analyse.optim.biz\/index.php?rest_route=%2Fwp%2Fv2%2Ftags&post=2123426"}],"curies":[{"name":"wp","href":"https:\/\/api.w.org\/{rel}","templated":true}]}}